{"id":1803,"date":"2025-09-14T14:56:15","date_gmt":"2025-09-14T14:56:15","guid":{"rendered":"https:\/\/balatonkeresztur.plebania.hu\/?p=1803"},"modified":"2025-10-02T16:17:29","modified_gmt":"2025-10-02T16:17:29","slug":"miserend-valtozasa-2","status":"publish","type":"post","link":"https:\/\/balatonkeresztur.plebania.hu\/index.php\/2025\/09\/14\/miserend-valtozasa-2\/","title":{"rendered":"Miserend v\u00e1ltoz\u00e1sa!"},"content":{"rendered":"\n<p>A mai napt\u00f3l v\u00e1ltozik a h\u00e9tk\u00f6znapi szentmis\u00e9k rendje:<\/p>\n\n\n\n<p>Balatonkereszt\u00faron a pl\u00e9b\u00e1niatemplomban kedden \u00e9s szerd\u00e1n lesznek a szentmis\u00e9k, Balatonm\u00e1ri\u00e1n marad a cs\u00fct\u00f6rt\u00f6ki id\u0151pont. A szokott id\u0151ben (j\u00fan. 1-e \u00e9s szeptember 30-a k\u00f6z\u00f6tt 18 \u00f3rakor, okt. 1-je \u00e9s m\u00e1jus 31-e k\u00f6z\u00f6tt 17 \u00f3rakor) kezd\u0151dnek az esti szentmis\u00e9k.<\/p>\n\n\n\n<p><\/p>\n","protected":false},"excerpt":{"rendered":"<p>A mai napt\u00f3l v\u00e1ltozik a h\u00e9tk\u00f6znapi szentmis\u00e9k rendje: Balatonkereszt\u00faron a pl\u00e9b\u00e1niatemplomban kedden \u00e9s szerd\u00e1n lesznek a szentmis\u00e9k, Balatonm\u00e1ri\u00e1n marad a cs\u00fct\u00f6rt\u00f6ki id\u0151pont. A szokott id\u0151ben (j\u00fan. 1-e \u00e9s szeptember 30-a k\u00f6z\u00f6tt 18 \u00f3rakor, okt. 1-je \u00e9s m\u00e1jus 31-e k\u00f6z\u00f6tt 17 &hellip; <a href=\"https:\/\/balatonkeresztur.plebania.hu\/index.php\/2025\/09\/14\/miserend-valtozasa-2\/\">Egy kattint\u00e1s ide a folytat\u00e1shoz&#8230;. <span class=\"meta-nav\">&rarr;<\/span><\/a><\/p>\n","protected":false},"author":1,"featured_media":0,"comment_status":"closed","ping_status":"closed","sticky":false,"template":"","format":"standard","meta":{"footnotes":""},"categories":[1],"tags":[],"class_list":["post-1803","post","type-post","status-publish","format-standard","hentry","category-egyeb"],"_links":{"self":[{"href":"https:\/\/balatonkeresztur.plebania.hu\/index.php\/wp-json\/wp\/v2\/posts\/1803","targetHints":{"allow":["GET"]}}],"collection":[{"href":"https:\/\/balatonkeresztur.plebania.hu\/index.php\/wp-json\/wp\/v2\/posts"}],"about":[{"href":"https:\/\/balatonkeresztur.plebania.hu\/index.php\/wp-json\/wp\/v2\/types\/post"}],"author":[{"embeddable":true,"href":"https:\/\/balatonkeresztur.plebania.hu\/index.php\/wp-json\/wp\/v2\/users\/1"}],"replies":[{"embeddable":true,"href":"https:\/\/balatonkeresztur.plebania.hu\/index.php\/wp-json\/wp\/v2\/comments?post=1803"}],"version-history":[{"count":2,"href":"https:\/\/balatonkeresztur.plebania.hu\/index.php\/wp-json\/wp\/v2\/posts\/1803\/revisions"}],"predecessor-version":[{"id":1806,"href":"https:\/\/balatonkeresztur.plebania.hu\/index.php\/wp-json\/wp\/v2\/posts\/1803\/revisions\/1806"}],"wp:attachment":[{"href":"https:\/\/balatonkeresztur.plebania.hu\/index.php\/wp-json\/wp\/v2\/media?parent=1803"}],"wp:term":[{"taxonomy":"category","embeddable":true,"href":"https:\/\/balatonkeresztur.plebania.hu\/index.php\/wp-json\/wp\/v2\/categories?post=1803"},{"taxonomy":"post_tag","embeddable":true,"href":"https:\/\/balatonkeresztur.plebania.hu\/index.php\/wp-json\/wp\/v2\/tags?post=1803"}],"curies":[{"name":"wp","href":"https:\/\/api.w.org\/{rel}","templated":true}]}}