{"id":1778,"date":"2025-07-27T14:54:10","date_gmt":"2025-07-27T14:54:10","guid":{"rendered":"https:\/\/balatonkeresztur.plebania.hu\/?p=1778"},"modified":"2025-07-27T15:03:47","modified_gmt":"2025-07-27T15:03:47","slug":"ministransnap-4","status":"publish","type":"post","link":"https:\/\/balatonkeresztur.plebania.hu\/index.php\/2025\/07\/27\/ministransnap-4\/","title":{"rendered":"Ministr\u00e1nsnap"},"content":{"rendered":"\n<figure class=\"wp-block-image size-full is-resized is-style-rounded\"><a href=\"https:\/\/photos.app.goo.gl\/DFq281m8YCVtLLuJ6\" target=\"_blank\" rel=\" noreferrer noopener\"><img loading=\"lazy\" decoding=\"async\" width=\"800\" height=\"600\" src=\"https:\/\/balatonkeresztur.plebania.hu\/wp-content\/uploads\/2025\/07\/minnyito.jpg\" alt=\"\" class=\"wp-image-1779\" style=\"width:582px;height:auto\" srcset=\"https:\/\/balatonkeresztur.plebania.hu\/wp-content\/uploads\/2025\/07\/minnyito.jpg 800w, https:\/\/balatonkeresztur.plebania.hu\/wp-content\/uploads\/2025\/07\/minnyito-768x576.jpg 768w, https:\/\/balatonkeresztur.plebania.hu\/wp-content\/uploads\/2025\/07\/minnyito-400x300.jpg 400w\" sizes=\"auto, (max-width: 800px) 100vw, 800px\" \/><\/a><\/figure>\n\n\n\n<!--more-->\n\n\n\n<p>Barnab\u00e1s: M\u00e1r voltam a ministr\u00e1nsokkal kir\u00e1ndulni egyszer, \u00e9s most is nagyon v\u00e1rtam. Az els\u0151 napon, a n\u0151v\u00e9rekn\u00e9l \u00e9rdekes volt, m\u00e9g nem j\u00e1rtam ilyen helyen. Johanna n\u0151v\u00e9r nagyon kedvesen b\u00e1nt vel\u00fcnk, \u00e9s a csoki is finom, amivel megk\u00edn\u00e1lt benn\u00fcnket. R\u00e9szt vettem az ima\u00f3r\u00e1n is, m\u00e1s volt, mint a mise.<\/p>\n\n\n\n<p>M\u00e1snap m\u00e1r itthon voltunk a Szent Istv\u00e1n H\u00e1zban. Nagyon sokat \u00e9nekelt\u00fcnk, j\u00e1tszottunk. Nekem a b\u00e1boz\u00e1s \u00e9s a mem\u00f3riaj\u00e1t\u00e9k tetszett. \u00c9nekeltem a mis\u00e9n is, \u00e9s \u00f6r\u00fcltem, hogy egy\u00fctt lehetek a t\u00f6bbiekkel. A v\u00e9g\u00e9n a csillagsz\u00f3r\u00f3z\u00e1s volt a cs\u00facs! K\u00f6sz\u00f6n\u00f6n sz\u00e9pen az eg\u00e9szet!<\/p>\n\n\n\n<p>Andr\u00e1s: M\u00e9g nem voltam kir\u00e1ndulni a ministr\u00e1nsokkal, kicsit agg\u00f3dtam, milyen lesz. J\u00f3 volt! Annyira szuper volt a n\u0151v\u00e9rekn\u00e9l! Johanna n\u0151v\u00e9r kedves volt j\u00f3t besz\u00e9lgett\u00fcnk vele, megk\u00f3stoltuk a csokit is, amit itt k\u00e9sz\u00edtettek.<\/p>\n\n\n\n<p>M\u00e1snap sokat j\u00e1tszottuk, a b\u00e1boz\u00e1s, a t\u00e1rsasoz\u00e1s nagyon sz\u00f3rakoztat\u00f3 volt, meg az\u00e9rt tanulni is lehetett bel\u0151le. Tal\u00e1n focizhattunk volna egy kicsit t\u00f6bbet! M\u00e9g nem voltam git\u00e1ros mis\u00e9n, ez\u00e9rt szokatlan volt, de ez is tetszett. \u00c9s a csillagsz\u00f3r\u00f3z\u00e1s! J\u00f3l \u00e9reztem magam! K\u00f6sz\u00f6n\u00f6m!<\/p>\n\n\n\n<p>Lilla: \u00c9n m\u00e1r att\u00f3l boldog voltam, hogy k\u00e9t napot elt\u00f6lthetek ezzel a csapattal. Magyarsz\u00e9ken is nagyon j\u00f3 volt, Johanna n\u0151v\u00e9r mindent megtett \u00e9rt\u00fcnk. Meglepett, hogy egy kolostorban csokit is gy\u00e1rtanak, de ez kellemes meglepet\u00e9s volt. R\u00e9sz vettem az ima\u00f3r\u00e1n a t\u00f6bbiekkel egy\u00fctt.<\/p>\n\n\n\n<p>P\u00e9nteken sem csal\u00f3dtam. Annyira szuper volt az eg\u00e9sz nap, sokat nevett\u00fcnk, \u00e9rdekes, tanuls\u00e1gos j\u00e1t\u00e9kokat j\u00e1tszottunk. A mis\u00e9n mindent \u00e9nekeltem, amit csak tudtam. K\u00f6sz\u00f6n\u00f6m, hogy ott lehettem!<\/p>\n\n\n\n<p>Bogl\u00e1rka: Azzal kezden\u00e9m, hogy en\u00e9lk\u00fcl a csapat n\u00e9lk\u00fcl nem lett volna igazi a kir\u00e1ndul\u00e1s. Mi m\u00e1r nagyon \u00f6sszeszoktunk, sok-sok \u00e9lm\u00e9ny k\u00f6t \u00f6ssze benn\u00fcnket, \u00e9s most \u00fajakat \u00e9lhett\u00fcnk meg. Magyarsz\u00e9k csod\u00e1latos term\u00e9szeti k\u00f6rnyezet\u00e9ben vend\u00e9geskedhett\u00fcnk egy kolostorban. M\u00e9g nem voltam ilyen helyen, de Johanna n\u0151v\u00e9r vezet\u00e9s\u00e9vel ezt is megismerhettem.<\/p>\n\n\n\n<p>A m\u00e1sodik nap sz\u00e1momra sok-sok nevet\u00e9ssel, \u00e9nekl\u00e9ssel j\u00e1t\u00e9kkal telt el, \u00e9s \u00f6r\u00fcltem, hogy megismerhettem G\u00e1bor aty\u00e1t, aki a vend\u00e9g\u00fcnk volt, j\u00f3t besz\u00e9lgett\u00fcnk, t\u0151le is tanulhattunk.<\/p>\n\n\n\n<p>Nekem a nap cs\u00facspontja a git\u00e1ros mise volt, mert az egyik git\u00e1ros \u00e9n lehettem. Nagy megtiszteltet\u00e9s ez sz\u00e1momra, nem kis izgalommal j\u00e1rt. Biztosan nem volt m\u00e9g hib\u00e1tlan, de nagyon igyekszem! Mindenkinek k\u00f6sz\u00f6n\u00f6m ezeket a napokat!<\/p>\n\n\n\n<p>Anna: A csapatot m\u00e1r j\u00f3l ismertem, de m\u00e9g nem kir\u00e1ndultam vel\u00fck. Biztos voltam benne, hogy j\u00f3l fogom \u00e9rezni magam, \u00e9s \u00edgy is lett! Magyarsz\u00e9ken minden \u00faj \u00e9s \u00e9rdekes volt sz\u00e1momra, r\u00e1csod\u00e1lkoztam arra, hogyan \u00e9lnek ott a n\u0151v\u00e9re, milyen sz\u00e9p, tartalmas az \u00e9let\u00fck. Johanna n\u0151v\u00e9r gy\u00f6ny\u00f6r\u0171en besz\u00e9lt! Vid\u00e1mak, j\u00f3kedv\u0171ek voltunk, \u00e9s az eb\u00e9d is nagyon \u00edzlett.<\/p>\n\n\n\n<p>M\u00e1snap folytat\u00f3dott mindez, rengeteget j\u00e1tszottuk, nevett\u00fcnk, \u00e9nekelt\u00fcnk. Tartalmas, ismertetekben gazdag, de m\u00e9gis vid\u00e1m nap volt. Nagy \u00f6r\u00f6m\u00f6mre \u00e9n szolg\u00e1lhattam Timi mellet az olt\u00e1rn\u00e1l, kicsit izgultam, nehogy elrontsam, de minden rendben volt.<\/p>\n\n\n\n<p>Nagyon sz\u00e9p volt az is, ahogy lez\u00e1rtuk a k\u00e9t napot csillagsz\u00f3r\u00f3z\u00e1ssal a sekresty\u00e9ben, \u00e9s b\u00facs\u00fat vett\u00fcnk egym\u00e1st\u00f3l. K\u00f6sz\u00f6net mindenkinek minden\u00e9rt!<\/p>\n\n\n\n<p>S\u00e1ri: Nagyon \u00f6r\u00fcl\u00f6k, hogy tal\u00e1lkozhattam egy n\u0151v\u00e9rrel. Nagyon tetszettek a b\u00e1bok, a j\u00e1t\u00e9kok \u00e9s a k\u00f6z\u00f6s \u00e9nekl\u00e9s is.<\/p>\n\n\n\n<p>Mikl\u00f3s: Sz\u00e1momra nagy \u00e9lm\u00e9ny volt a sarutlan k\u00e1rmelita n\u0151v\u00e9rekhez ell\u00e1togatni, meghallgatni Johanna n\u0151v\u00e9rt \u00e9s bekapcsol\u00f3dni a d\u00e9li ima\u00f3r\u00e1ba. A n\u0151v\u00e9rekn\u00e9l tett l\u00e1togat\u00e1ssal kapcsolatban n\u00e9gy dolog maradt meg bennem: csend, szabads\u00e1g, sport, im\u00e1ds\u00e1g.<\/p>\n\n\n\n<figure class=\"wp-block-image size-full is-resized\"><a href=\"https:\/\/photos.app.goo.gl\/DFq281m8YCVtLLuJ6\" target=\"_blank\" rel=\" noreferrer noopener\"><img loading=\"lazy\" decoding=\"async\" width=\"800\" height=\"600\" src=\"http:\/\/balatonkeresztur.plebania.hu\/wp-content\/uploads\/2025\/07\/Image-23.jpg\" alt=\"\" class=\"wp-image-1782\" style=\"width:593px;height:auto\" srcset=\"https:\/\/balatonkeresztur.plebania.hu\/wp-content\/uploads\/2025\/07\/Image-23.jpg 800w, https:\/\/balatonkeresztur.plebania.hu\/wp-content\/uploads\/2025\/07\/Image-23-768x576.jpg 768w, https:\/\/balatonkeresztur.plebania.hu\/wp-content\/uploads\/2025\/07\/Image-23-400x300.jpg 400w\" sizes=\"auto, (max-width: 800px) 100vw, 800px\" \/><\/a><\/figure>\n\n\n\n<p>a k\u00e9pekre kattintva megjelenik a ministr\u00e1nsnap k\u00e9palbuma<\/p>\n","protected":false},"excerpt":{"rendered":"","protected":false},"author":1,"featured_media":0,"comment_status":"closed","ping_status":"open","sticky":false,"template":"","format":"standard","meta":{"footnotes":""},"categories":[1],"tags":[],"class_list":["post-1778","post","type-post","status-publish","format-standard","hentry","category-egyeb"],"_links":{"self":[{"href":"https:\/\/balatonkeresztur.plebania.hu\/index.php\/wp-json\/wp\/v2\/posts\/1778","targetHints":{"allow":["GET"]}}],"collection":[{"href":"https:\/\/balatonkeresztur.plebania.hu\/index.php\/wp-json\/wp\/v2\/posts"}],"about":[{"href":"https:\/\/balatonkeresztur.plebania.hu\/index.php\/wp-json\/wp\/v2\/types\/post"}],"author":[{"embeddable":true,"href":"https:\/\/balatonkeresztur.plebania.hu\/index.php\/wp-json\/wp\/v2\/users\/1"}],"replies":[{"embeddable":true,"href":"https:\/\/balatonkeresztur.plebania.hu\/index.php\/wp-json\/wp\/v2\/comments?post=1778"}],"version-history":[{"count":4,"href":"https:\/\/balatonkeresztur.plebania.hu\/index.php\/wp-json\/wp\/v2\/posts\/1778\/revisions"}],"predecessor-version":[{"id":1785,"href":"https:\/\/balatonkeresztur.plebania.hu\/index.php\/wp-json\/wp\/v2\/posts\/1778\/revisions\/1785"}],"wp:attachment":[{"href":"https:\/\/balatonkeresztur.plebania.hu\/index.php\/wp-json\/wp\/v2\/media?parent=1778"}],"wp:term":[{"taxonomy":"category","embeddable":true,"href":"https:\/\/balatonkeresztur.plebania.hu\/index.php\/wp-json\/wp\/v2\/categories?post=1778"},{"taxonomy":"post_tag","embeddable":true,"href":"https:\/\/balatonkeresztur.plebania.hu\/index.php\/wp-json\/wp\/v2\/tags?post=1778"}],"curies":[{"name":"wp","href":"https:\/\/api.w.org\/{rel}","templated":true}]}}