{"id":1760,"date":"2025-07-09T01:53:10","date_gmt":"2025-07-09T01:53:10","guid":{"rendered":"https:\/\/balatonkeresztur.plebania.hu\/?p=1760"},"modified":"2025-07-09T10:01:26","modified_gmt":"2025-07-09T10:01:26","slug":"koncert-templomunkban","status":"publish","type":"post","link":"https:\/\/balatonkeresztur.plebania.hu\/index.php\/2025\/07\/09\/koncert-templomunkban\/","title":{"rendered":"Koncert templomunkban"},"content":{"rendered":"\n<figure class=\"wp-block-image size-full is-resized\"><a href=\"http:\/\/balatonkeresztur.plebania.hu\/wp-content\/uploads\/2025\/07\/lant-scaled.png\" target=\"_blank\" rel=\" noreferrer noopener\"><img loading=\"lazy\" decoding=\"async\" width=\"1828\" height=\"2560\" src=\"https:\/\/balatonkeresztur.plebania.hu\/wp-content\/uploads\/2025\/07\/lant-scaled.png\" alt=\"\" class=\"wp-image-1761\" style=\"width:344px;height:auto\" srcset=\"https:\/\/balatonkeresztur.plebania.hu\/wp-content\/uploads\/2025\/07\/lant-scaled.png 1828w, https:\/\/balatonkeresztur.plebania.hu\/wp-content\/uploads\/2025\/07\/lant-768x1076.png 768w, https:\/\/balatonkeresztur.plebania.hu\/wp-content\/uploads\/2025\/07\/lant-1097x1536.png 1097w, https:\/\/balatonkeresztur.plebania.hu\/wp-content\/uploads\/2025\/07\/lant-1462x2048.png 1462w, https:\/\/balatonkeresztur.plebania.hu\/wp-content\/uploads\/2025\/07\/lant-214x300.png 214w\" sizes=\"auto, (max-width: 1828px) 100vw, 1828px\" \/><\/a><\/figure>\n\n\n\n<!--more-->\n\n\n\n<p>J\u00falius 29-\u00e9n, kedden 19 \u00f3rakor Nagy Csaba lantm\u0171v\u00e9sz \u00e9s git\u00e1ros tan\u00edtv\u00e1nya, Podhor\u00e1nyi Marcell ad koncertet.<\/p>\n\n\n\n<figure class=\"wp-block-image size-full is-resized\"><a href=\"http:\/\/balatonkeresztur.plebania.hu\/wp-content\/uploads\/2025\/07\/lant2.png\" target=\"_blank\" rel=\" noreferrer noopener\"><img loading=\"lazy\" decoding=\"async\" width=\"1819\" height=\"2551\" src=\"http:\/\/balatonkeresztur.plebania.hu\/wp-content\/uploads\/2025\/07\/lant2.png\" alt=\"\" class=\"wp-image-1764\" style=\"width:343px;height:auto\" srcset=\"https:\/\/balatonkeresztur.plebania.hu\/wp-content\/uploads\/2025\/07\/lant2.png 1819w, https:\/\/balatonkeresztur.plebania.hu\/wp-content\/uploads\/2025\/07\/lant2-768x1077.png 768w, https:\/\/balatonkeresztur.plebania.hu\/wp-content\/uploads\/2025\/07\/lant2-1095x1536.png 1095w, https:\/\/balatonkeresztur.plebania.hu\/wp-content\/uploads\/2025\/07\/lant2-1460x2048.png 1460w, https:\/\/balatonkeresztur.plebania.hu\/wp-content\/uploads\/2025\/07\/lant2-214x300.png 214w\" sizes=\"auto, (max-width: 1819px) 100vw, 1819px\" \/><\/a><\/figure>\n","protected":false},"excerpt":{"rendered":"","protected":false},"author":1,"featured_media":0,"comment_status":"closed","ping_status":"open","sticky":false,"template":"","format":"standard","meta":{"footnotes":""},"categories":[1],"tags":[],"class_list":["post-1760","post","type-post","status-publish","format-standard","hentry","category-egyeb"],"_links":{"self":[{"href":"https:\/\/balatonkeresztur.plebania.hu\/index.php\/wp-json\/wp\/v2\/posts\/1760","targetHints":{"allow":["GET"]}}],"collection":[{"href":"https:\/\/balatonkeresztur.plebania.hu\/index.php\/wp-json\/wp\/v2\/posts"}],"about":[{"href":"https:\/\/balatonkeresztur.plebania.hu\/index.php\/wp-json\/wp\/v2\/types\/post"}],"author":[{"embeddable":true,"href":"https:\/\/balatonkeresztur.plebania.hu\/index.php\/wp-json\/wp\/v2\/users\/1"}],"replies":[{"embeddable":true,"href":"https:\/\/balatonkeresztur.plebania.hu\/index.php\/wp-json\/wp\/v2\/comments?post=1760"}],"version-history":[{"count":5,"href":"https:\/\/balatonkeresztur.plebania.hu\/index.php\/wp-json\/wp\/v2\/posts\/1760\/revisions"}],"predecessor-version":[{"id":1768,"href":"https:\/\/balatonkeresztur.plebania.hu\/index.php\/wp-json\/wp\/v2\/posts\/1760\/revisions\/1768"}],"wp:attachment":[{"href":"https:\/\/balatonkeresztur.plebania.hu\/index.php\/wp-json\/wp\/v2\/media?parent=1760"}],"wp:term":[{"taxonomy":"category","embeddable":true,"href":"https:\/\/balatonkeresztur.plebania.hu\/index.php\/wp-json\/wp\/v2\/categories?post=1760"},{"taxonomy":"post_tag","embeddable":true,"href":"https:\/\/balatonkeresztur.plebania.hu\/index.php\/wp-json\/wp\/v2\/tags?post=1760"}],"curies":[{"name":"wp","href":"https:\/\/api.w.org\/{rel}","templated":true}]}}