{"id":176,"date":"2018-12-02T17:23:13","date_gmt":"2018-12-02T17:23:13","guid":{"rendered":"http:\/\/balatonkeresztur.plebania.hu\/?p=176"},"modified":"2018-12-02T17:25:09","modified_gmt":"2018-12-02T17:25:09","slug":"advent-2-vasarnapja","status":"publish","type":"post","link":"https:\/\/balatonkeresztur.plebania.hu\/index.php\/2018\/12\/02\/advent-2-vasarnapja\/","title":{"rendered":"Advent 2. vas\u00e1rnapja"},"content":{"rendered":"<p>Advent 2. vas\u00e1rnapj\u00e1n a Sonoro duo lesz a vend\u00e9g\u00fcnk az Adventi est\u00e9k koncertsorozatban. <!--more--><\/p>\n<p>A koncert plak\u00e1tja a k\u00e9pre kattintva l\u00e1that\u00f3: <a href=\"http:\/\/balatonkeresztur.plebania.hu\/wp-content\/uploads\/2018\/12\/Sonoroduo.jpg\" target=\"_blank\" rel=\"noopener\"><img loading=\"lazy\" decoding=\"async\" class=\"alignright wp-image-177 size-thumbnail\" src=\"http:\/\/balatonkeresztur.plebania.hu\/wp-content\/uploads\/2018\/12\/Sonoroduo-150x150.jpg\" alt=\"\" width=\"150\" height=\"150\" \/><\/a><\/p>\n<p>B\u0151vebben a du\u00f3r\u00f3l:<\/p>\n<p><strong>Bog\u00e1thy G\u00e1bor<\/strong><br \/>\nA Liszt Ferenc Zenem\u0171v\u00e9szeti F\u0151iskola P\u00e9csi Tan\u00e1rk\u00e9pz\u0151 Int\u00e9zet\u00e9ben szerezte trombitatan\u00e1r-kamaram\u0171v\u00e9sz diplom\u00e1j\u00e1t (1996). Ezt k\u00f6vet\u0151en a grazi Zeneakad\u00e9mia \u00e9s El\u0151ad\u00f3m\u0171v\u00e9szeti Egyetem trombitam\u0171v\u00e9sz szak\u00e1n folytatta tanulm\u00e1nyait, ahol nemzetk\u00f6zileg elismert m\u0171v\u00e9sztan\u00e1r oklevelet kapott (2002). Akt\u00edv r\u00e9sztvev\u0151je volt Bo Nillson professzor mesterkurzus\u00e1nak (1994). Tanulm\u00e1nyai idej\u00e9n orsz\u00e1gos \u00e9s megyei trombitaversenyek d\u00edjazottja. Jelenleg a kaposv\u00e1ri Nagyboldogasszony R\u00f3mai Katolikus Gimn\u00e1zium, \u00c1ltal\u00e1nos Iskola \u00e9s Alapfok\u00fa M\u0171v\u00e9szeti Iskola trombitatan\u00e1ra, az \u00e1ltala alap\u00edtott ifj\u00fas\u00e1gi f\u00fav\u00f3szenekar karnagya \u00e9s a Sonoro Duo tagja. 2011. janu\u00e1r 23-\u00e1n \u201eKaposv\u00e1r V\u00e1ros Szolg\u00e1lat\u00e1\u00e9rt\u201d kit\u00fcntet\u00e9sben r\u00e9szes\u00fclt a v\u00e1ros \u00e9rdek\u00e9ben v\u00e9gzett kiemelked\u0151 tev\u00e9kenys\u00e9g\u00e9rt a Kaposv\u00e1r Megyei Jog\u00fa V\u00e1ros K\u00f6zgy\u0171l\u00e9s\u00e9t\u0151l.<\/p>\n<p><strong>Szili Zolt\u00e1n<\/strong><br \/>\nA Liszt Ferenc Zenem\u0171v\u00e9szeti F\u0151iskola P\u00e9csi Tan\u00e1rk\u00e9pz\u0151 Int\u00e9zet\u00e9ben zeneelm\u00e9let- \u00e9s szolf\u00e9zstan\u00e1r, karvezet\u0151 diplom\u00e1t szerzett (1996), majd a Liszt Ferenc Zenem\u0171v\u00e9szeti Egyetem (Zeneakad\u00e9mia) Iskolai \u00c9nek Tan\u00e1r K\u00e9pz\u0151-, Zeneelm\u00e9let- \u00e9s Karvezet\u00e9s szak\u00e1n kapott oklevelet (2002). Akt\u00edv r\u00e9sztvev\u0151je volt Gerald Kegelmann karvezet\u00e9s m\u00f3dszertan mesterkurzus\u00e1nak (1995). Jelenleg a kaposv\u00e1ri Nagyboldogasszony R\u00f3mai Katolikus Sz\u00e9kesegyh\u00e1z karnagya, a Nagyboldogasszony R\u00f3mai Katolikus Gimn\u00e1zium, \u00c1ltal\u00e1nos Iskola \u00e9s Alapfok\u00fa M\u0171v\u00e9szeti Iskola \u00e9nek-zene tan\u00e1ra, a Kaposv\u00e1ri P\u00fcsp\u00f6ks\u00e9g K\u00e1ntork\u00e9pz\u0151j\u00e9nek tan\u00e1ra, a Kaposv\u00e1ri Egyh\u00e1zmegye zeneigazgat\u00f3ja, a CapPuccini K\u00f3rus karnagya \u00e9s a Sonoro Duo tagja. 2012. janu\u00e1r 23-\u00e1n \u201eKaposv\u00e1r V\u00e1ros Szolg\u00e1lat\u00e1\u00e9rt\u201d kit\u00fcntet\u00e9sben r\u00e9szes\u00fclt a v\u00e1ros \u00e9rdek\u00e9ben v\u00e9gzett kiemelked\u0151 tev\u00e9kenys\u00e9g\u00e9rt Kaposv\u00e1r Megyei Jog\u00fa V\u00e1ros K\u00f6zgy\u0171l\u00e9s\u00e9t\u0151l.<\/p>\n","protected":false},"excerpt":{"rendered":"<p>Advent 2. vas\u00e1rnapj\u00e1n a Sonoro duo lesz a vend\u00e9g\u00fcnk az Adventi est\u00e9k koncertsorozatban.<\/p>\n","protected":false},"author":1,"featured_media":0,"comment_status":"closed","ping_status":"open","sticky":false,"template":"","format":"standard","meta":{"footnotes":""},"categories":[1],"tags":[],"class_list":["post-176","post","type-post","status-publish","format-standard","hentry","category-egyeb"],"_links":{"self":[{"href":"https:\/\/balatonkeresztur.plebania.hu\/index.php\/wp-json\/wp\/v2\/posts\/176","targetHints":{"allow":["GET"]}}],"collection":[{"href":"https:\/\/balatonkeresztur.plebania.hu\/index.php\/wp-json\/wp\/v2\/posts"}],"about":[{"href":"https:\/\/balatonkeresztur.plebania.hu\/index.php\/wp-json\/wp\/v2\/types\/post"}],"author":[{"embeddable":true,"href":"https:\/\/balatonkeresztur.plebania.hu\/index.php\/wp-json\/wp\/v2\/users\/1"}],"replies":[{"embeddable":true,"href":"https:\/\/balatonkeresztur.plebania.hu\/index.php\/wp-json\/wp\/v2\/comments?post=176"}],"version-history":[{"count":2,"href":"https:\/\/balatonkeresztur.plebania.hu\/index.php\/wp-json\/wp\/v2\/posts\/176\/revisions"}],"predecessor-version":[{"id":179,"href":"https:\/\/balatonkeresztur.plebania.hu\/index.php\/wp-json\/wp\/v2\/posts\/176\/revisions\/179"}],"wp:attachment":[{"href":"https:\/\/balatonkeresztur.plebania.hu\/index.php\/wp-json\/wp\/v2\/media?parent=176"}],"wp:term":[{"taxonomy":"category","embeddable":true,"href":"https:\/\/balatonkeresztur.plebania.hu\/index.php\/wp-json\/wp\/v2\/categories?post=176"},{"taxonomy":"post_tag","embeddable":true,"href":"https:\/\/balatonkeresztur.plebania.hu\/index.php\/wp-json\/wp\/v2\/tags?post=176"}],"curies":[{"name":"wp","href":"https:\/\/api.w.org\/{rel}","templated":true}]}}