{"id":1754,"date":"2025-07-09T02:24:48","date_gmt":"2025-07-09T02:24:48","guid":{"rendered":"https:\/\/balatonkeresztur.plebania.hu\/?p=1754"},"modified":"2025-07-16T15:03:41","modified_gmt":"2025-07-16T15:03:41","slug":"vendegunk-suveges-gergo","status":"publish","type":"post","link":"https:\/\/balatonkeresztur.plebania.hu\/index.php\/2025\/07\/09\/vendegunk-suveges-gergo\/","title":{"rendered":"Vend\u00e9g\u00fcnk S\u00fcveges Gerg\u0151"},"content":{"rendered":"\n<figure class=\"wp-block-image size-full is-resized\"><a href=\"http:\/\/balatonkeresztur.plebania.hu\/wp-content\/uploads\/2025\/07\/sg.jpg\" target=\"_blank\" rel=\" noreferrer noopener\"><img loading=\"lazy\" decoding=\"async\" width=\"566\" height=\"800\" src=\"http:\/\/balatonkeresztur.plebania.hu\/wp-content\/uploads\/2025\/07\/sg.jpg\" alt=\"\" class=\"wp-image-1771\" style=\"width:341px;height:auto\" srcset=\"https:\/\/balatonkeresztur.plebania.hu\/wp-content\/uploads\/2025\/07\/sg.jpg 566w, https:\/\/balatonkeresztur.plebania.hu\/wp-content\/uploads\/2025\/07\/sg-212x300.jpg 212w\" sizes=\"auto, (max-width: 566px) 100vw, 566px\" \/><\/a><\/figure>\n\n\n\n<p>J\u00falius 27-\u00e9n, vas\u00e1rnap a balatonkereszt\u00fari pl\u00e9b\u00e1niatemplomban a szentmise ut\u00e1n&nbsp;<a href=\"https:\/\/suvegesgergo.hu\/\" target=\"_blank\" rel=\"noreferrer noopener\">S\u00fcveges Gerg\u0151<\/a>&nbsp;(f\u00e9rj, apa, \u00fajs\u00e1g\u00edr\u00f3, tan\u00e1r, coach, kommunik\u00e1ci\u00f3s tr\u00e9ner, tan\u00e1csad\u00f3) tart el\u0151ad\u00e1st Isten apas\u00e1ga \u00e9s anyas\u00e1ga c\u00edmmel.&nbsp;<\/p>\n","protected":false},"excerpt":{"rendered":"<p>J\u00falius 27-\u00e9n, vas\u00e1rnap a balatonkereszt\u00fari pl\u00e9b\u00e1niatemplomban a szentmise ut\u00e1n&nbsp;S\u00fcveges Gerg\u0151&nbsp;(f\u00e9rj, apa, \u00fajs\u00e1g\u00edr\u00f3, tan\u00e1r, coach, kommunik\u00e1ci\u00f3s tr\u00e9ner, tan\u00e1csad\u00f3) tart el\u0151ad\u00e1st Isten apas\u00e1ga \u00e9s anyas\u00e1ga c\u00edmmel.&nbsp;<\/p>\n","protected":false},"author":1,"featured_media":0,"comment_status":"closed","ping_status":"closed","sticky":false,"template":"","format":"standard","meta":{"footnotes":""},"categories":[1],"tags":[],"class_list":["post-1754","post","type-post","status-publish","format-standard","hentry","category-egyeb"],"_links":{"self":[{"href":"https:\/\/balatonkeresztur.plebania.hu\/index.php\/wp-json\/wp\/v2\/posts\/1754","targetHints":{"allow":["GET"]}}],"collection":[{"href":"https:\/\/balatonkeresztur.plebania.hu\/index.php\/wp-json\/wp\/v2\/posts"}],"about":[{"href":"https:\/\/balatonkeresztur.plebania.hu\/index.php\/wp-json\/wp\/v2\/types\/post"}],"author":[{"embeddable":true,"href":"https:\/\/balatonkeresztur.plebania.hu\/index.php\/wp-json\/wp\/v2\/users\/1"}],"replies":[{"embeddable":true,"href":"https:\/\/balatonkeresztur.plebania.hu\/index.php\/wp-json\/wp\/v2\/comments?post=1754"}],"version-history":[{"count":5,"href":"https:\/\/balatonkeresztur.plebania.hu\/index.php\/wp-json\/wp\/v2\/posts\/1754\/revisions"}],"predecessor-version":[{"id":1773,"href":"https:\/\/balatonkeresztur.plebania.hu\/index.php\/wp-json\/wp\/v2\/posts\/1754\/revisions\/1773"}],"wp:attachment":[{"href":"https:\/\/balatonkeresztur.plebania.hu\/index.php\/wp-json\/wp\/v2\/media?parent=1754"}],"wp:term":[{"taxonomy":"category","embeddable":true,"href":"https:\/\/balatonkeresztur.plebania.hu\/index.php\/wp-json\/wp\/v2\/categories?post=1754"},{"taxonomy":"post_tag","embeddable":true,"href":"https:\/\/balatonkeresztur.plebania.hu\/index.php\/wp-json\/wp\/v2\/tags?post=1754"}],"curies":[{"name":"wp","href":"https:\/\/api.w.org\/{rel}","templated":true}]}}