{"id":1751,"date":"2025-07-08T15:23:05","date_gmt":"2025-07-08T15:23:05","guid":{"rendered":"https:\/\/balatonkeresztur.plebania.hu\/?p=1751"},"modified":"2025-07-26T19:48:26","modified_gmt":"2025-07-26T19:48:26","slug":"vendegunk-dr-gardonyi-mate","status":"publish","type":"post","link":"https:\/\/balatonkeresztur.plebania.hu\/index.php\/2025\/07\/08\/vendegunk-dr-gardonyi-mate\/","title":{"rendered":"Vend\u00e9g\u00fcnk Dr. G\u00e1rdonyi M\u00e1t\u00e9"},"content":{"rendered":"\n<figure class=\"wp-block-image size-full is-resized\"><a href=\"http:\/\/balatonkeresztur.plebania.hu\/wp-content\/uploads\/2025\/07\/leoagoston.jpg\" target=\"_blank\" rel=\" noreferrer noopener\"><img loading=\"lazy\" decoding=\"async\" width=\"1075\" height=\"1509\" src=\"http:\/\/balatonkeresztur.plebania.hu\/wp-content\/uploads\/2025\/07\/leoagoston.jpg\" alt=\"\" class=\"wp-image-1749\" style=\"width:341px;height:auto\" srcset=\"https:\/\/balatonkeresztur.plebania.hu\/wp-content\/uploads\/2025\/07\/leoagoston.jpg 1075w, https:\/\/balatonkeresztur.plebania.hu\/wp-content\/uploads\/2025\/07\/leoagoston-768x1078.jpg 768w, https:\/\/balatonkeresztur.plebania.hu\/wp-content\/uploads\/2025\/07\/leoagoston-214x300.jpg 214w\" sizes=\"auto, (max-width: 1075px) 100vw, 1075px\" \/><\/a><\/figure>\n\n\n\n<p>J\u00falius 20-\u00e1n, vas\u00e1rnap Balatonkereszt\u00faron a szentmis\u00e9ben vend\u00e9g\u00fcnk lesz Dr. G\u00e1rdonyi M\u00e1t\u00e9 atya, a P\u00e1zm\u00e1ny P\u00e9ter Katolikus Egyetem Egyh\u00e1zt\u00f6rt\u00e9nelem Tansz\u00e9k\u00e9nek vezet\u0151je. A szentmise ut\u00e1n a templomban el\u0151ad\u00e1st tart \u201eKik azok az \u00e1gostonosok? XIV. Le\u00f3 p\u00e1pa szerzetesrendj\u00e9r\u0151l\u201d c\u00edmmel.<\/p>\n","protected":false},"excerpt":{"rendered":"<p>J\u00falius 20-\u00e1n, vas\u00e1rnap Balatonkereszt\u00faron a szentmis\u00e9ben vend\u00e9g\u00fcnk lesz Dr. G\u00e1rdonyi M\u00e1t\u00e9 atya, a P\u00e1zm\u00e1ny P\u00e9ter Katolikus Egyetem Egyh\u00e1zt\u00f6rt\u00e9nelem Tansz\u00e9k\u00e9nek vezet\u0151je. A szentmise ut\u00e1n a templomban el\u0151ad\u00e1st tart \u201eKik azok az \u00e1gostonosok? XIV. Le\u00f3 p\u00e1pa szerzetesrendj\u00e9r\u0151l\u201d c\u00edmmel.<\/p>\n","protected":false},"author":1,"featured_media":0,"comment_status":"closed","ping_status":"closed","sticky":false,"template":"","format":"standard","meta":{"footnotes":""},"categories":[1],"tags":[],"class_list":["post-1751","post","type-post","status-publish","format-standard","hentry","category-egyeb"],"_links":{"self":[{"href":"https:\/\/balatonkeresztur.plebania.hu\/index.php\/wp-json\/wp\/v2\/posts\/1751","targetHints":{"allow":["GET"]}}],"collection":[{"href":"https:\/\/balatonkeresztur.plebania.hu\/index.php\/wp-json\/wp\/v2\/posts"}],"about":[{"href":"https:\/\/balatonkeresztur.plebania.hu\/index.php\/wp-json\/wp\/v2\/types\/post"}],"author":[{"embeddable":true,"href":"https:\/\/balatonkeresztur.plebania.hu\/index.php\/wp-json\/wp\/v2\/users\/1"}],"replies":[{"embeddable":true,"href":"https:\/\/balatonkeresztur.plebania.hu\/index.php\/wp-json\/wp\/v2\/comments?post=1751"}],"version-history":[{"count":4,"href":"https:\/\/balatonkeresztur.plebania.hu\/index.php\/wp-json\/wp\/v2\/posts\/1751\/revisions"}],"predecessor-version":[{"id":1767,"href":"https:\/\/balatonkeresztur.plebania.hu\/index.php\/wp-json\/wp\/v2\/posts\/1751\/revisions\/1767"}],"wp:attachment":[{"href":"https:\/\/balatonkeresztur.plebania.hu\/index.php\/wp-json\/wp\/v2\/media?parent=1751"}],"wp:term":[{"taxonomy":"category","embeddable":true,"href":"https:\/\/balatonkeresztur.plebania.hu\/index.php\/wp-json\/wp\/v2\/categories?post=1751"},{"taxonomy":"post_tag","embeddable":true,"href":"https:\/\/balatonkeresztur.plebania.hu\/index.php\/wp-json\/wp\/v2\/tags?post=1751"}],"curies":[{"name":"wp","href":"https:\/\/api.w.org\/{rel}","templated":true}]}}