{"id":1737,"date":"2025-06-22T10:00:00","date_gmt":"2025-06-22T10:00:00","guid":{"rendered":"https:\/\/balatonkeresztur.plebania.hu\/?p=1737"},"modified":"2025-06-22T10:00:00","modified_gmt":"2025-06-22T10:00:00","slug":"urnapja-2","status":"publish","type":"post","link":"https:\/\/balatonkeresztur.plebania.hu\/index.php\/2025\/06\/22\/urnapja-2\/","title":{"rendered":"\u00darnapja"},"content":{"rendered":"\n<figure class=\"wp-block-image size-full is-resized\"><img loading=\"lazy\" decoding=\"async\" width=\"504\" height=\"1024\" src=\"https:\/\/balatonkeresztur.plebania.hu\/wp-content\/uploads\/2025\/06\/Image-6.jpg\" alt=\"\" class=\"wp-image-1738\" style=\"width:537px;height:auto\" srcset=\"https:\/\/balatonkeresztur.plebania.hu\/wp-content\/uploads\/2025\/06\/Image-6.jpg 504w, https:\/\/balatonkeresztur.plebania.hu\/wp-content\/uploads\/2025\/06\/Image-6-148x300.jpg 148w\" sizes=\"auto, (max-width: 504px) 100vw, 504px\" \/><\/figure>\n\n\n\n<p><strong>Aquin\u00f3i Szent Tam\u00e1s: \u00darnapi \u00e9nek<\/strong><\/p>\n\n\n\n<p>Dics\u00e9rd, Sion, a Megv\u00e1lt\u00f3t,<\/p>\n\n\n\n<p>dics\u00e9rd a vez\u00e9rt, a p\u00e1sztort,<\/p>\n\n\n\n<p>zengj himnuszt, zengj \u00e9neket!<\/p>\n\n\n\n<p>Ahogy b\u00edrod, akk\u00e9nt merjed:<\/p>\n\n\n\n<p>nagyobb \u0150 mint a dics\u00e9ret,<\/p>\n\n\n\n<p>m\u00e9lt\u00f3n nem dics\u00e9rheted.<\/p>\n\n\n\n<!--more-->\n\n\n\n<p>S a dics\u00e9ret k\u00fcl\u00f6n t\u00e1rgya<\/p>\n\n\n\n<p>ma hogy a Kenyeret \u00e1ldja,<\/p>\n\n\n\n<p>mely \u00e9ltet \u00e9s eleven,<\/p>\n\n\n\n<p>s hogy v\u00e9gvacsor\u00e1j\u00e1n kapta<\/p>\n\n\n\n<p>a Tizenkett\u0151k csapatja,<\/p>\n\n\n\n<p>nem k\u00e9ts\u00e9ges semmiben.<\/p>\n\n\n\n<p>Legyen teljes, legyen zeng\u0151,<\/p>\n\n\n\n<p>legyen vid\u00e1m \u00e9s illend\u0151<\/p>\n\n\n\n<p>sziv\u00fcnk ujjong\u00e1sa ma:<\/p>\n\n\n\n<p>mert azt a napot jelzi \u00fcnnep\u00fcnk,<\/p>\n\n\n\n<p>melyen el\u0151sz\u00f6r adatott nek\u00fcnk<\/p>\n\n\n\n<p>ez a lelki lakoma<\/p>\n\n\n\n<p>\u00daj kir\u00e1lynak asztal\u00e1ra<\/p>\n\n\n\n<p>\u00faj t\u00f6rv\u00e9nynek sz\u00e1llt p\u00e1sk\u00e1ja:<\/p>\n\n\n\n<p>elavult a r\u00e9gi m\u00e1r.<\/p>\n\n\n\n<p>Fut az ujt\u00f3l ami agg,<\/p>\n\n\n\n<p>igazs\u00e1gt\u00f3l ami vak;<\/p>\n\n\n\n<p>fut a f\u00e9nyt\u0151l a hom\u00e1ly.<\/p>\n\n\n\n<p>Amit Krisztus tett ez est\u00e9n,<\/p>\n\n\n\n<p>hagyta hogy r\u00e1 eml\u00e9kezv\u00e9n<\/p>\n\n\n\n<p>cselekedj\u00fck mi is azt.<\/p>\n\n\n\n<p>Okultunk szent t\u00f6rv\u00e9ny\u00e9b\u0151l:<\/p>\n\n\n\n<p>\u00edgy lesz borb\u00f3l \u00e9s keny\u00e9rb\u0151l<\/p>\n\n\n\n<p>\u00fcdv\u00f6ss\u00e9ges \u00e1ldozat.<\/p>\n\n\n\n<p>M\u00e1s \u00e9s m\u00e1s &#8211; de nem l\u00e9nyegben,<\/p>\n\n\n\n<p>csak jel szerint m\u00e1s &#8211; szinekben<\/p>\n\n\n\n<p>\u00e9gi j\u00f3k lappanganak.<\/p>\n\n\n\n<p>A v\u00e9r ital, a h\u00fas \u00e9tel:<\/p>\n\n\n\n<p>m\u00e9gis Krisztus, l\u00e9nyeg\u00e9vel,<\/p>\n\n\n\n<p>teljes mindk\u00e9t sz\u00edn alatt.<\/p>\n\n\n\n<p>Oly keny\u00e9r, melyet meg nem t\u00f6r,<\/p>\n\n\n\n<p>aki vesz mik\u00e9nt \u00e9tekb\u0151l,<\/p>\n\n\n\n<p>s el se v\u00e1g, \u00e9s meg se szel.<\/p>\n\n\n\n<p>Veszi egy \u00e9s veszik ezren:<\/p>\n\n\n\n<p>annyit egy; amennyit ezren;<\/p>\n\n\n\n<p>fogyasztj\u00e1k \u00e9s nem fogy el.<\/p>\n\n\n\n<p>Veszik j\u00f3k \u00e9s veszik rosszak:<\/p>\n\n\n\n<p>csakhogy k\u00fcl\u00f6nb\u00f6z\u0151 sorsnak<\/p>\n\n\n\n<p>r\u00e9szesei \u0151k vele.<\/p>\n\n\n\n<p>Rossznak hal\u00e1l, j\u00f3nak \u00e9let:<\/p>\n\n\n\n<p>ilyen az egyforma \u00e9tek<\/p>\n\n\n\n<p>k\u00fcl\u00f6nb\u00f6z\u0151 ereje.<\/p>\n\n\n\n<p>Im az angyalok kenyere,<\/p>\n\n\n\n<p>utonj\u00e1r\u00f3k eledele,<\/p>\n\n\n\n<p>\u00e9desfiaknak \u00e9tele,<\/p>\n\n\n\n<p>nem ebek sz\u00e1m\u00e1ra sz\u00e1nt,<\/p>\n\n\n\n<p>melynek el\u0151k\u00e9pe m\u00e1r a<\/p>\n\n\n\n<p>husv\u00e9ti b\u00e1r\u00e1ny hal\u00e1la,<\/p>\n\n\n\n<p>valamint Izs\u00e1k olt\u00e1ra,<\/p>\n\n\n\n<p>s hogy az \u00e9gb\u0151l manna sz\u00e1llt.<\/p>\n\n\n\n<p>\u00d3h igaz Keny\u00e9r, j\u00f3 P\u00e1sztor,<\/p>\n\n\n\n<p>J\u00e9zus, \u00f3vj az elbuk\u00e1st\u00f3l,<\/p>\n\n\n\n<p>te t\u00e1pl\u00e1lj \u00e9s te pal\u00e1stolj<\/p>\n\n\n\n<p>s add hogy a felt\u00e1mad\u00e1skor<\/p>\n\n\n\n<p>\u00fcdvnek l\u00e1t\u00f3i legy\u00fcnk.<\/p>\n\n\n\n<p>Te, ki mindent b\u00edrsz \u00e9s \u00e9rtesz,<\/p>\n\n\n\n<p>s e f\u00f6ld\u00f6n t\u00e1pl\u00e1lsz \u00e9s \u00e9ltetsz,<\/p>\n\n\n\n<p>tedd, hogy szent n\u00e9peddel, \u00e9kes<\/p>\n\n\n\n<p>asztalodn\u00e1l majd az \u00e9des<\/p>\n\n\n\n<p>\u00f6r\u00f6ks\u00e9gben r\u00e9sztvegy\u00fcnk!<\/p>\n\n\n\n<p>\/Babits Mih\u00e1ly ford\u00edt\u00e1sa\/<\/p>\n","protected":false},"excerpt":{"rendered":"<p>Aquin\u00f3i Szent Tam\u00e1s: \u00darnapi \u00e9nek Dics\u00e9rd, Sion, a Megv\u00e1lt\u00f3t, dics\u00e9rd a vez\u00e9rt, a p\u00e1sztort, zengj himnuszt, zengj \u00e9neket! Ahogy b\u00edrod, akk\u00e9nt merjed: nagyobb \u0150 mint a dics\u00e9ret, m\u00e9lt\u00f3n nem dics\u00e9rheted.<\/p>\n","protected":false},"author":1,"featured_media":0,"comment_status":"closed","ping_status":"open","sticky":false,"template":"","format":"standard","meta":{"footnotes":""},"categories":[1],"tags":[],"class_list":["post-1737","post","type-post","status-publish","format-standard","hentry","category-egyeb"],"_links":{"self":[{"href":"https:\/\/balatonkeresztur.plebania.hu\/index.php\/wp-json\/wp\/v2\/posts\/1737","targetHints":{"allow":["GET"]}}],"collection":[{"href":"https:\/\/balatonkeresztur.plebania.hu\/index.php\/wp-json\/wp\/v2\/posts"}],"about":[{"href":"https:\/\/balatonkeresztur.plebania.hu\/index.php\/wp-json\/wp\/v2\/types\/post"}],"author":[{"embeddable":true,"href":"https:\/\/balatonkeresztur.plebania.hu\/index.php\/wp-json\/wp\/v2\/users\/1"}],"replies":[{"embeddable":true,"href":"https:\/\/balatonkeresztur.plebania.hu\/index.php\/wp-json\/wp\/v2\/comments?post=1737"}],"version-history":[{"count":1,"href":"https:\/\/balatonkeresztur.plebania.hu\/index.php\/wp-json\/wp\/v2\/posts\/1737\/revisions"}],"predecessor-version":[{"id":1739,"href":"https:\/\/balatonkeresztur.plebania.hu\/index.php\/wp-json\/wp\/v2\/posts\/1737\/revisions\/1739"}],"wp:attachment":[{"href":"https:\/\/balatonkeresztur.plebania.hu\/index.php\/wp-json\/wp\/v2\/media?parent=1737"}],"wp:term":[{"taxonomy":"category","embeddable":true,"href":"https:\/\/balatonkeresztur.plebania.hu\/index.php\/wp-json\/wp\/v2\/categories?post=1737"},{"taxonomy":"post_tag","embeddable":true,"href":"https:\/\/balatonkeresztur.plebania.hu\/index.php\/wp-json\/wp\/v2\/tags?post=1737"}],"curies":[{"name":"wp","href":"https:\/\/api.w.org\/{rel}","templated":true}]}}