{"id":1729,"date":"2025-05-18T13:17:18","date_gmt":"2025-05-18T13:17:18","guid":{"rendered":"https:\/\/balatonkeresztur.plebania.hu\/?p=1729"},"modified":"2025-05-18T13:17:18","modified_gmt":"2025-05-18T13:17:18","slug":"xiv-leo-papa-unnepelyesen-megkezdte-peteri-szolgalatat","status":"publish","type":"post","link":"https:\/\/balatonkeresztur.plebania.hu\/index.php\/2025\/05\/18\/xiv-leo-papa-unnepelyesen-megkezdte-peteri-szolgalatat\/","title":{"rendered":"XIV. Le\u00f3 p\u00e1pa \u00fcnnep\u00e9lyesen megkezdte p\u00e9teri szolg\u00e1lat\u00e1t"},"content":{"rendered":"\n<figure class=\"wp-block-image size-full is-resized\"><img loading=\"lazy\" decoding=\"async\" width=\"800\" height=\"533\" src=\"https:\/\/balatonkeresztur.plebania.hu\/wp-content\/uploads\/2025\/05\/img1-1.jpg\" alt=\"\" class=\"wp-image-1730\" style=\"width:593px;height:auto\" srcset=\"https:\/\/balatonkeresztur.plebania.hu\/wp-content\/uploads\/2025\/05\/img1-1.jpg 800w, https:\/\/balatonkeresztur.plebania.hu\/wp-content\/uploads\/2025\/05\/img1-1-768x512.jpg 768w, https:\/\/balatonkeresztur.plebania.hu\/wp-content\/uploads\/2025\/05\/img1-1-450x300.jpg 450w\" sizes=\"auto, (max-width: 800px) 100vw, 800px\" \/><\/figure>\n\n\n\n<p>M\u00e1jus 18-\u00e1n XIV. Le\u00f3 p\u00e1pa \u00fcnnep\u00e9lyesen megkezdte p\u00e9teri szolg\u00e1lat\u00e1t a Szent P\u00e9ter t\u00e9ren bemutatott szentmis\u00e9vel, melyben \u00e1tvette a palliumot \u00e9s a hal\u00e1szgy\u0171r\u0171t.<\/p>\n\n\n\n<!--more-->\n\n\n\n<p>A p\u00e1pai szentmis\u00e9n egy\u00fctt \u00fcnnepelt Erd\u0151 P\u00e9ter b\u00edboros, pr\u00edm\u00e1s, esztergom-budapesti \u00e9rsek, N\u00e9met L\u00e1szl\u00f3 b\u00edboros, belgr\u00e1di \u00e9rsek \u00e9s a b\u00edborosi koll\u00e9gium tagjai.<\/p>\n\n\n\n<p>A paps\u00e1g \u00e9s a h\u00edvek sokas\u00e1ga mellett \u00e1llami deleg\u00e1ci\u00f3k \u00e9rkeztek a vil\u00e1g minden t\u00e1j\u00e1r\u00f3l; Olaszorsz\u00e1g \u00e9s Peru r\u00e9sz\u00e9r\u0151l a legmagasabb szinten: Sergio Mattarella olasz k\u00f6zt\u00e1rsas\u00e1gi eln\u00f6k, illetve Dina Boluarte perui eln\u00f6k is r\u00e9szt vett a szentmis\u00e9n. Magyarorsz\u00e1got Sulyok Tam\u00e1s k\u00f6zt\u00e1rsas\u00e1gi eln\u00f6k \u00e9s Semj\u00e9n Zsolt minisztereln\u00f6k-helyettes k\u00e9pviselte. Jelen volt Ursula von der Leyen, az Eur\u00f3pai Bizotts\u00e1g eln\u00f6ke, Roberta Metsola, az Eur\u00f3pai Parlament eln\u00f6ke, J. D. Vance, az Egyes\u00fclt \u00c1llamok aleln\u00f6ke \u00e9s Volodimir Zelenszkij ukr\u00e1n eln\u00f6k.<\/p>\n\n\n\n<figure class=\"wp-block-image\"><a href=\"javascript:void(0);\"><img decoding=\"async\" src=\"https:\/\/www.magyarkurir.hu\/img1.php?id=147646&amp;v=&amp;p=1&amp;img=c_v1.jpg\" alt=\"\"\/><\/a><\/figure>\n\n\n\n<p>A p\u00e1pamobil reggel 9 \u00f3ra t\u00e1jt indult el, \u00e9s egy nagyobb k\u00f6rt megt\u00e9ve \u00e9rkezett meg a Szent P\u00e9ter t\u00e9rre, ahol 10 \u00f3rakor kezd\u0151d\u00f6tt el az \u00fcnnep\u00e9lyes szentmise, mellyel XIV. Le\u00f3 p\u00e1pa hivatalosan megkezdte p\u00e9teri szolg\u00e1lat\u00e1t.<\/p>\n\n\n\n<blockquote class=\"wp-block-quote is-layout-flow wp-block-quote-is-layout-flow\">\n<p>Tu es Petrus\u201d&nbsp;<\/p>\n<\/blockquote>\n\n\n\n<p>\u2013 hangzott az \u00e9nek, mik\u00f6zben Le\u00f3 p\u00e1pa a keleti hierarch\u00e1kkal egy\u00fctt lement P\u00e9ter apostol s\u00edrj\u00e1hoz, ott im\u00e1dkozott, majd a b\u00edborosok hossz\u00fa menete elindult a bazilik\u00e1n \u00e1t a Szent P\u00e9ter t\u00e9r fel\u00e9.&nbsp;<\/p>\n\n\n\n<figure class=\"wp-block-image\"><a href=\"javascript:void(0);\"><img decoding=\"async\" src=\"https:\/\/www.magyarkurir.hu\/img1.php?id=147646&amp;v=&amp;p=1&amp;img=c_v10.jpg\" alt=\"\"\/><\/a><\/figure>\n\n\n\n<p>A k\u00f3rus hosszan k\u00e9rte a szentek, k\u00f6zt\u00fck a szentt\u00e9 avatott p\u00e1p\u00e1k k\u00f6zbenj\u00e1r\u00e1s\u00e1t az \u00faj egyh\u00e1zf\u0151\u00e9rt: \u201eseg\u00edtsd meg \u0151t\u201d&nbsp;\u2013 sz\u00f3lt a v\u00e1lasz latinul.<\/p>\n\n\n\n<p>Az els\u0151 olvasm\u00e1ny spanyolul, a zsolt\u00e1r olaszul, a szentlecke angolul hangzott el; az evang\u00e9liumot J\u00e1nos apostol k\u00f6nyv\u00e9nek 21. fejezet\u00e9b\u0151l vett\u00e9k. Az evang\u00e9liumot az anyaszentegyh\u00e1z m\u00e1sik \u0151si nyelv\u00e9n, g\u00f6r\u00f6g\u00fcl is felolvast\u00e1k.<\/p>\n\n\n\n<figure class=\"wp-block-image\"><a href=\"javascript:void(0);\"><img decoding=\"async\" src=\"https:\/\/www.magyarkurir.hu\/img1.php?id=147646&amp;v=&amp;p=1&amp;img=c_v18.jpg\" alt=\"\"\/><\/a><\/figure>\n\n\n\n<p>Ezt k\u00f6vet\u0151en b\u00edborosok \u00e1tadt\u00e1k a p\u00e1p\u00e1nak a palliumot \u00e9s a hal\u00e1szgy\u0171r\u0171t. A palliumot P\u00e9ter s\u00edrja mell\u0151l vitt\u00e9k az olt\u00e1rhoz, a sebhelyeket jelk\u00e9pez\u0151 fekete keresztekbe beleillesztett\u00e9k a sz\u00f6geket.&nbsp;<\/p>\n\n\n\n<figure class=\"wp-block-image\"><a href=\"javascript:void(0);\"><img decoding=\"async\" src=\"https:\/\/www.magyarkurir.hu\/img1.php?id=147646&amp;v=&amp;p=1&amp;img=c_v21.jpg\" alt=\"\"\/><\/a><\/figure>\n\n\n\n<p>Az <em>Ad multos anni <\/em>ut\u00e1n Isten n\u00e9pe&nbsp;\u2013 a k\u00fcl\u00f6nb\u00f6z\u0151 vil\u00e1gr\u00e9szek \u00e9s \u00e9let\u00e1llapotok \u2013 k\u00e9pviselet\u00e9ben h\u0171s\u00e9get fogadtak az \u00faj p\u00e1p\u00e1nak, aki ezut\u00e1n mondta el az al\u00e1bb \u2013 T\u00f6r\u00f6k Csaba ford\u00edt\u00e1s\u00e1ban&nbsp;\u2013 eg\u00e9sz\u00e9ben olvashat\u00f3 hom\u00edli\u00e1t.<\/p>\n\n\n\n<figure class=\"wp-block-embed is-type-video is-provider-youtube wp-block-embed-youtube wp-embed-aspect-16-9 wp-has-aspect-ratio\"><div class=\"wp-block-embed__wrapper\">\n<iframe loading=\"lazy\" title=\"Pope Leo XIV Receives Fisherman Ring in the Mass of the Inauguration of His Petrine Ministry\" width=\"584\" height=\"329\" src=\"https:\/\/www.youtube.com\/embed\/JXqz_Hd3Imw?feature=oembed\" frameborder=\"0\" allow=\"accelerometer; autoplay; clipboard-write; encrypted-media; gyroscope; picture-in-picture; web-share\" referrerpolicy=\"strict-origin-when-cross-origin\" allowfullscreen><\/iframe>\n<\/div><\/figure>\n\n\n\n<p>*<\/p>\n\n\n\n<p>Mindannyi\u00f3tokat h\u00e1latelt sz\u00edvvel k\u00f6sz\u00f6ntelek a r\u00e1m b\u00edzott szolg\u00e1lat kezdet\u00e9n. Szent \u00c1goston \u00edgy \u00edrt: \u201eMagadnak teremtett\u00e9l, [Uram,] minket, \u00e9s nyugtalan a mi sz\u00edv\u00fcnk, am\u00edg meg nem nyugszik Tebenned\u201d (<em>Confessiones<\/em>, 1, 1.1).<\/p>\n\n\n\n<p>Az elm\u00falt napokban kiv\u00e9telesen intenz\u00edv id\u0151szakot \u00e9lt\u00fcnk meg. Ferenc p\u00e1pa hal\u00e1la szomor\u00fas\u00e1ggal t\u00f6lt\u00f6tte el sz\u00edveinket, s azokban a neh\u00e9z \u00f3r\u00e1kban \u00fagy \u00e9rezt\u00fck magunkat, mint a n\u00e9p, amelyr\u0151l azt \u00edrja az evang\u00e9lium: \u201eolyanok voltak, mint a p\u00e1sztor n\u00e9lk\u00fcli ny\u00e1j\u201d (Mt 9,36).<\/p>\n\n\n\n<blockquote class=\"wp-block-quote is-layout-flow wp-block-quote-is-layout-flow\">\n<p>Pontosan h\u00fasv\u00e9t napj\u00e1n azonban m\u00e9g megkaptuk utols\u00f3 \u00e1ld\u00e1s\u00e1t, s a felt\u00e1mad\u00e1s f\u00e9ny\u00e9ben n\u00e9zt\u00fcnk szembe ezzel a pillanattal.<\/p>\n<\/blockquote>\n\n\n\n<p>Biztosak lehett\u00fcnk abban, hogy az \u00dar soha nem hagyja mag\u00e1ra n\u00e9p\u00e9t, egybegy\u0171jti azt, amikor sz\u00e9tsz\u00f3r\u00f3dik, \u00e9s \u201e\u0151rzi, mint p\u00e1sztor a ny\u00e1j\u00e1t\u201d (Jer 31,10).<\/p>\n\n\n\n<figure class=\"wp-block-image\"><a href=\"javascript:void(0);\"><img decoding=\"async\" src=\"https:\/\/www.magyarkurir.hu\/img1.php?id=147646&amp;v=&amp;p=1&amp;img=c_v26.jpg\" alt=\"\"\/><\/a><\/figure>\n\n\n\n<p>Ezzel a h\u00edv\u0151 lelk\u00fclettel gy\u0171lt egybe a b\u00edborosi koll\u00e9gium a konkl\u00e1v\u00e9ra; m\u00e1s \u00e9s m\u00e1s t\u00f6rt\u00e9netekkel, utakon \u00e9rkezt\u00fcnk, s Isten kez\u00e9be helyezt\u00fck v\u00e1gyunkat, hogy megv\u00e1lasszuk P\u00e9ter \u00faj ut\u00f3d\u00e1t, R\u00f3ma p\u00fcsp\u00f6k\u00e9t, egy olyan p\u00e1sztort, aki k\u00e9pes meg\u0151rizni a kereszt\u00e9ny hit gazdag \u00f6r\u00f6ks\u00e9g\u00e9t, ugyanakkor messzire is kitekint, hogy szemben\u00e9zzen a mai k\u00e9rd\u00e9sekkel, nyugtalans\u00e1gokkal \u00e9s kih\u00edv\u00e1sokkal. Im\u00e1itok k\u00eds\u00e9rtek minket, s mi megtapasztaltuk a Szentl\u00e9lek m\u0171k\u00f6d\u00e9s\u00e9t, aki k\u00e9pes volt \u00f6sszhangot teremteni az elt\u00e9r\u0151 hangszerek k\u00f6z\u00f6tt, m\u00edgnem sz\u00edveink h\u00farjai egyetlen dallamot sz\u00f3laltattak meg.<\/p>\n\n\n\n<blockquote class=\"wp-block-quote is-layout-flow wp-block-quote-is-layout-flow\">\n<p>Minden \u00e9rdem n\u00e9lk\u00fcl v\u00e1lasztottak meg, f\u00e9lve \u00e9s remegve <em>\u00fagy j\u00f6v\u00f6k hozz\u00e1tok, mint egy testv\u00e9r<\/em>, aki hitetek \u00e9s \u00f6r\u00f6m\u00f6t\u00f6k szolg\u00e1ja akar lenni,<\/p>\n<\/blockquote>\n\n\n\n<p>veletek j\u00e1rva Isten szeretet\u00e9nek \u00fatj\u00e1n, aki azt szeretn\u00e9, hogy mindannyian egyetlen csal\u00e1dban egyes\u00fcljetek.<\/p>\n\n\n\n<p><em>Szeretet \u00e9s egys\u00e9g<\/em>: ez a J\u00e9zus \u00e1ltal P\u00e9terre b\u00edzott k\u00fcldet\u00e9s k\u00e9t dimenzi\u00f3ja.<\/p>\n\n\n\n<p>Err\u0151l sz\u00e1mol be az evang\u00e9lium, amely Tib\u00e9ri\u00e1s tav\u00e1nak partj\u00e1ra visz el minket, ugyanoda, ahol J\u00e9zus egykor megkezdte az Aty\u00e1t\u00f3l kapott k\u00fcldet\u00e9s\u00e9t: \u201ekivetette a h\u00e1l\u00f3t\u201d az emberek k\u00f6r\u00e9ben, hogy kimentse \u0151ket a rossz \u00e9s a hal\u00e1l vizeib\u0151l. A t\u00f3 partj\u00e1n j\u00e1rva h\u00edvta meg P\u00e9tert \u00e9s a t\u00f6bbi els\u0151 tan\u00edtv\u00e1nyt, hogy legyenek hozz\u00e1 hasonl\u00f3an \u201eemberek hal\u00e1szai\u201d; most pedig, a felt\u00e1mad\u00e1s ut\u00e1n, imm\u00e1r az \u0151 feladatuk lesz, hogy folytass\u00e1k ezt a k\u00fcldet\u00e9st, \u00fajra meg \u00fajra kivetve a h\u00e1l\u00f3t, hogy az al\u00e1mer\u00edtse a vil\u00e1g vizeibe az evang\u00e9lium rem\u00e9nys\u00e9g\u00e9t, az \u00e9let tenger\u00e9n haj\u00f3zva, hogy mindenki eljusson az Isten \u00f6lel\u00e9s\u00e9be.<\/p>\n\n\n\n<figure class=\"wp-block-image\"><a href=\"javascript:void(0);\"><img decoding=\"async\" src=\"https:\/\/www.magyarkurir.hu\/img1.php?id=147646&amp;v=&amp;p=1&amp;img=c_v20.jpg\" alt=\"\"\/><\/a><\/figure>\n\n\n\n<p>Mik\u00e9nt v\u00e9gezheti el P\u00e9ter ezt a feladatot? Az evang\u00e9lium azt \u00edrja, hogy ez csakis az\u00e9rt lehets\u00e9ges, mert saj\u00e1t \u00e9let\u00e9ben tapasztalta meg Isten v\u00e9gtelen \u00e9s felt\u00e9tlen szeretet\u00e9t, m\u00e9g buk\u00e1sa \u00e9s tagad\u00e1sa \u00f3r\u00e1j\u00e1ban is. Ez\u00e9rt, amikor J\u00e9zus fordul P\u00e9terhez, az evang\u00e9lium a g\u00f6r\u00f6g <em>agapa\u00f3<\/em> ig\u00e9t haszn\u00e1lja, ami Isten ir\u00e1ntunk \u00e9rzett szeretet\u00e9re, fenntart\u00e1sok \u00e9s sz\u00e1m\u00edt\u00e1sok n\u00e9lk\u00fcli \u00f6nfelaj\u00e1nl\u00e1s\u00e1ra vonatkozik. M\u00e1s ez az ige, mint az, amelyet P\u00e9ter v\u00e1lasz\u00e1ban tal\u00e1lunk: ez ut\u00f3bbi a bar\u00e1ti szeretetet \u00edrja le, amellyel egym\u00e1s ir\u00e1nt vagyunk.<\/p>\n\n\n\n<p>Amikor J\u00e9zus ezt k\u00e9rdezi P\u00e9tert\u0151l: \u201eSimon, J\u00e1nos fia, szeretsz engem?\u201d (Jn 21,16), akkor teh\u00e1t az Atya szeretet\u00e9re utal. Mintha ezt mondan\u00e1 neki J\u00e9zus:<\/p>\n\n\n\n<blockquote class=\"wp-block-quote is-layout-flow wp-block-quote-is-layout-flow\">\n<p>ha megismerted \u00e9s megtapasztaltad Istennek ezt a szeretet\u00e9t, amely soha nem fogyatkozik, csakis akkor leszel k\u00e9pes legeltetni a juhaimat.<\/p>\n<\/blockquote>\n\n\n\n<p>Csakis az Atyaisten szeretet\u00e9ben tudod majd szeretni a testv\u00e9reidet \u201ejobban\u201d, vagyis fel\u00e1ldozva \u00e9letedet a testv\u00e9reid\u00e9rt.<\/p>\n\n\n\n<p>P\u00e9terre b\u00edzza teh\u00e1t a \u201ejobban szeret\u00e9s\u201d feladat\u00e1t, azt, hogy \u00e9let\u00e9t adja a ny\u00e1j\u00e9rt. P\u00e9ter szolg\u00e1lat\u00e1t pontosan ez az \u00e1ldozatk\u00e9sz szeretet jellemzi, mivel R\u00f3ma egyh\u00e1za a szeretetben j\u00e1r el\u00f6l, s val\u00f3di tekint\u00e9lye nem m\u00e1s, mint Krisztus szeretete. Nem lehengerl\u00e9ssel, vall\u00e1si propagand\u00e1val vagy hatalmi eszk\u00f6z\u00f6kkel kell megragadnia a t\u00f6bbieket, hanem mindig \u00e9s csakis azzal a szeretettel, amelyre J\u00e9zus adott p\u00e9ld\u00e1t.<\/p>\n\n\n\n<figure class=\"wp-block-image\"><a href=\"javascript:void(0);\"><img decoding=\"async\" src=\"https:\/\/www.magyarkurir.hu\/img1.php?id=147646&amp;v=&amp;p=1&amp;img=c_v28.jpg\" alt=\"\"\/><\/a><\/figure>\n\n\n\n<p>Maga P\u00e9ter apostol mondja, hogy \u0150 [J\u00e9zus] \u201eaz a k\u0151, amelyet ti, az \u00e9p\u00edt\u0151k, elvetettetek, s amely szegletk\u0151 lett\u201d (ApCsel 4,11). Ha pedig J\u00e9zus a k\u0151, akkor P\u00e9ternek a ny\u00e1j legeltet\u00e9se k\u00f6zben mindig ellen kell \u00e1llnia a k\u00eds\u00e9rt\u00e9snek, miszerint \u0151 egy mag\u00e1nyos harcos vagy a t\u00f6bbiek f\u00f6l\u00e9 helyezett f\u0151, aki uralkodik a r\u00e1b\u00edzott emberek f\u00f6l\u00f6tt (ld. 1Pt 5,3); \u00e9pp ellenkez\u0151leg, arra nyert megh\u00edv\u00e1st, hogy szolg\u00e1lja a testv\u00e9rek hit\u00e9t, egy\u00fctt j\u00e1rva vel\u00fck: mindannyian \u201e\u00e9l\u0151 k\u00f6vekk\u00e9\u201d lett\u00fcnk (1Pt 2,5), akiknek az a kereszts\u00e9gben kapott hivat\u00e1sa, hogy fel\u00e9p\u00edts\u00fck az Isten h\u00e1z\u00e1t, m\u00e9gpedig testv\u00e9ri k\u00f6z\u00f6ss\u00e9gben, a L\u00e9lek harm\u00f3ni\u00e1j\u00e1ban, a k\u00fcl\u00f6nb\u00f6z\u0151s\u00e9gek egy\u00fctt\u00e9l\u00e9s\u00e9ben. Szent \u00c1goston is kijelenti: \u201eAz Egyh\u00e1z mindazokb\u00f3l \u00e1ll, akik \u00f6sszhangban vannak a testv\u00e9reikkel \u00e9s szeretik a felebar\u00e1tjukat\u201d (Hom. 359, 9).<\/p>\n\n\n\n<p>Testv\u00e9reim, szeretn\u00e9m, hogy ez legyen a mi els\u0151 nagy v\u00e1gyunk:<\/p>\n\n\n\n<blockquote class=\"wp-block-quote is-layout-flow wp-block-quote-is-layout-flow\">\n<p><em>egy egyes\u00fclt Egyh\u00e1z, az egys\u00e9g \u00e9s a k\u00f6z\u00f6ss\u00e9g jele, amely a kiengesztel\u0151d\u00f6tt vil\u00e1g kov\u00e1sz\u00e1v\u00e1 lesz<\/em>.<\/p>\n<\/blockquote>\n\n\n\n<p>Korunkban m\u00e9g mindig t\u00fal sok visz\u00e1lyt, t\u00fal sok sebet l\u00e1tunk, amelyet a gy\u0171l\u00f6let, az er\u0151szak, az el\u0151\u00edt\u00e9let, a m\u00e1smilyent\u0151l val\u00f3 f\u00e9lelem, a F\u00f6ld er\u0151forr\u00e1sait kizs\u00e1km\u00e1nyol\u00f3 \u00e9s a legszeg\u00e9nyebbeket kirekeszt\u0151 gazdas\u00e1g okoz. Mi ebben a t\u00e9szt\u00e1ban szeretn\u00e9nk az egys\u00e9g, a k\u00f6z\u00f6ss\u00e9g, a testv\u00e9ris\u00e9g apr\u00f3 kov\u00e1sza lenni. Al\u00e1zattal \u00e9s \u00f6r\u00f6mmel szeretn\u00e9nk ezt mondani a vil\u00e1gnak: N\u00e9zzetek Krisztusra! K\u00f6zeledjetek Hozz\u00e1! Fogadj\u00e1tok be Szav\u00e1t, amely megvil\u00e1gos\u00edt \u00e9s megvigasztal! Hallj\u00e1tok meg a szeretetre ir\u00e1nyul\u00f3 javaslat\u00e1t, hogy az \u0150 egyetlen csal\u00e1dj\u00e1v\u00e1 v\u00e1ljatok: <em>az egyetlen Krisztusban egyek vagyunk<\/em>. Ez az \u00fat, amelyet egy\u00fctt kell bej\u00e1rnunk, a saj\u00e1t k\u00f6z\u00f6ss\u00e9g\u00fcnkben, de egy\u00fctt a kereszt\u00e9ny n\u0151v\u00e9r-egyh\u00e1zakkal, azokkal, akik m\u00e1s vall\u00e1si utakon j\u00e1rnak, akik nyugtalan sz\u00edvvel keresik az Istent, minden j\u00f3akarat\u00fa f\u00e9rfival \u00e9s n\u0151vel, hogy olyan \u00faj vil\u00e1got \u00e9p\u00edts\u00fcnk fel, amelyben b\u00e9ke uralkodik.<\/p>\n\n\n\n<figure class=\"wp-block-image\"><a href=\"javascript:void(0);\"><img decoding=\"async\" src=\"https:\/\/www.magyarkurir.hu\/img1.php?id=147646&amp;v=&amp;p=1&amp;img=c_v33.jpg\" alt=\"\"\/><\/a><\/figure>\n\n\n\n<p>Ennek a misszi\u00f3s lelk\u00fcletnek kell lelkes\u00edtenie minket.<\/p>\n\n\n\n<blockquote class=\"wp-block-quote is-layout-flow wp-block-quote-is-layout-flow\">\n<p>Nem z\u00e1rulhatunk be kis csoportjainkba, s a vil\u00e1gn\u00e1l fels\u0151bb rend\u0171nek sem \u00e9rezhetj\u00fck magunkat;<\/p>\n<\/blockquote>\n\n\n\n<p>arra nyert\u00fcnk megh\u00edv\u00e1st, hogy mindenkinek felk\u00edn\u00e1ljuk Isten szeretet\u00e9t, hogy megval\u00f3suljon az az egys\u00e9g, amely nem sz\u00fcnteti meg a k\u00fcl\u00f6nb\u00f6z\u0151s\u00e9geket, hanem \u00e9rt\u00e9keli mindenki szem\u00e9lyes t\u00f6rt\u00e9net\u00e9t \u00e9s minden n\u00e9p t\u00e1rsadalmi \u00e9s vall\u00e1si kult\u00far\u00e1j\u00e1t.<\/p>\n\n\n\n<p>Testv\u00e9reim, ez a szeretet \u00f3r\u00e1ja! Isten szeretete egym\u00e1s testv\u00e9reiv\u00e9 tesz minket. Ez a szeretet az evang\u00e9lium sz\u00edve. El\u0151d\u00f6mmel, XIII. Le\u00f3val ma megk\u00e9rdezhetj\u00fck magunkt\u00f3l: \u201enem sz\u0171nne meg r\u00f6vid \u00faton minden visz\u00e1lykod\u00e1s, mihelyt ez [a krit\u00e9rium] \u00e9rv\u00e9nyes\u00fclne az emberi t\u00e1rsadalomban?\u201d (<em>Rerum novarum<\/em> enciklika, nr. 21).<\/p>\n\n\n\n<figure class=\"wp-block-image\"><a href=\"javascript:void(0);\"><img decoding=\"async\" src=\"https:\/\/www.magyarkurir.hu\/img1.php?id=147646&amp;v=&amp;p=1&amp;img=c_v6.jpg\" alt=\"\"\/><\/a><\/figure>\n\n\n\n<p>A Szentl\u00e9lek f\u00e9ny\u00e9vel \u00e9s erej\u00e9vel&nbsp;\u00e9p\u00edts\u00fcnk egy olyan Egyh\u00e1zat, amely Isten szeretet\u00e9nek alapj\u00e1n \u00e1ll, az egys\u00e9g jele,<\/p>\n\n\n\n<blockquote class=\"wp-block-quote is-layout-flow wp-block-quote-is-layout-flow\">\n<p>egy misszi\u00f3s Egyh\u00e1zat, amely kit\u00e1rja karjait a vil\u00e1g fel\u00e9,<\/p>\n<\/blockquote>\n\n\n\n<p>amely hirdeti az Ig\u00e9t, amely engedi, hogy nyugtalan\u00edtsa a t\u00f6rt\u00e9nelem, \u00e9s amely az \u00f6sszhang kov\u00e1sz\u00e1v\u00e1 v\u00e1lik az emberis\u00e9g jav\u00e1ra.<\/p>\n\n\n\n<p>Egy\u00fctt, egyetlen n\u00e9pk\u00e9nt, mindannyian mint testv\u00e9rek haladjunk Isten fel\u00e9, \u00e9s szeress\u00fck k\u00f6lcs\u00f6n\u00f6sen egym\u00e1st!<\/p>\n\n\n\n<p>*<\/p>\n\n\n\n<p>A szentmise v\u00e9g\u00e9n XIV. Le\u00f3 p\u00e1pa megk\u00f6sz\u00f6nte a r\u00e9szv\u00e9telt mindenkinek, \u00e9s elmondta:<\/p>\n\n\n\n<blockquote class=\"wp-block-quote is-layout-flow wp-block-quote-is-layout-flow\">\n<p>nagyon er\u0151sen \u00e9rezte Ferenc p\u00e1pa jelenl\u00e9t\u00e9t, aki a mennyekb\u0151l k\u00eds\u00e9r minket.<\/p>\n<\/blockquote>\n\n\n\n<p>A <em>Regina Caeli<\/em> el\u00e9nekl\u00e9se ut\u00e1n megeml\u00e9kezett a m\u00e1jus 17-\u00e9n boldogg\u00e1 avatott francia papr\u00f3l, Camille Cost\u00e1r\u00f3l, majd a h\u00e1bor\u00fak elszenved\u0151i\u00e9rt im\u00e1dkozott.<\/p>\n\n\n\n<figure class=\"wp-block-image\"><a href=\"javascript:void(0);\"><img decoding=\"async\" src=\"https:\/\/www.magyarkurir.hu\/img1.php?id=147646&amp;v=&amp;p=1&amp;img=c_v27.jpg\" alt=\"\"\/><\/a><\/figure>\n\n\n\n<blockquote class=\"wp-block-quote is-layout-flow wp-block-quote-is-layout-flow\">\n<p>M\u00e1ri\u00e1ra, a J\u00f3 tan\u00e1cs Anyj\u00e1ra n\u00e9z\u00fcnk fel P\u00e9ter b\u00e1rk\u00e1j\u00e1b\u00f3l&nbsp;<\/p>\n<\/blockquote>\n\n\n\n<p>\u2013 fogalmazott. A liturgia alatt az olt\u00e1r mellett \u00e1llt a J\u00f3 tan\u00e1cs Anyja kegyk\u00e9p m\u00e1solata; az eredetit \u0151rz\u0151 kegyhelyre, egy R\u00f3ma k\u00f6zeli \u00e1gostonos rendh\u00e1zba vezetett <a href=\"https:\/\/www.magyarkurir.hu\/hirek\/xiv-leo-papa-elso-maganlatogatasa-maria-jo-tanacs-anyja-kegyhelyre-vezetett\" target=\"_blank\" rel=\"noreferrer noopener\">Le\u00f3 p\u00e1pa els\u0151 Vatik\u00e1non k\u00edv\u00fcli \u00fatja<\/a>.&nbsp;<\/p>\n\n\n\n<p>A p\u00e9teri szolg\u00e1lata kezdet\u00e9t jelent\u0151 szentmise \u00e9s az Urbi et Orbi \u00e1ld\u00e1s ut\u00e1n a Szent P\u00e9ter-bazilik\u00e1ban fogadta a nem katolikus vezet\u0151ket, k\u00f6zt\u00fck Bartholomaiosz konstantin\u00e1polyi \u00f6kumenikus p\u00e1tri\u00e1rk\u00e1t.&nbsp;<\/p>\n\n\n\n<p>Fot\u00f3: Vatican Media<\/p>\n\n\n\n<p>forr\u00e1s: <a href=\"https:\/\/www.magyarkurir.hu\/hirek\/xiv-leo-papa-unnepelyesen-megkezdte-peteri-szolgalatat\" target=\"_blank\" rel=\"noreferrer noopener\">Magyar kur\u00edr<\/a><\/p>\n\n\n\n<p><\/p>\n","protected":false},"excerpt":{"rendered":"<p>M\u00e1jus 18-\u00e1n XIV. Le\u00f3 p\u00e1pa \u00fcnnep\u00e9lyesen megkezdte p\u00e9teri szolg\u00e1lat\u00e1t a Szent P\u00e9ter t\u00e9ren bemutatott szentmis\u00e9vel, melyben \u00e1tvette a palliumot \u00e9s a hal\u00e1szgy\u0171r\u0171t.<\/p>\n","protected":false},"author":1,"featured_media":0,"comment_status":"closed","ping_status":"open","sticky":false,"template":"","format":"standard","meta":{"footnotes":""},"categories":[1],"tags":[],"class_list":["post-1729","post","type-post","status-publish","format-standard","hentry","category-egyeb"],"_links":{"self":[{"href":"https:\/\/balatonkeresztur.plebania.hu\/index.php\/wp-json\/wp\/v2\/posts\/1729","targetHints":{"allow":["GET"]}}],"collection":[{"href":"https:\/\/balatonkeresztur.plebania.hu\/index.php\/wp-json\/wp\/v2\/posts"}],"about":[{"href":"https:\/\/balatonkeresztur.plebania.hu\/index.php\/wp-json\/wp\/v2\/types\/post"}],"author":[{"embeddable":true,"href":"https:\/\/balatonkeresztur.plebania.hu\/index.php\/wp-json\/wp\/v2\/users\/1"}],"replies":[{"embeddable":true,"href":"https:\/\/balatonkeresztur.plebania.hu\/index.php\/wp-json\/wp\/v2\/comments?post=1729"}],"version-history":[{"count":1,"href":"https:\/\/balatonkeresztur.plebania.hu\/index.php\/wp-json\/wp\/v2\/posts\/1729\/revisions"}],"predecessor-version":[{"id":1731,"href":"https:\/\/balatonkeresztur.plebania.hu\/index.php\/wp-json\/wp\/v2\/posts\/1729\/revisions\/1731"}],"wp:attachment":[{"href":"https:\/\/balatonkeresztur.plebania.hu\/index.php\/wp-json\/wp\/v2\/media?parent=1729"}],"wp:term":[{"taxonomy":"category","embeddable":true,"href":"https:\/\/balatonkeresztur.plebania.hu\/index.php\/wp-json\/wp\/v2\/categories?post=1729"},{"taxonomy":"post_tag","embeddable":true,"href":"https:\/\/balatonkeresztur.plebania.hu\/index.php\/wp-json\/wp\/v2\/tags?post=1729"}],"curies":[{"name":"wp","href":"https:\/\/api.w.org\/{rel}","templated":true}]}}