{"id":1723,"date":"2025-05-18T12:47:50","date_gmt":"2025-05-18T12:47:50","guid":{"rendered":"https:\/\/balatonkeresztur.plebania.hu\/?p=1723"},"modified":"2025-05-18T12:51:26","modified_gmt":"2025-05-18T12:51:26","slug":"karitasz-lelki-nap-9","status":"publish","type":"post","link":"https:\/\/balatonkeresztur.plebania.hu\/index.php\/2025\/05\/18\/karitasz-lelki-nap-9\/","title":{"rendered":"Karit\u00e1sz lelki nap"},"content":{"rendered":"\n<p>\u00a0<\/p>\n\n\n\n<figure class=\"wp-block-image size-full is-resized\"><a href=\"https:\/\/photos.app.goo.gl\/tFJ6eEAFq2FF64fG9\" target=\"_blank\" rel=\" noreferrer noopener\"><img loading=\"lazy\" decoding=\"async\" width=\"1920\" height=\"2560\" src=\"https:\/\/balatonkeresztur.plebania.hu\/wp-content\/uploads\/2025\/05\/1747497656313-scaled.jpg\" alt=\"\" class=\"wp-image-1725\" style=\"width:432px;height:auto\" srcset=\"https:\/\/balatonkeresztur.plebania.hu\/wp-content\/uploads\/2025\/05\/1747497656313-scaled.jpg 1920w, https:\/\/balatonkeresztur.plebania.hu\/wp-content\/uploads\/2025\/05\/1747497656313-768x1024.jpg 768w, https:\/\/balatonkeresztur.plebania.hu\/wp-content\/uploads\/2025\/05\/1747497656313-1152x1536.jpg 1152w, https:\/\/balatonkeresztur.plebania.hu\/wp-content\/uploads\/2025\/05\/1747497656313-1536x2048.jpg 1536w, https:\/\/balatonkeresztur.plebania.hu\/wp-content\/uploads\/2025\/05\/1747497656313-225x300.jpg 225w\" sizes=\"auto, (max-width: 1920px) 100vw, 1920px\" \/><\/a><\/figure>\n\n\n\n<p>J\u00e9zus kit\u00e1rta kez\u00e9t fel\u00e9nk, \u00e9s mi megint futottunk Hozz\u00e1. \u00cdgy \u00e9ltem meg ezt a tavaszi lelki napot.<\/p>\n\n\n\n<!--more-->\n\n\n\n<p>K\u00fcl\u00f6n\u00f6s er\u0151 sug\u00e1rzik sz\u00e1momra azokb\u00f3l a szentmis\u00e9kb\u0151l, ahol t\u00f6bb atya koncelebr\u00e1l egy\u00fctt. \u00cdgy volt ez ma is. Borza Mikl\u00f3s atya Balatonszemesr\u0151l, N\u00e9meth J\u00f3zsef atya K\u00e9thelyr\u0151l \u00e9s Zsolt atya, a mi pl\u00e9b\u00e1nosunk. A d\u00e9lut\u00e1nt 5 lelkes Karitasz tag im\u00e1ival kezdt\u00fck. El\u00e9nekelt\u00fck a Lorett\u00f3i lit\u00e1ni\u00e1t, majd a Szeretetl\u00e1ng lit\u00e1ni\u00e1t \u00e9s r\u00f3zsaf\u00fcz\u00e9rt mondtuk. Az Egys\u00e9g im\u00e1j\u00e1val z\u00e1rtuk az els\u0151 r\u00e9szt.<\/p>\n\n\n\n<p>&nbsp;Ezt k\u00f6vet\u0151en Mikl\u00f3s atya vezette a szents\u00e9gim\u00e1d\u00e1st.<\/p>\n\n\n\n<p>A szentgy\u00f3n\u00e1sunkat mindh\u00e1rom atya seg\u00edtette irgalmas szeretettel.<\/p>\n\n\n\n<p>A szentmis\u00e9ben Mikl\u00f3s atya az irgalmas szamarit\u00e1nus evang\u00e9liumot olvasta. Mise el\u0151tt kis szentk\u00e9peket kaptunk err\u0151l a t\u00f6rt\u00e9netr\u0151l. A k\u00e9p h\u00e1tulj\u00e1n l\u00e9v\u0151 sorok m\u00e9lyen meg\u00e9rintettek. Az irgalmass\u00e1g testi \u00e9s lelki cselekedeteit olvashattuk. A lelkigyakorlatos szentbesz\u00e9dben Mikl\u00f3s atya t\u00f6bbsz\u00f6r is id\u00e9zte Ferenc p\u00e1pa szavait. megtudhattuk, hogy az irgalmas szamarit\u00e1nusr\u00f3l Vianney Szent J\u00e1nos is \u00edrt remek sorokat.<\/p>\n\n\n\n<p>Templomunk k\u00f3rusa P\u00e9csi L\u00e1szl\u00f3 k\u00e1ntor \u00far vezet\u00e9s\u00e9vel szolg\u00e1lt a szentmis\u00e9n. K\u00f6sz\u00f6nj\u00fck a k\u00f3rustagoknak \u00e9s vezet\u0151j\u00fcknek \u00f6nfel\u00e1ldoz\u00f3 munk\u00e1jukat!<\/p>\n\n\n\n<p>A nap lelki cs\u00facspontja volt, amikor a k\u00fcl\u00f6nleges lelki alkalom miatt k\u00e9t sz\u00edn alatt is \u00e1ldozhattunk. Megrend\u00edt\u0151en sz\u00e9p \u00e9lm\u00e9ny volt!<\/p>\n\n\n\n<p>A szentmis\u00e9t k\u00f6vet\u0151en ter\u00edtett asztal v\u00e1rt benn\u00fcnket a Szent Istv\u00e1n k\u00f6z\u00f6ss\u00e9gi h\u00e1zban. Sok szorgos k\u00e9z k\u00e9sz\u00edtett finoms\u00e1gokat. J\u00f3\u00edz\u0171 besz\u00e9lget\u00e9ssel z\u00e1rul ez a nap.<\/p>\n\n\n\n<p>&nbsp;K\u00f6sz\u00f6n\u00f6m, J\u00e9zusom, hogy vel\u00fcnk volt\u00e1l! Mert&nbsp;ahol ketten vagy h\u00e1rman&nbsp;\u00f6sszegy\u0171lnek az \u00e9n&nbsp;nevemben, ott vagyok k\u00f6z\u00f6tt\u00fck&#8230; Ezt \u00e9rezt\u00fck ezen a lelki napon!<\/p>\n\n\n\n<p class=\"has-text-align-right\">Karit\u00e1sz csoport<\/p>\n","protected":false},"excerpt":{"rendered":"<p>\u00a0 J\u00e9zus kit\u00e1rta kez\u00e9t fel\u00e9nk, \u00e9s mi megint futottunk Hozz\u00e1. \u00cdgy \u00e9ltem meg ezt a tavaszi lelki napot.<\/p>\n","protected":false},"author":1,"featured_media":0,"comment_status":"closed","ping_status":"open","sticky":false,"template":"","format":"standard","meta":{"footnotes":""},"categories":[1],"tags":[],"class_list":["post-1723","post","type-post","status-publish","format-standard","hentry","category-egyeb"],"_links":{"self":[{"href":"https:\/\/balatonkeresztur.plebania.hu\/index.php\/wp-json\/wp\/v2\/posts\/1723","targetHints":{"allow":["GET"]}}],"collection":[{"href":"https:\/\/balatonkeresztur.plebania.hu\/index.php\/wp-json\/wp\/v2\/posts"}],"about":[{"href":"https:\/\/balatonkeresztur.plebania.hu\/index.php\/wp-json\/wp\/v2\/types\/post"}],"author":[{"embeddable":true,"href":"https:\/\/balatonkeresztur.plebania.hu\/index.php\/wp-json\/wp\/v2\/users\/1"}],"replies":[{"embeddable":true,"href":"https:\/\/balatonkeresztur.plebania.hu\/index.php\/wp-json\/wp\/v2\/comments?post=1723"}],"version-history":[{"count":4,"href":"https:\/\/balatonkeresztur.plebania.hu\/index.php\/wp-json\/wp\/v2\/posts\/1723\/revisions"}],"predecessor-version":[{"id":1728,"href":"https:\/\/balatonkeresztur.plebania.hu\/index.php\/wp-json\/wp\/v2\/posts\/1723\/revisions\/1728"}],"wp:attachment":[{"href":"https:\/\/balatonkeresztur.plebania.hu\/index.php\/wp-json\/wp\/v2\/media?parent=1723"}],"wp:term":[{"taxonomy":"category","embeddable":true,"href":"https:\/\/balatonkeresztur.plebania.hu\/index.php\/wp-json\/wp\/v2\/categories?post=1723"},{"taxonomy":"post_tag","embeddable":true,"href":"https:\/\/balatonkeresztur.plebania.hu\/index.php\/wp-json\/wp\/v2\/tags?post=1723"}],"curies":[{"name":"wp","href":"https:\/\/api.w.org\/{rel}","templated":true}]}}