{"id":172,"date":"2018-12-02T13:58:01","date_gmt":"2018-12-02T13:58:01","guid":{"rendered":"http:\/\/balatonkeresztur.plebania.hu\/?p=172"},"modified":"2018-12-02T17:15:54","modified_gmt":"2018-12-02T17:15:54","slug":"advent-1-vasarnapja","status":"publish","type":"post","link":"https:\/\/balatonkeresztur.plebania.hu\/index.php\/2018\/12\/02\/advent-1-vasarnapja\/","title":{"rendered":"Gyertyagy\u00fajt\u00e1s advent 1. vas\u00e1rnapj\u00e1n"},"content":{"rendered":"<p>Advent 1. vas\u00e1rnapj\u00e1n meggy\u00fajtottuk az els\u0151 gyerty\u00e1t az adventi koszor\u00fan. <!--more-->Ez jelzi, hogy elkezdt\u00fck a felk\u00e9sz\u00fcl\u00e9si id\u0151szakot Kar\u00e1csony m\u00e9lt\u00f3 meg\u00fcnnepl\u00e9s\u00e9re.<\/p>\n<p><a href=\"http:\/\/balatonkeresztur.plebania.hu\/wp-content\/uploads\/2018\/12\/IMG_0216.jpg\" target=\"_blank\" rel=\"noopener\"><img loading=\"lazy\" decoding=\"async\" class=\"alignleft wp-image-173 size-thumbnail\" src=\"http:\/\/balatonkeresztur.plebania.hu\/wp-content\/uploads\/2018\/12\/IMG_0216-150x150.jpg\" alt=\"\" width=\"150\" height=\"150\" \/><\/a>Te \u00f6ntesz bel\u00e9nk rem\u00e9nyt, megb\u00e1ntott j\u00f3 Aty\u00e1nk,<br \/>\nNehogy a pusztul\u00e1s r\u00e9me v\u00e1rjon mir\u00e1nk.<br \/>\n\u00c9l\u0151 rem\u00e9ny\u00fcnket, hirdeti a gyertya,<br \/>\nV\u00e1rva v\u00e1runk T\u00e9ged, vil\u00e1g Megv\u00e1lt\u00f3ja.<\/p>\n","protected":false},"excerpt":{"rendered":"<p>Advent 1. vas\u00e1rnapj\u00e1n meggy\u00fajtottuk az els\u0151 gyerty\u00e1t az adventi koszor\u00fan.<\/p>\n","protected":false},"author":1,"featured_media":0,"comment_status":"closed","ping_status":"open","sticky":false,"template":"","format":"standard","meta":{"footnotes":""},"categories":[1],"tags":[],"class_list":["post-172","post","type-post","status-publish","format-standard","hentry","category-egyeb"],"_links":{"self":[{"href":"https:\/\/balatonkeresztur.plebania.hu\/index.php\/wp-json\/wp\/v2\/posts\/172","targetHints":{"allow":["GET"]}}],"collection":[{"href":"https:\/\/balatonkeresztur.plebania.hu\/index.php\/wp-json\/wp\/v2\/posts"}],"about":[{"href":"https:\/\/balatonkeresztur.plebania.hu\/index.php\/wp-json\/wp\/v2\/types\/post"}],"author":[{"embeddable":true,"href":"https:\/\/balatonkeresztur.plebania.hu\/index.php\/wp-json\/wp\/v2\/users\/1"}],"replies":[{"embeddable":true,"href":"https:\/\/balatonkeresztur.plebania.hu\/index.php\/wp-json\/wp\/v2\/comments?post=172"}],"version-history":[{"count":2,"href":"https:\/\/balatonkeresztur.plebania.hu\/index.php\/wp-json\/wp\/v2\/posts\/172\/revisions"}],"predecessor-version":[{"id":175,"href":"https:\/\/balatonkeresztur.plebania.hu\/index.php\/wp-json\/wp\/v2\/posts\/172\/revisions\/175"}],"wp:attachment":[{"href":"https:\/\/balatonkeresztur.plebania.hu\/index.php\/wp-json\/wp\/v2\/media?parent=172"}],"wp:term":[{"taxonomy":"category","embeddable":true,"href":"https:\/\/balatonkeresztur.plebania.hu\/index.php\/wp-json\/wp\/v2\/categories?post=172"},{"taxonomy":"post_tag","embeddable":true,"href":"https:\/\/balatonkeresztur.plebania.hu\/index.php\/wp-json\/wp\/v2\/tags?post=172"}],"curies":[{"name":"wp","href":"https:\/\/api.w.org\/{rel}","templated":true}]}}