{"id":1708,"date":"2025-05-08T16:55:07","date_gmt":"2025-05-08T16:55:07","guid":{"rendered":"https:\/\/balatonkeresztur.plebania.hu\/?p=1708"},"modified":"2025-05-08T18:09:40","modified_gmt":"2025-05-08T18:09:40","slug":"habemus-papam","status":"publish","type":"post","link":"https:\/\/balatonkeresztur.plebania.hu\/index.php\/2025\/05\/08\/habemus-papam\/","title":{"rendered":"Habemus papam"},"content":{"rendered":"\n<figure class=\"wp-block-image size-full\"><img loading=\"lazy\" decoding=\"async\" width=\"1369\" height=\"759\" src=\"https:\/\/balatonkeresztur.plebania.hu\/wp-content\/uploads\/2025\/05\/feher.jpg\" alt=\"\" class=\"wp-image-1709\" srcset=\"https:\/\/balatonkeresztur.plebania.hu\/wp-content\/uploads\/2025\/05\/feher.jpg 1369w, https:\/\/balatonkeresztur.plebania.hu\/wp-content\/uploads\/2025\/05\/feher-768x426.jpg 768w, https:\/\/balatonkeresztur.plebania.hu\/wp-content\/uploads\/2025\/05\/feher-500x277.jpg 500w\" sizes=\"auto, (max-width: 1369px) 100vw, 1369px\" \/><\/figure>\n\n\n\n<figure class=\"wp-block-image size-full\"><img loading=\"lazy\" decoding=\"async\" width=\"1913\" height=\"1079\" src=\"https:\/\/balatonkeresztur.plebania.hu\/wp-content\/uploads\/2025\/05\/leo.jpg\" alt=\"\" class=\"wp-image-1711\" srcset=\"https:\/\/balatonkeresztur.plebania.hu\/wp-content\/uploads\/2025\/05\/leo.jpg 1913w, https:\/\/balatonkeresztur.plebania.hu\/wp-content\/uploads\/2025\/05\/leo-768x433.jpg 768w, https:\/\/balatonkeresztur.plebania.hu\/wp-content\/uploads\/2025\/05\/leo-1536x866.jpg 1536w, https:\/\/balatonkeresztur.plebania.hu\/wp-content\/uploads\/2025\/05\/leo-500x282.jpg 500w\" sizes=\"auto, (max-width: 1913px) 100vw, 1913px\" \/><\/figure>\n\n\n\n<!--more-->\n\n\n\n<p>A protodiak\u00f3nus b\u00edboros \u00e1ltal elmondott sz\u00f6veg latinul: \u201eAnnuntio vobis gaudium magnum, habemus papam! Eminentissimum ac Reverendissimum Dominum Cardinalem Robertum Franciscum Prevostem, qui sibi nomen imposuit Leonum Decimum Quartum.\u201d<\/p>\n\n\n\n<p>Magyarul: \u201eNagy \u00f6r\u00f6met hirdetek nektek! Van p\u00e1p\u00e1nk! A R\u00f3mai Anyaszentegyh\u00e1z f\u0151magass\u00e1g\u00fa \u00e9s f\u0151tisztelend\u0151 b\u00edborosa, Robert Francis Prevost, aki mag\u00e1nak a XIV. Le\u00f3 nevet v\u00e1lasztotta.\u201d<\/p>\n\n\n\n<p>Robert Francis Prevost 1955. szeptember 14-\u00e9n sz\u00fcletett Chicag\u00f3ban (Amerikai Egyes\u00fclt \u00c1llamok, Illinois \u00e1llam). Szent \u00c1goston rendj\u00e9be l\u00e9pett, majd 1981. augusztus 29-\u00e9n letette az \u00f6r\u00f6kfogadalmat.<\/p>\n\n\n\n<p>1987-ben teol\u00f3gi\u00e1b\u00f3l doktori fokozatot szerzett. 1988-ban Peruba, a trujill\u00f3i misszi\u00f3ba k\u00fcldt\u00e9k, hogy a Chulucanas, Iquitos \u00e9s Apur\u00edmac vikari\u00e1tusokban az \u00e1gostonos jel\u00f6ltek k\u00f6z\u00f6s k\u00e9pz\u00e9s\u00e9t vezesse. Ez a misszi\u00f3 11 \u00e9vig tartott, ezut\u00e1n kinevezt\u00e9k a chicag\u00f3i J\u00f3 Tan\u00e1cs Anyja tartom\u00e1ny perjel\u00e9v\u00e9, k\u00e9s\u0151bb pedig a rend \u00e1ltal\u00e1nos perjel\u00e9v\u00e9. \u00cdgy \u0151 lett a felel\u0151s az \u00c1goston-rend tervez\u00e9si \u00e9s ir\u00e1ny\u00edt\u00e1si folyamatai\u00e9rt.<\/p>\n\n\n\n<p>Ferenc p\u00e1pa 2014. november 3-\u00e1n kinevezte a perui chiclay\u00f3i egyh\u00e1zmegye apostoli korm\u00e1nyz\u00f3j\u00e1v\u00e1, \u00e9s ezzel szuf\u00e1ri c\u00edmzetes p\u00fcsp\u00f6ki m\u00e9lt\u00f3s\u00e1gra emelte. 2014. december 12-\u00e9n szentelt\u00e9k p\u00fcsp\u00f6kk\u00e9. A Szentatya 2020. \u00e1prilis 15-\u00e9n kinevezte a calla\u00f3i egyh\u00e1zmegye apostoli korm\u00e1nyz\u00f3j\u00e1v\u00e1, majd 2023-ban a P\u00fcsp\u00f6ki Dikaszt\u00e9rium prefektus\u00e1v\u00e1.<\/p>\n\n\n\n<p>forr\u00e1s: <a href=\"https:\/\/kaposvar.egyhazmegye.hu\/index.php\/hirek\/item\/1628-roma-267-puspoke-robert-francis-prevost-biboros-xiv-leo-neven-az-uj-papa\" target=\"_blank\" rel=\"noreferrer noopener\">Kaposv\u00e1ri Egyh\u00e1zmegye<\/a><\/p>\n","protected":false},"excerpt":{"rendered":"","protected":false},"author":1,"featured_media":0,"comment_status":"closed","ping_status":"open","sticky":false,"template":"","format":"standard","meta":{"footnotes":""},"categories":[1],"tags":[],"class_list":["post-1708","post","type-post","status-publish","format-standard","hentry","category-egyeb"],"_links":{"self":[{"href":"https:\/\/balatonkeresztur.plebania.hu\/index.php\/wp-json\/wp\/v2\/posts\/1708","targetHints":{"allow":["GET"]}}],"collection":[{"href":"https:\/\/balatonkeresztur.plebania.hu\/index.php\/wp-json\/wp\/v2\/posts"}],"about":[{"href":"https:\/\/balatonkeresztur.plebania.hu\/index.php\/wp-json\/wp\/v2\/types\/post"}],"author":[{"embeddable":true,"href":"https:\/\/balatonkeresztur.plebania.hu\/index.php\/wp-json\/wp\/v2\/users\/1"}],"replies":[{"embeddable":true,"href":"https:\/\/balatonkeresztur.plebania.hu\/index.php\/wp-json\/wp\/v2\/comments?post=1708"}],"version-history":[{"count":4,"href":"https:\/\/balatonkeresztur.plebania.hu\/index.php\/wp-json\/wp\/v2\/posts\/1708\/revisions"}],"predecessor-version":[{"id":1714,"href":"https:\/\/balatonkeresztur.plebania.hu\/index.php\/wp-json\/wp\/v2\/posts\/1708\/revisions\/1714"}],"wp:attachment":[{"href":"https:\/\/balatonkeresztur.plebania.hu\/index.php\/wp-json\/wp\/v2\/media?parent=1708"}],"wp:term":[{"taxonomy":"category","embeddable":true,"href":"https:\/\/balatonkeresztur.plebania.hu\/index.php\/wp-json\/wp\/v2\/categories?post=1708"},{"taxonomy":"post_tag","embeddable":true,"href":"https:\/\/balatonkeresztur.plebania.hu\/index.php\/wp-json\/wp\/v2\/tags?post=1708"}],"curies":[{"name":"wp","href":"https:\/\/api.w.org\/{rel}","templated":true}]}}