{"id":1701,"date":"2025-05-02T08:10:25","date_gmt":"2025-05-02T08:10:25","guid":{"rendered":"https:\/\/balatonkeresztur.plebania.hu\/?p=1701"},"modified":"2025-05-03T17:56:07","modified_gmt":"2025-05-03T17:56:07","slug":"karitasz-lelki-nap-8","status":"publish","type":"post","link":"https:\/\/balatonkeresztur.plebania.hu\/index.php\/2025\/05\/02\/karitasz-lelki-nap-8\/","title":{"rendered":"Karit\u00e1sz lelki nap"},"content":{"rendered":"\n<figure class=\"wp-block-image size-full is-resized\"><img loading=\"lazy\" decoding=\"async\" width=\"103\" height=\"160\" src=\"https:\/\/balatonkeresztur.plebania.hu\/wp-content\/uploads\/2025\/05\/kep.png\" alt=\"\" class=\"wp-image-1702\" style=\"width:109px;height:auto\"\/><\/figure>\n\n\n\n<p><em>A Balatonkereszt\u00fari Karit\u00e1sz Csoport szervez\u00e9s\u00e9ben<\/em><\/p>\n\n\n\n<p><em>2025. m\u00e1jus 17-\u00e9n szombaton a Szent Kereszt Felmagasztal\u00e1sa- templomban tavaszi lelki napot tartunk<\/em><\/p>\n\n\n\n<!--more-->\n\n\n\n<p><em>amelyen a k\u00f6vetkez\u0151 programok lesznek:<\/em><\/p>\n\n\n\n<ul class=\"wp-block-list\">\n<li><em>13.30 K\u00f6sz\u00f6nt\u0151, ima\u00f3ra, szents\u00e9gim\u00e1d\u00e1s<\/em><\/li>\n\n\n\n<li><em>&nbsp;sz\u00fcnet, amelynek ideje alatt gy\u00f3n\u00e1si lehet\u0151s\u00e9g a vend\u00e9g aty\u00e1kn\u00e1l<\/em><\/li>\n\n\n\n<li><em>15.00 Szentmise lelki napos elm\u00e9lked\u00e9ssel<\/em><\/li>\n\n\n\n<li><em>agap\u00e9, k\u00f6tetlen besz\u00e9lget\u00e9s a Szent Istv\u00e1n h\u00e1zban<\/em><\/li>\n<\/ul>\n\n\n\n<p><em>Mindenkit szeretettel h\u00edvunk \u00e9s v\u00e1runk!<\/em><\/p>\n\n\n\n<p>Megh\u00edvott vend\u00e9g atya Borza Mikl\u00f3s balatonszemesi pl\u00e9b\u00e1nos.<\/p>\n\n\n\n<p>let\u00f6lthet\u0151 plak\u00e1t <a href=\"http:\/\/balatonkeresztur.plebania.hu\/wp-content\/uploads\/2025\/05\/karitasz2025tavasz.pdf\" target=\"_blank\" rel=\"noreferrer noopener\">itt<\/a><\/p>\n","protected":false},"excerpt":{"rendered":"<p>A Balatonkereszt\u00fari Karit\u00e1sz Csoport szervez\u00e9s\u00e9ben 2025. m\u00e1jus 17-\u00e9n szombaton a Szent Kereszt Felmagasztal\u00e1sa- templomban tavaszi lelki napot tartunk<\/p>\n","protected":false},"author":1,"featured_media":0,"comment_status":"closed","ping_status":"open","sticky":false,"template":"","format":"standard","meta":{"footnotes":""},"categories":[1],"tags":[],"class_list":["post-1701","post","type-post","status-publish","format-standard","hentry","category-egyeb"],"_links":{"self":[{"href":"https:\/\/balatonkeresztur.plebania.hu\/index.php\/wp-json\/wp\/v2\/posts\/1701","targetHints":{"allow":["GET"]}}],"collection":[{"href":"https:\/\/balatonkeresztur.plebania.hu\/index.php\/wp-json\/wp\/v2\/posts"}],"about":[{"href":"https:\/\/balatonkeresztur.plebania.hu\/index.php\/wp-json\/wp\/v2\/types\/post"}],"author":[{"embeddable":true,"href":"https:\/\/balatonkeresztur.plebania.hu\/index.php\/wp-json\/wp\/v2\/users\/1"}],"replies":[{"embeddable":true,"href":"https:\/\/balatonkeresztur.plebania.hu\/index.php\/wp-json\/wp\/v2\/comments?post=1701"}],"version-history":[{"count":3,"href":"https:\/\/balatonkeresztur.plebania.hu\/index.php\/wp-json\/wp\/v2\/posts\/1701\/revisions"}],"predecessor-version":[{"id":1707,"href":"https:\/\/balatonkeresztur.plebania.hu\/index.php\/wp-json\/wp\/v2\/posts\/1701\/revisions\/1707"}],"wp:attachment":[{"href":"https:\/\/balatonkeresztur.plebania.hu\/index.php\/wp-json\/wp\/v2\/media?parent=1701"}],"wp:term":[{"taxonomy":"category","embeddable":true,"href":"https:\/\/balatonkeresztur.plebania.hu\/index.php\/wp-json\/wp\/v2\/categories?post=1701"},{"taxonomy":"post_tag","embeddable":true,"href":"https:\/\/balatonkeresztur.plebania.hu\/index.php\/wp-json\/wp\/v2\/tags?post=1701"}],"curies":[{"name":"wp","href":"https:\/\/api.w.org\/{rel}","templated":true}]}}