{"id":1696,"date":"2025-04-21T08:41:42","date_gmt":"2025-04-21T08:41:42","guid":{"rendered":"https:\/\/balatonkeresztur.plebania.hu\/?p=1696"},"modified":"2025-04-21T08:41:42","modified_gmt":"2025-04-21T08:41:42","slug":"ferenc-papa-hazakoltozott-az-atyai-hazba","status":"publish","type":"post","link":"https:\/\/balatonkeresztur.plebania.hu\/index.php\/2025\/04\/21\/ferenc-papa-hazakoltozott-az-atyai-hazba\/","title":{"rendered":"Ferenc p\u00e1pa hazak\u00f6lt\u00f6z\u00f6tt az Atyai h\u00e1zba"},"content":{"rendered":"\n<figure class=\"wp-block-image size-full is-resized\"><img loading=\"lazy\" decoding=\"async\" width=\"850\" height=\"566\" src=\"https:\/\/balatonkeresztur.plebania.hu\/wp-content\/uploads\/2025\/04\/img1.jpg\" alt=\"\" class=\"wp-image-1697\" style=\"width:589px;height:auto\" srcset=\"https:\/\/balatonkeresztur.plebania.hu\/wp-content\/uploads\/2025\/04\/img1.jpg 850w, https:\/\/balatonkeresztur.plebania.hu\/wp-content\/uploads\/2025\/04\/img1-768x511.jpg 768w, https:\/\/balatonkeresztur.plebania.hu\/wp-content\/uploads\/2025\/04\/img1-451x300.jpg 451w\" sizes=\"auto, (max-width: 850px) 100vw, 850px\" \/><\/figure>\n\n\n\n<p>Ferenc p\u00e1pa 2025. \u00e1prilis 21-\u00e9n, 7 \u00f3ra 35 perckor a Vatik\u00e1nban visszaadta lelk\u00e9t a teremt\u0151 Istennek. Temet\u00e9s\u00e9r\u0151l a Vatik\u00e1n k\u00e9s\u0151bb tesz hivatalos bejelent\u00e9st.<\/p>\n\n\n\n<!--more-->\n\n\n\n<p>orge Mario Bergoglio 1936. december 17-\u00e9n sz\u00fcletett Buenos Airesben. Sz\u00fclei az olaszorsz\u00e1gi Piemont tartom\u00e1nyb\u00f3l v\u00e1ndoroltak ki Argent\u00edna f\u0151v\u00e1ros\u00e1ba. Egy vegyipari technikumban szerzett \u00e9retts\u00e9git k\u00f6vet\u0151en 1958-ban l\u00e9pett be a szemin\u00e1riumba \u00e9s ekkor kezdte meg novici\u00e1tus\u00e1t a jezsuit\u00e1kn\u00e1l.<\/p>\n\n\n\n<p>1969-ben szentelt\u00e9k papp\u00e1, majd 1973-t\u00f3l az argentin jezsuita provincia el\u00f6lj\u00e1r\u00f3j\u00e1v\u00e1 v\u00e1lasztott\u00e1k.<\/p>\n\n\n\n<p>1992-ben szentelt\u00e9k p\u00fcsp\u00f6kk\u00e9. 1998. febru\u00e1r 28-\u00e1n Szent II. J\u00e1nos P\u00e1l p\u00e1pa Buenos Aires \u00e9rsek\u00e9v\u00e9 \u00e9s Argent\u00edna pr\u00edm\u00e1s\u00e1v\u00e1 nevezte ki. A 2001. febru\u00e1r 21-\u00e9n tartott konziszt\u00f3riumon a lengyel p\u00e1pa b\u00edboross\u00e1 kre\u00e1lta.<\/p>\n\n\n\n<p>2005-t\u0151l p\u00e1p\u00e1v\u00e1 v\u00e1laszt\u00e1s\u00e1ig az Argentin Katolikus P\u00fcsp\u00f6ki Konferencia eln\u00f6ke volt.<\/p>\n\n\n\n<p>2013. m\u00e1rcius 13-\u00e1n, XVI. Benedek p\u00e1pa lemond\u00e1s\u00e1t k\u00f6vet\u0151en, a b\u00edborosok test\u00fclet\u00e9nek d\u00f6nt\u00e9se \u00e9rtelm\u00e9ben a Katolikus Egyh\u00e1z 266. p\u00e1p\u00e1ja lett. Szent P\u00e9ter ut\u00f3dak\u00e9nt a Ferenc nevet v\u00e1lasztotta.<\/p>\n\n\n\n<p>Ferenc p\u00e1pa tr\u00f3nra ker\u00fcl\u00e9s\u00e9nek els\u0151 pillanat\u00e1t\u00f3l kezdve \u00e9rt\u00e9s\u00fcnkre adta, mik lesznek pontifik\u00e1tus\u00e1nak kulcsszavai: b\u00e9ke, k\u00f6zels\u00e9g, szeg\u00e9nys\u00e9g, peremter\u00fcletek.<\/p>\n\n\n\n<p>El\u0151dei hagyom\u00e1ny\u00e1t folytatva nem maradt a Vatik\u00e1n falain bel\u00fcl, sz\u00edvesen utazott. Els\u0151 \u00fatja Lampedusa sziget\u00e9re vezetett, de ott volt a Rio de Janier\u00f3-i ifj\u00fas\u00e1gi vil\u00e1gnapon is.<\/p>\n\n\n\n<p>XVI. Benedek emeritus p\u00e1p\u00e1val a megv\u00e1laszt\u00e1sa ut\u00e1n t\u00f6bbsz\u00f6r tal\u00e1lkozott. Gyakran t\u00f6lt\u00f6ttek id\u0151t egy\u00fctt, \u00e9s ezt a szok\u00e1sukat eg\u00e9szen <a href=\"https:\/\/www.magyarkurir.hu\/hirek\/elhunyt-xvi-benedek-emeritus-papa\" target=\"_blank\" rel=\"noreferrer noopener\">a lek\u00f6sz\u00f6nt p\u00e1pa hal\u00e1l\u00e1ig<\/a> megtartott\u00e1k.<\/p>\n\n\n\n<p>A k\u00f6vetkez\u0151 \u00e9vben Ferenc p\u00e1pa a megb\u00e9k\u00e9l\u00e9s \u00e9s a p\u00e1rbesz\u00e9d \u00fczenet\u00e9vel a Szentf\u00f6ldre \u00e9s T\u00f6r\u00f6korsz\u00e1gba utazott. Ebben az \u00e9vben besz\u00e9det int\u00e9zett az eur\u00f3pai vezet\u0151kh\u00f6z, felh\u00edvta a figyelm\u00fcket arra, hogy a haszon helyett az emberi m\u00e9lt\u00f3s\u00e1got tekints\u00e9k magasabb rend\u0171 \u00e9rt\u00e9knek.<\/p>\n\n\n\n<p>T\u00edz \u00e9vvel ezel\u0151tt, 2015-ben \u00edrta meg a<a href=\"https:\/\/regi.katolikus.hu\/konyvtar.php?h=469\" target=\"_blank\" rel=\"noreferrer noopener\"><em> Laudato si&#8217;<\/em> enciklik\u00e1t<\/a>, amelyben felh\u00edvta minden j\u00f3sz\u00e1nd\u00e9k\u00fa ember figyelm\u00e9t a \u201ek\u00f6z\u00f6s otthon\u201d gondoz\u00e1s\u00e1ra \u00e9s a legkiszolg\u00e1ltatottabbak v\u00e9delm\u00e9re, akik sz\u00e1m\u00e1ra biztos\u00edtani kell \u201eotthont, munk\u00e1t, f\u00f6ldet\u201d. Ferenc p\u00e1pa 2015 szeptember\u00e9ben Kub\u00e1ba majd New Yorkba l\u00e1togatott, ahol a Ground Zero eml\u00e9km\u0171n\u00e9l im\u00e1dkozott \u00e9s az ENSZ New Yorki-i sz\u00e9kh\u00e1z\u00e1ban is besz\u00e9det mondott.<\/p>\n\n\n\n<p>2016-ban meghirdette az irgalmass\u00e1g rendk\u00edv\u00fcli szent\u00e9v\u00e9t.<\/p>\n\n\n\n<p>A Szentatya kezdem\u00e9nyez\u00e9s\u00e9re 2017-ben el\u0151sz\u00f6r rendezt\u00e9k meg a szeg\u00e9nyek vil\u00e1gnapj\u00e1t. Ferenc p\u00e1pa sz\u00e1m\u00e1ra a szeg\u00e9nyek jelentett\u00e9k az \u201e\u00fatlevelet a Paradicsomba\u201d. Ebben az \u00e9vben elutazott Egyiptomba, \u00e9s eljutott a t\u00e1voli Mianmarba, hogy osztozzon a rohingya n\u00e9p f\u00e1jdalm\u00e1ban.<\/p>\n\n\n\n<p>2018-ban szin\u00f3dust tartottak a fiatalokr\u00f3l, a fiatalokkal k\u00f6z\u00f6sen. Ugyanebben az \u00e9vben t\u00f6rt\u00e9nelmi meg\u00e1llapod\u00e1s sz\u00fcletett a Vatik\u00e1n \u00e9s K\u00edna k\u00f6z\u00f6tt a p\u00fcsp\u00f6k\u00f6k kinevez\u00e9s\u00e9vel kapcsolatban.<\/p>\n\n\n\n<p>2019-ben Ferenc p\u00e1pa \u00e9s&nbsp;Ahmad et-Tajjeb f\u0151im\u00e1m <a href=\"https:\/\/www.magyarkurir.hu\/hirek\/exkluziv-az-emberi-testverisegrol-szolo-abu-dzabiban-alairt-tortenelmi-jelentosegu-dokumentum\" target=\"_blank\" rel=\"noreferrer noopener\">t\u00f6rt\u00e9nelmi nyilatkozatot \u00edrt al\u00e1<\/a>&nbsp;Abu-Dzabiban, amelyben el\u00edt\u00e9lt\u00e9k a terrorizmust \u00e9s az er\u0151szakot. Ugyanebben az \u00e9vben t\u00f6rt\u00e9nt, hogy Ferenc p\u00e1pa a p\u00e1n-amaz\u00f3niai r\u00e9gi\u00f3 megment\u00e9s\u00e9nek szentelt p\u00fcsp\u00f6ki szin\u00f3dust rendelt el. A Szentatya tov\u00e1bbi int\u00e9zked\u00e9seivel megszil\u00e1rd\u00edtotta az Egyh\u00e1z tisztul\u00e1si \u00e9s meg\u00fajul\u00e1si folyamat\u00e1t a b\u00e1ntalmazott kiskor\u00faak v\u00e9delme \u00e9rdek\u00e9ben.<\/p>\n\n\n\n<p>2020-ban kit\u00f6rt a koronav\u00edrus-j\u00e1rv\u00e1ny, amikor a Szentatya im\u00e1ban, szavakban \u00e9s gesztusokban folyamatosan \u00e9reztette a vil\u00e1ghoz val\u00f3 k\u00f6zels\u00e9g\u00e9t.<\/p>\n\n\n\n<p>A k\u00f6vetkez\u0151 \u00e9vben Ferenc p\u00e1pa a b\u00e9ke zar\u00e1ndokak\u00e9nt l\u00e1togat\u00e1st tett a F\u00f6ldk\u00f6zi-tenger medenc\u00e9j\u00e9ben, ahol megl\u00e1t\u00e1sa szerint az emberis\u00e9get a \u201eciviliz\u00e1ci\u00f3 haj\u00f3t\u00f6r\u00e9se\u201d fenyegeti.<\/p>\n\n\n\n<p>2022. febru\u00e1rj\u00e1t\u00f3l Ferenc p\u00e1pa a b\u00e9k\u00e9re vonatkoz\u00f3 felh\u00edv\u00e1sai folyamatosak voltak az orosz\u2013ukr\u00e1n h\u00e1bor\u00faval \u00f6sszef\u00fcgg\u00e9sben, csak \u00fagy, mint az igazs\u00e1g, a megb\u00e9k\u00e9l\u00e9s \u00e9s a p\u00e1rbesz\u00e9d \u00e9rdek\u00e9ben tett l\u00e9p\u00e9sei a kanadai, kazahszt\u00e1ni, bahreini, majd afrikai \u00fatjaival.<\/p>\n\n\n\n<p>2023-ban a magyarorsz\u00e1gi apostoli l\u00e1togat\u00e1s\u00e1t k\u00f6vet\u0151en t\u00f6rt\u00e9nelmi utaz\u00e1st tett Bels\u0151-\u00c1zsi\u00e1ban, Mong\u00f3li\u00e1ban.<\/p>\n\n\n\n<p>2024-ben tette meg leghosszabb apostoli \u00fatj\u00e1t. A tizenk\u00e9t nap alatt Indon\u00e9zi\u00e1ba, P\u00e1pua \u00daj-Guine\u00e1ba, Kelet-Timorba \u00e9s Szingap\u00farba l\u00e1togatott el.<\/p>\n\n\n\n<p>Az \u00e9v kar\u00e1csony\u00e1n pedig megnyitotta a 2025. \u00e9vi rendes szent\u00e9vet.<\/p>\n\n\n\n<p>A Szentatya az elm\u00falt \u00e9vekben betegs\u00e9gekkel k\u00fczd\u00f6tt, amelyeket m\u00e9lt\u00f3s\u00e1ggal viselt.&nbsp;<\/p>\n\n\n\n<figure class=\"wp-block-image\"><a href=\"javascript:void(0);\"><img decoding=\"async\" src=\"https:\/\/www.magyarkurir.hu\/img1.php?id=145386&amp;v=1&amp;p=1&amp;img=c_20230429-img_1589.jpg\" alt=\"\"\/><\/a><\/figure>\n\n\n\n<h3 class=\"wp-block-heading\"><strong>Ferenc p\u00e1pa kapcsolata a magyarokkal<\/strong><\/h3>\n\n\n\n<p>Jorge Mario Bergoglio ifj\u00fa kora \u00f3ta ismerte \u00e9s szerette a magyarokat. Fiatal papk\u00e9nt rendszeresen j\u00e1rt szentmis\u00e9t bemutatni \u00e9s gy\u00f3ntatni olyan magyar szerzetesn\u0151v\u00e9rekhez, akik Magyarorsz\u00e1gr\u00f3l menek\u00fcltek Argent\u00edn\u00e1ba.<\/p>\n\n\n\n<p>Argentin jezsuita el\u00f6lj\u00e1r\u00f3k\u00e9nt k\u00f6zvetlen kapcsolatban volt az akkor Argent\u00edn\u00e1ban \u00e9l\u0151 magyar jezsuita szerzetesekkel.<\/p>\n\n\n\n<p>P\u00e1p\u00e1v\u00e1 v\u00e1laszt\u00e1s\u00e1t k\u00f6vet\u0151en el\u0151sz\u00f6r a rom\u00e1niai apostoli l\u00e1togat\u00e1sa alkalm\u00e1val tal\u00e1lkozott a magyars\u00e1ggal. A <a href=\"https:\/\/www.magyarkurir.hu\/hirek\/ferenc-papa-homiliaja-csiksomlyon\" target=\"_blank\" rel=\"noreferrer noopener\">cs\u00edksomly\u00f3i nyeregben bemutatott szentmis\u00e9j\u00e9t <\/a>\u0151 maga \u00e9vekkel k\u00e9s\u0151bb is \u201emagyar misek\u00e9nt\u201d emlegette. Ezzel \u0151 lett az els\u0151 p\u00e1pa, aki ell\u00e1togatott a magyars\u00e1g egyik legfontosabb nemzeti zar\u00e1ndokhely\u00e9re.<\/p>\n\n\n\n<p>Magyarorsz\u00e1gon el\u0151sz\u00f6r 2021. szeptember 12-\u00e9n j\u00e1rt, amikor az 52. Nemzetk\u00f6zi Eucharisztikus Kongresszus <a href=\"https:\/\/www.magyarkurir.hu\/hirek\/ferenc-papa-hosok-teren-jezus-csodaloibol-kovetoive-kell-valnunk\" target=\"_blank\" rel=\"noreferrer noopener\">z\u00e1r\u00f3mis\u00e9j\u00e9t mutatta be Budapesten<\/a>. Pontifik\u00e1tusa alatt ez volt az egyetlen Nemzetk\u00f6zi Eucharisztikus Kongresszus, amelyen szem\u00e9lyesen r\u00e9szt vett. M\u00e1r ekkor \u00edg\u00e9retet tett, hogy amikor lehet\u0151s\u00e9ge lesz r\u00e1, visszat\u00e9r haz\u00e1nkba egy hivatalos apostoli l\u00e1togat\u00e1s keret\u00e9ben.<\/p>\n\n\n\n<p>Erre m\u00e1sf\u00e9l \u00e9vvel k\u00e9s\u0151bb, 2023. \u00e1prilis 28\u201330. k\u00f6z\u00f6tt ker\u00fclt sor. Ferenc p\u00e1pa az ekkorra m\u00e1r megromlott eg\u00e9szs\u00e9gi \u00e1llapota miatt nem tudta v\u00e1llalni, hogy ell\u00e1togasson az orsz\u00e1g k\u00fcl\u00f6nb\u00f6z\u0151 pontjaira, \u00edgy<a href=\"https:\/\/www.magyarkurir.hu\/ferenc-papa\/ferenc-papa-magyarorszagon-2023\" target=\"_blank\" rel=\"noreferrer noopener\"> a h\u00e1romnapos hivatalos magyarorsz\u00e1gi l\u00e1togat\u00e1s\u00e1ra <\/a>szervezett tal\u00e1lkoz\u00e1sokra budapesti helysz\u00edneken ker\u00fclt sor. \u00d6r\u00f6k eml\u00e9kk\u00e9nt \u0151rzik a magyar h\u00edv\u0151k a <a href=\"https:\/\/www.magyarkurir.hu\/hirek\/ferenc-papa-kossuth-teren-valjunk-nyitott-kapukka-tarsadalomban\" target=\"_blank\" rel=\"noreferrer noopener\">Kossuth t\u00e9ren bemutatott szentmis\u00e9t<\/a>, vagy a t\u00f6bb, mint t\u00edzezer gimnazist\u00e1val \u00e9s egyetemist\u00e1val val\u00f3 <a href=\"https:\/\/www.magyarkurir.hu\/hirek\/ferenc-papa-fiatalokhoz-aki-mer-az-nyer-bator-krisztus-kovetes-utjan-jarjatok\" target=\"_blank\" rel=\"noreferrer noopener\">tal\u00e1lkoz\u00e1st a Papp L\u00e1szl\u00f3 Sportar\u00e9n\u00e1ban<\/a>.<\/p>\n\n\n\n<p>Ezen utaz\u00e1sok jelent\u0151s\u00e9g\u00e9t j\u00f3l mutatja, hogy Ferenc p\u00e1pa 12 \u00e9ves pontifik\u00e1tusa alatt egy orsz\u00e1gba, egy nemzethez a legritk\u00e1bb esetben l\u00e1togatott el t\u00f6bb alkalommal.<\/p>\n\n\n\n<p>Az apostoli l\u00e1togat\u00e1s els\u0151 \u00e9vfordul\u00f3j\u00e1n, tavaly tavasszal egy h\u00e1romnapos nemzeti zar\u00e1ndoklat keret\u00e9ben k\u00f6sz\u00f6nt\u00fck meg Ferenc p\u00e1pa magyarorsz\u00e1gi \u00fatj\u00e1t. A Szentatya ekkor ism\u00e9t megk\u00fcl\u00f6nb\u00f6ztetett figyelemmel volt honfit\u00e1rsaink ir\u00e1ny\u00e1ban, hiszen <a href=\"https:\/\/www.magyarkurir.hu\/hirek\/ferenc-papa-magyar-zarandokokhoz-beke-akkor-szuletik-meg-amikor-ugy-dontok-hogy-megbocsatok\" target=\"_blank\" rel=\"noreferrer noopener\">k\u00fcl\u00f6n kihallgat\u00e1son fogadta<\/a> az \u00f6sszes magyar zar\u00e1ndokot a Vatik\u00e1nban.<\/p>\n\n\n\n<p><em>K\u00edv\u00e1njuk, hogy legyen \u00f6r\u00f6mteli \u00e9rkez\u00e9se a Mennyei Aty\u00e1n\u00e1l!<\/em><\/p>\n\n\n\n<p>forr\u00e1s: <a href=\"https:\/\/www.magyarkurir.hu\/hirek\/ferenc-papa-hazakoltozott-az-atyai-hazba\" target=\"_blank\" rel=\"noreferrer noopener\">Magyar Kur\u00edr<\/a><\/p>\n","protected":false},"excerpt":{"rendered":"<p>Ferenc p\u00e1pa 2025. \u00e1prilis 21-\u00e9n, 7 \u00f3ra 35 perckor a Vatik\u00e1nban visszaadta lelk\u00e9t a teremt\u0151 Istennek. Temet\u00e9s\u00e9r\u0151l a Vatik\u00e1n k\u00e9s\u0151bb tesz hivatalos bejelent\u00e9st.<\/p>\n","protected":false},"author":1,"featured_media":0,"comment_status":"closed","ping_status":"open","sticky":false,"template":"","format":"standard","meta":{"footnotes":""},"categories":[1],"tags":[],"class_list":["post-1696","post","type-post","status-publish","format-standard","hentry","category-egyeb"],"_links":{"self":[{"href":"https:\/\/balatonkeresztur.plebania.hu\/index.php\/wp-json\/wp\/v2\/posts\/1696","targetHints":{"allow":["GET"]}}],"collection":[{"href":"https:\/\/balatonkeresztur.plebania.hu\/index.php\/wp-json\/wp\/v2\/posts"}],"about":[{"href":"https:\/\/balatonkeresztur.plebania.hu\/index.php\/wp-json\/wp\/v2\/types\/post"}],"author":[{"embeddable":true,"href":"https:\/\/balatonkeresztur.plebania.hu\/index.php\/wp-json\/wp\/v2\/users\/1"}],"replies":[{"embeddable":true,"href":"https:\/\/balatonkeresztur.plebania.hu\/index.php\/wp-json\/wp\/v2\/comments?post=1696"}],"version-history":[{"count":1,"href":"https:\/\/balatonkeresztur.plebania.hu\/index.php\/wp-json\/wp\/v2\/posts\/1696\/revisions"}],"predecessor-version":[{"id":1699,"href":"https:\/\/balatonkeresztur.plebania.hu\/index.php\/wp-json\/wp\/v2\/posts\/1696\/revisions\/1699"}],"wp:attachment":[{"href":"https:\/\/balatonkeresztur.plebania.hu\/index.php\/wp-json\/wp\/v2\/media?parent=1696"}],"wp:term":[{"taxonomy":"category","embeddable":true,"href":"https:\/\/balatonkeresztur.plebania.hu\/index.php\/wp-json\/wp\/v2\/categories?post=1696"},{"taxonomy":"post_tag","embeddable":true,"href":"https:\/\/balatonkeresztur.plebania.hu\/index.php\/wp-json\/wp\/v2\/tags?post=1696"}],"curies":[{"name":"wp","href":"https:\/\/api.w.org\/{rel}","templated":true}]}}