{"id":1680,"date":"2025-04-11T07:32:50","date_gmt":"2025-04-11T07:32:50","guid":{"rendered":"https:\/\/balatonkeresztur.plebania.hu\/?p=1680"},"modified":"2025-04-11T07:34:49","modified_gmt":"2025-04-11T07:34:49","slug":"a-kolteszet-napjara-2","status":"publish","type":"post","link":"https:\/\/balatonkeresztur.plebania.hu\/index.php\/2025\/04\/11\/a-kolteszet-napjara-2\/","title":{"rendered":"A k\u00f6lt\u00e9szet napj\u00e1ra"},"content":{"rendered":"\n<figure class=\"wp-block-image size-full is-resized\"><img loading=\"lazy\" decoding=\"async\" width=\"800\" height=\"600\" src=\"https:\/\/balatonkeresztur.plebania.hu\/wp-content\/uploads\/2025\/04\/plakat-1.jpg\" alt=\"\" class=\"wp-image-1681\" style=\"width:589px;height:auto\" srcset=\"https:\/\/balatonkeresztur.plebania.hu\/wp-content\/uploads\/2025\/04\/plakat-1.jpg 800w, https:\/\/balatonkeresztur.plebania.hu\/wp-content\/uploads\/2025\/04\/plakat-1-768x576.jpg 768w, https:\/\/balatonkeresztur.plebania.hu\/wp-content\/uploads\/2025\/04\/plakat-1-400x300.jpg 400w\" sizes=\"auto, (max-width: 800px) 100vw, 800px\" \/><\/figure>\n\n\n\n<p><strong>Szab\u00f3 L\u0151rinc<\/strong><\/p>\n\n\n\n<h3 class=\"wp-block-heading\"><\/h3>\n\n\n\n<p>AZ \u00c1PRILISI R\u00dcGYEKHEZ<\/p>\n\n\n\n<p>Nem l\u00e1ttalak egy h\u00e9tig, kis r\u00fcgyek,<br>\u00e9s k\u00f6zben milyen nagyra n\u0151ttetek!<br>h\u00fcvelyknyire!\u2026 Kilombosodtatok<br>\u00e9s ezer k\u00f6nny\u0171 \u00e9s friss fodrotok<br>halv\u00e1nyz\u00f6ld l\u00e1ngk\u00e9nt repdesi k\u00f6r\u00fcl<br>a gallyakat \u00e9s t\u00e1ncol \u00e9s \u00f6r\u00fcl.<\/p>\n\n\n\n<!--more-->\n\n\n\n<p>De sz\u00e9pek vagytok, tavaszi r\u00fcgyek,<br>de b\u00e1trak vagytok! Nem k\u00e9rdezitek,<br>mi v\u00e1r r\u00e1tok, \u2013 ha itt az ideje,<br>mint a barna f\u00f6ldb\u0151l a r\u00e9t f\u00fcve,<br>a barna \u00e1gb\u00f3l kicsaptok ti is,<br>ak\u00e1rmilyen hideg az \u00e1prilis.<\/p>\n\n\n\n<p>B\u00f6lcsek vagytok ti, sz\u00e1rnybont\u00f3 r\u00fcgyek,<br>b\u00f6lcsebbek, mint \u00e9n, eg\u00e9szs\u00e9gesek\u2026<br>Egy h\u00f3napja nem l\u00e1ttuk a napot,<br>m\u00e9gis hittetek \u00e9s kibujtatok,<br>hajtott a szent \u00f6nz\u00e9s, k\u00fczd\u00f6ttetek,<br>gy\u0151zni akartatok \u00e9s gy\u0151ztetek!<\/p>\n\n\n\n<p>Gy\u0151ztetek, h\u00edv\u0151 r\u00fcgyek s levelek,<br>ir\u00edgyelhetem er\u00e9nyeteket:<br>bolond id\u0151 j\u00e1rt r\u00e1m is, \u00e1prilis,<br>hossz\u00fa, naptalan, de \u00e9n e komisz<br>tavaszban, mely oly zord \u00e9s f\u00e9nytelen,<br>hitetlen voltam \u00e9s rem\u00e9nytelen.<\/p>\n\n\n\n<p>Az voltam, f\u00e1radt, gy\u00e1va \u00e9s beteg,<br>ut\u00e1ltam m\u00e1r az eg\u00e9sz \u00e9letet<br>s ez kellett, ez a b\u00fcszke v\u00e1ltoz\u00e1s,<br>szemeimben ez a csod\u00e1lkoz\u00e1s,<br>ez kellett, hogy megv\u00e1ltsam magamat<br>\u00e9s meg\u00e9rthessem a p\u00e9ld\u00e1tokat,<br>h\u0151s p\u00e9ld\u00e1tokat, par\u00e1nyi r\u00fcgyek\u2026<\/p>\n\n\n\n<p>Egy h\u00e9t alatt de nagyra n\u0151ttetek!<br>Z\u00f6ld z\u00e1szlaitok felrep\u00fcltek a<br>bokrok, f\u00e1k \u00e9s hegyek cs\u00facsaira<br>s hi\u00e1ba ez a gyilkos \u00e1prilis,<br>rem\u00e9nyt hirdettek, rem\u00e9nyt nekem is!<\/p>\n","protected":false},"excerpt":{"rendered":"<p>Szab\u00f3 L\u0151rinc AZ \u00c1PRILISI R\u00dcGYEKHEZ Nem l\u00e1ttalak egy h\u00e9tig, kis r\u00fcgyek,\u00e9s k\u00f6zben milyen nagyra n\u0151ttetek!h\u00fcvelyknyire!\u2026 Kilombosodtatok\u00e9s ezer k\u00f6nny\u0171 \u00e9s friss fodrotokhalv\u00e1nyz\u00f6ld l\u00e1ngk\u00e9nt repdesi k\u00f6r\u00fcla gallyakat \u00e9s t\u00e1ncol \u00e9s \u00f6r\u00fcl.<\/p>\n","protected":false},"author":1,"featured_media":0,"comment_status":"closed","ping_status":"open","sticky":false,"template":"","format":"standard","meta":{"footnotes":""},"categories":[1],"tags":[],"class_list":["post-1680","post","type-post","status-publish","format-standard","hentry","category-egyeb"],"_links":{"self":[{"href":"https:\/\/balatonkeresztur.plebania.hu\/index.php\/wp-json\/wp\/v2\/posts\/1680","targetHints":{"allow":["GET"]}}],"collection":[{"href":"https:\/\/balatonkeresztur.plebania.hu\/index.php\/wp-json\/wp\/v2\/posts"}],"about":[{"href":"https:\/\/balatonkeresztur.plebania.hu\/index.php\/wp-json\/wp\/v2\/types\/post"}],"author":[{"embeddable":true,"href":"https:\/\/balatonkeresztur.plebania.hu\/index.php\/wp-json\/wp\/v2\/users\/1"}],"replies":[{"embeddable":true,"href":"https:\/\/balatonkeresztur.plebania.hu\/index.php\/wp-json\/wp\/v2\/comments?post=1680"}],"version-history":[{"count":3,"href":"https:\/\/balatonkeresztur.plebania.hu\/index.php\/wp-json\/wp\/v2\/posts\/1680\/revisions"}],"predecessor-version":[{"id":1684,"href":"https:\/\/balatonkeresztur.plebania.hu\/index.php\/wp-json\/wp\/v2\/posts\/1680\/revisions\/1684"}],"wp:attachment":[{"href":"https:\/\/balatonkeresztur.plebania.hu\/index.php\/wp-json\/wp\/v2\/media?parent=1680"}],"wp:term":[{"taxonomy":"category","embeddable":true,"href":"https:\/\/balatonkeresztur.plebania.hu\/index.php\/wp-json\/wp\/v2\/categories?post=1680"},{"taxonomy":"post_tag","embeddable":true,"href":"https:\/\/balatonkeresztur.plebania.hu\/index.php\/wp-json\/wp\/v2\/tags?post=1680"}],"curies":[{"name":"wp","href":"https:\/\/api.w.org\/{rel}","templated":true}]}}