{"id":1658,"date":"2025-03-30T18:31:13","date_gmt":"2025-03-30T18:31:13","guid":{"rendered":"https:\/\/balatonkeresztur.plebania.hu\/?p=1658"},"modified":"2025-04-03T19:26:52","modified_gmt":"2025-04-03T19:26:52","slug":"ministrans-avatas","status":"publish","type":"post","link":"https:\/\/balatonkeresztur.plebania.hu\/index.php\/2025\/03\/30\/ministrans-avatas\/","title":{"rendered":"Ministr\u00e1nsavat\u00e1s"},"content":{"rendered":"\n<figure class=\"wp-block-image size-full is-resized\"><a href=\"https:\/\/photos.app.goo.gl\/1jaoq4J32WMpYhueA\" target=\"_blank\" rel=\" noreferrer noopener\"><img loading=\"lazy\" decoding=\"async\" width=\"2471\" height=\"1803\" src=\"https:\/\/balatonkeresztur.plebania.hu\/wp-content\/uploads\/2025\/03\/nyito.jpg\" alt=\"\" class=\"wp-image-1659\" style=\"width:600px;height:auto\" srcset=\"https:\/\/balatonkeresztur.plebania.hu\/wp-content\/uploads\/2025\/03\/nyito.jpg 2471w, https:\/\/balatonkeresztur.plebania.hu\/wp-content\/uploads\/2025\/03\/nyito-768x560.jpg 768w, https:\/\/balatonkeresztur.plebania.hu\/wp-content\/uploads\/2025\/03\/nyito-1536x1121.jpg 1536w, https:\/\/balatonkeresztur.plebania.hu\/wp-content\/uploads\/2025\/03\/nyito-2048x1494.jpg 2048w, https:\/\/balatonkeresztur.plebania.hu\/wp-content\/uploads\/2025\/03\/nyito-411x300.jpg 411w\" sizes=\"auto, (max-width: 2471px) 100vw, 2471px\" \/><\/a><\/figure>\n\n\n\n<p>A ministr\u00e1nsavat\u00e1s szertart\u00e1s\u00e1b\u00f3l:<\/p>\n\n\n\n<p>Urunk J\u00e9zus Krisztus, Te kegyes volt\u00e1l magadra \u00f6lteni haland\u00f3 term\u00e9szet\u00fcnk k\u00f6nt\u00f6s\u00e9t. Bizalommal k\u00e9rj\u00fck v\u00e9gtelen j\u00f3s\u00e1godat, \u00e1ldd \u2020 meg ezeket a testv\u00e9reinket, akik a ministr\u00e1nsok megszentelt ruh\u00e1j\u00e1t magukra \u00f6ltik, amint szent el\u0151deink p\u00e9ld\u00e1ja aj\u00e1nlja. \u0150k \u00fagy hordozt\u00e1k ezt a ruh\u00e1t, mint az \u00e1rtatlans\u00e1g \u00e9s al\u00e1zat jelk\u00e9p\u00e9t, miut\u00e1n levetett\u00e9k magukr\u00f3l a vil\u00e1gi hi\u00fas\u00e1gokat \u00e9s a b\u0171n\u00f6s szok\u00e1sokat. K\u00e9r\u00fcnk ezek\u00e9rt a szolg\u00e1id\u00e9rt, akik a szent ruh\u00e1ba most be\u00f6lt\u00f6znek, hogy m\u00e9lt\u00f3k legyenek arra, hogy T\u00e9ged \u00f6ltsenek magukra \u00e9s h\u0171s\u00e9gesen szolg\u00e1ljanak Neked. Aki \u00e9lsz \u00e9s uralkodol mind\u00f6r\u00f6kk\u00f6n-\u00f6r\u00f6kk\u00e9.<\/p>\n","protected":false},"excerpt":{"rendered":"<p>A ministr\u00e1nsavat\u00e1s szertart\u00e1s\u00e1b\u00f3l: Urunk J\u00e9zus Krisztus, Te kegyes volt\u00e1l magadra \u00f6lteni haland\u00f3 term\u00e9szet\u00fcnk k\u00f6nt\u00f6s\u00e9t. Bizalommal k\u00e9rj\u00fck v\u00e9gtelen j\u00f3s\u00e1godat, \u00e1ldd \u2020 meg ezeket a testv\u00e9reinket, akik a ministr\u00e1nsok megszentelt ruh\u00e1j\u00e1t magukra \u00f6ltik, amint szent el\u0151deink p\u00e9ld\u00e1ja aj\u00e1nlja. \u0150k \u00fagy hordozt\u00e1k ezt &hellip; <a href=\"https:\/\/balatonkeresztur.plebania.hu\/index.php\/2025\/03\/30\/ministrans-avatas\/\">Egy kattint\u00e1s ide a folytat\u00e1shoz&#8230;. <span class=\"meta-nav\">&rarr;<\/span><\/a><\/p>\n","protected":false},"author":1,"featured_media":0,"comment_status":"closed","ping_status":"open","sticky":false,"template":"","format":"standard","meta":{"footnotes":""},"categories":[1],"tags":[],"class_list":["post-1658","post","type-post","status-publish","format-standard","hentry","category-egyeb"],"_links":{"self":[{"href":"https:\/\/balatonkeresztur.plebania.hu\/index.php\/wp-json\/wp\/v2\/posts\/1658","targetHints":{"allow":["GET"]}}],"collection":[{"href":"https:\/\/balatonkeresztur.plebania.hu\/index.php\/wp-json\/wp\/v2\/posts"}],"about":[{"href":"https:\/\/balatonkeresztur.plebania.hu\/index.php\/wp-json\/wp\/v2\/types\/post"}],"author":[{"embeddable":true,"href":"https:\/\/balatonkeresztur.plebania.hu\/index.php\/wp-json\/wp\/v2\/users\/1"}],"replies":[{"embeddable":true,"href":"https:\/\/balatonkeresztur.plebania.hu\/index.php\/wp-json\/wp\/v2\/comments?post=1658"}],"version-history":[{"count":3,"href":"https:\/\/balatonkeresztur.plebania.hu\/index.php\/wp-json\/wp\/v2\/posts\/1658\/revisions"}],"predecessor-version":[{"id":1675,"href":"https:\/\/balatonkeresztur.plebania.hu\/index.php\/wp-json\/wp\/v2\/posts\/1658\/revisions\/1675"}],"wp:attachment":[{"href":"https:\/\/balatonkeresztur.plebania.hu\/index.php\/wp-json\/wp\/v2\/media?parent=1658"}],"wp:term":[{"taxonomy":"category","embeddable":true,"href":"https:\/\/balatonkeresztur.plebania.hu\/index.php\/wp-json\/wp\/v2\/categories?post=1658"},{"taxonomy":"post_tag","embeddable":true,"href":"https:\/\/balatonkeresztur.plebania.hu\/index.php\/wp-json\/wp\/v2\/tags?post=1658"}],"curies":[{"name":"wp","href":"https:\/\/api.w.org\/{rel}","templated":true}]}}