{"id":1655,"date":"2025-03-30T18:29:50","date_gmt":"2025-03-30T18:29:50","guid":{"rendered":"https:\/\/balatonkeresztur.plebania.hu\/?p=1655"},"modified":"2025-03-31T18:17:32","modified_gmt":"2025-03-31T18:17:32","slug":"egyhazkozsegi-kirandulas","status":"publish","type":"post","link":"https:\/\/balatonkeresztur.plebania.hu\/index.php\/2025\/03\/30\/egyhazkozsegi-kirandulas\/","title":{"rendered":"Egyh\u00e1zk\u00f6zs\u00e9gi kir\u00e1ndul\u00e1s"},"content":{"rendered":"\n<figure class=\"wp-block-image size-full is-resized\"><a href=\"https:\/\/photos.app.goo.gl\/Gdoev9yqezz2Z4zj9\" target=\"_blank\" rel=\" noreferrer noopener\"><img loading=\"lazy\" decoding=\"async\" width=\"2087\" height=\"1133\" src=\"https:\/\/balatonkeresztur.plebania.hu\/wp-content\/uploads\/2025\/03\/andocs.jpg\" alt=\"\" class=\"wp-image-1656\" style=\"width:591px;height:auto\" srcset=\"https:\/\/balatonkeresztur.plebania.hu\/wp-content\/uploads\/2025\/03\/andocs.jpg 2087w, https:\/\/balatonkeresztur.plebania.hu\/wp-content\/uploads\/2025\/03\/andocs-768x417.jpg 768w, https:\/\/balatonkeresztur.plebania.hu\/wp-content\/uploads\/2025\/03\/andocs-1536x834.jpg 1536w, https:\/\/balatonkeresztur.plebania.hu\/wp-content\/uploads\/2025\/03\/andocs-2048x1112.jpg 2048w, https:\/\/balatonkeresztur.plebania.hu\/wp-content\/uploads\/2025\/03\/andocs-500x271.jpg 500w\" sizes=\"auto, (max-width: 2087px) 100vw, 2087px\" \/><\/a><\/figure>\n\n\n\n<p>M\u00e1rcius 29-\u00e9n az Balatonkereszt\u00fari Pl\u00e9b\u00e1nia k\u00e9pvisel\u0151test\u00fclet\u00e9nek tagjai, a Karit\u00e1sz csoport munkat\u00e1rsai \u00e9s a minisztr\u00e1nsok, Zsolt Atya vezet\u00e9s\u00e9vel, 19 f\u0151vel, aut\u00f3buszos kir\u00e1ndul\u00e1son vehett\u00fcnk r\u00e9szt.<\/p>\n\n\n\n<!--more-->\n\n\n\n<p>Az els\u0151dleges c\u00e9l az Andocsi Nagyboldogasszony Bazilika volt. Az aut\u00f3buszon Szimona gregori\u00e1n \u00e9nekeket, zsolt\u00e1rokat gyakorolt vel\u00fcnk. Mivel az \u201e\u00d6r\u00f6m vas\u00e1rnapj\u00e1nak\u201d \u00e9nekeit vett\u00fck \u00e1t, lelkes\u00edtett benn\u00fcnket az \u00f6r\u00f6mteli \u00e9nekl\u00e9sre.<\/p>\n\n\n\n<p>Nagy szeretettel fogadott benn\u00fcnket dr. Ny\u00e9ky K\u00e1lm\u00e1n pl\u00e9b\u00e1nos \u00far. Der\u0171s, mosolyg\u00f3s, bar\u00e1ts\u00e1gos l\u00e9nye elvar\u00e1zsolt kicsit \u00e9s nagyot egyar\u00e1nt. \u00c9lvezetes, lelkes interakt\u00edv el\u0151ad\u00e1s\u00e1val vezetett be minket az andocsi kegytemplom szobrainak, szentk\u00e9peinek vil\u00e1g\u00e1ba. K\u00fcl\u00f6n\u00f6sen sok titkot rejtett a szent\u00e9ly mennyezeti szimbolik\u00e1ja. &nbsp;B\u00e1r a templomban meglehet\u0151sen hideg volt, de a szentmise Zsolt Aty\u00e1val \u00e9s K\u00e1lm\u00e1n Aty\u00e1val, valamint&nbsp; a minisztr\u00e1nsok l\u00e1tv\u00e1nya felmeleg\u00edtett minket. Nagyon tetszett az orgona \u00e9s \u00e9nek hangz\u00e1s\u00e1nak finom ar\u00e1nya. B\u00fcszke voltam a minisztr\u00e1nsok p\u00e9ldamutat\u00f3 szolg\u00e1lat\u00e1ra, \u00e9s felolvas\u00f3inkra. Szentmise ut\u00e1n megtekinthett\u00fck a Sz\u0171zanya kegyszobr\u00e1nak adom\u00e1nyozott ruh\u00e1kat. Majd ki-ki kedv\u00e9re v\u00e1s\u00e1rolhatott eml\u00e9kt\u00e1rgyakat a kegyt\u00e1rgy boltb\u00f3l.<\/p>\n\n\n\n<p>A sz\u00e9p somogyi dombs\u00e1gb\u00f3l utunk Balatonbogl\u00e1rra vezetett, ahol Vajda G\u00e1bor fiatal pl\u00e9b\u00e1nos atya mutatta be a templomot. Szer\u00e9nys\u00e9g\u00e9vel \u00e9s nagy tud\u00e1s\u00e1val belopta mag\u00e1t a sz\u00edv\u00fcnkbe. R\u00f3la azt \u00e9rdemes tudnunk, hogy az \u00faj misek\u00f6nyv kidolgoz\u00e1s\u00e1ban \u0151 is r\u00e9szt vett.<\/p>\n\n\n\n<p>Kir\u00e1ndul\u00e1sunkat megkoron\u00e1zta a k\u00f6z\u00f6s eb\u00e9d, melyet a bogl\u00e1ri Kis Szieszta \u00e9tteremben fogyasztottunk el. Itt Barnab\u00e1s elk\u00e1pr\u00e1ztatta a pinc\u00e9rt. Majd megtudtuk, hogy Zsombi mi\u00e9rt kapott b\u0151s\u00e9gt\u00e1lat.<\/p>\n\n\n\n<p>M\u00e9g mindig maradt benn\u00fcnk \u00e9rdekl\u0151d\u00e9s egy utols\u00f3 programhoz. Sz\u00e1rsz\u00f3ra ment\u00fcnk, ahol a J\u00f3zsef Attila L\u00e1togat\u00f3k\u00f6zpontban borongtunk nagy k\u00f6lt\u0151nk szomor\u00fa, f\u00e1jdalmas \u00e9s v\u00e9g\u00fcl tragikus \u00e9let\u00e9r\u0151l. Minden koroszt\u00e1ly tal\u00e1lt mag\u00e1nak \u00e9rdekes elfoglalts\u00e1got.<\/p>\n\n\n\n<p>Eg\u00e9sz nap rengeteget nevett\u00fcnk, mindig tal\u00e1ltunk okot a vid\u00e1ms\u00e1gra. Elpilledve sz\u00e1lltunk fel a buszra, \u00e9s \u00e9ps\u00e9gben, \u00e9lm\u00e9nyekkel gazdagodva \u00e9rt\u00fcnk vissza kis lakhely\u00fcnkre. Mindenki nagyon j\u00f3l \u00e9rezte mag\u00e1t!<\/p>\n\n\n\n<p>H\u00e1la legyen Istennek a k\u00f6z\u00f6ss\u00e9g\u00e9p\u00edt\u0151 nap\u00e9rt!<\/p>\n\n\n\n<figure class=\"wp-block-image size-full is-resized\"><a href=\"https:\/\/photos.app.goo.gl\/Gdoev9yqezz2Z4zj9\" target=\"_blank\" rel=\" noreferrer noopener\"><img loading=\"lazy\" decoding=\"async\" width=\"2560\" height=\"1920\" src=\"https:\/\/balatonkeresztur.plebania.hu\/wp-content\/uploads\/2025\/03\/IMG_6978-scaled.jpg\" alt=\"\" class=\"wp-image-1662\" style=\"width:576px;height:auto\" srcset=\"https:\/\/balatonkeresztur.plebania.hu\/wp-content\/uploads\/2025\/03\/IMG_6978-scaled.jpg 2560w, https:\/\/balatonkeresztur.plebania.hu\/wp-content\/uploads\/2025\/03\/IMG_6978-768x576.jpg 768w, https:\/\/balatonkeresztur.plebania.hu\/wp-content\/uploads\/2025\/03\/IMG_6978-1536x1152.jpg 1536w, https:\/\/balatonkeresztur.plebania.hu\/wp-content\/uploads\/2025\/03\/IMG_6978-2048x1536.jpg 2048w, https:\/\/balatonkeresztur.plebania.hu\/wp-content\/uploads\/2025\/03\/IMG_6978-400x300.jpg 400w\" sizes=\"auto, (max-width: 2560px) 100vw, 2560px\" \/><\/a><\/figure>\n\n\n\n<p>a k\u00e9pekre kattintva tov\u00e1bbi k\u00e9pek l\u00e1that\u00f3k<\/p>\n","protected":false},"excerpt":{"rendered":"<p>M\u00e1rcius 29-\u00e9n az Balatonkereszt\u00fari Pl\u00e9b\u00e1nia k\u00e9pvisel\u0151test\u00fclet\u00e9nek tagjai, a Karit\u00e1sz csoport munkat\u00e1rsai \u00e9s a minisztr\u00e1nsok, Zsolt Atya vezet\u00e9s\u00e9vel, 19 f\u0151vel, aut\u00f3buszos kir\u00e1ndul\u00e1son vehett\u00fcnk r\u00e9szt.<\/p>\n","protected":false},"author":1,"featured_media":0,"comment_status":"closed","ping_status":"open","sticky":false,"template":"","format":"standard","meta":{"footnotes":""},"categories":[1],"tags":[],"class_list":["post-1655","post","type-post","status-publish","format-standard","hentry","category-egyeb"],"_links":{"self":[{"href":"https:\/\/balatonkeresztur.plebania.hu\/index.php\/wp-json\/wp\/v2\/posts\/1655","targetHints":{"allow":["GET"]}}],"collection":[{"href":"https:\/\/balatonkeresztur.plebania.hu\/index.php\/wp-json\/wp\/v2\/posts"}],"about":[{"href":"https:\/\/balatonkeresztur.plebania.hu\/index.php\/wp-json\/wp\/v2\/types\/post"}],"author":[{"embeddable":true,"href":"https:\/\/balatonkeresztur.plebania.hu\/index.php\/wp-json\/wp\/v2\/users\/1"}],"replies":[{"embeddable":true,"href":"https:\/\/balatonkeresztur.plebania.hu\/index.php\/wp-json\/wp\/v2\/comments?post=1655"}],"version-history":[{"count":3,"href":"https:\/\/balatonkeresztur.plebania.hu\/index.php\/wp-json\/wp\/v2\/posts\/1655\/revisions"}],"predecessor-version":[{"id":1663,"href":"https:\/\/balatonkeresztur.plebania.hu\/index.php\/wp-json\/wp\/v2\/posts\/1655\/revisions\/1663"}],"wp:attachment":[{"href":"https:\/\/balatonkeresztur.plebania.hu\/index.php\/wp-json\/wp\/v2\/media?parent=1655"}],"wp:term":[{"taxonomy":"category","embeddable":true,"href":"https:\/\/balatonkeresztur.plebania.hu\/index.php\/wp-json\/wp\/v2\/categories?post=1655"},{"taxonomy":"post_tag","embeddable":true,"href":"https:\/\/balatonkeresztur.plebania.hu\/index.php\/wp-json\/wp\/v2\/tags?post=1655"}],"curies":[{"name":"wp","href":"https:\/\/api.w.org\/{rel}","templated":true}]}}