{"id":1651,"date":"2025-03-25T19:51:58","date_gmt":"2025-03-25T19:51:58","guid":{"rendered":"https:\/\/balatonkeresztur.plebania.hu\/?p=1651"},"modified":"2025-03-25T19:51:58","modified_gmt":"2025-03-25T19:51:58","slug":"tavaszi-zarandoklat-2","status":"publish","type":"post","link":"https:\/\/balatonkeresztur.plebania.hu\/index.php\/2025\/03\/25\/tavaszi-zarandoklat-2\/","title":{"rendered":"Tavaszi zar\u00e1ndoklat"},"content":{"rendered":"\n<figure class=\"wp-block-image size-full is-resized\"><a href=\"https:\/\/photos.app.goo.gl\/PV8FxsiV7DJ5KXEdA\" target=\"_blank\" rel=\" noreferrer noopener\"><img loading=\"lazy\" decoding=\"async\" width=\"1536\" height=\"2048\" src=\"https:\/\/balatonkeresztur.plebania.hu\/wp-content\/uploads\/2025\/03\/Messenger_creation_7CD154D3-1091-46E7-9B80-E7570C38DBC8.jpeg\" alt=\"\" class=\"wp-image-1652\" style=\"width:425px;height:auto\" srcset=\"https:\/\/balatonkeresztur.plebania.hu\/wp-content\/uploads\/2025\/03\/Messenger_creation_7CD154D3-1091-46E7-9B80-E7570C38DBC8.jpeg 1536w, https:\/\/balatonkeresztur.plebania.hu\/wp-content\/uploads\/2025\/03\/Messenger_creation_7CD154D3-1091-46E7-9B80-E7570C38DBC8-768x1024.jpeg 768w, https:\/\/balatonkeresztur.plebania.hu\/wp-content\/uploads\/2025\/03\/Messenger_creation_7CD154D3-1091-46E7-9B80-E7570C38DBC8-1152x1536.jpeg 1152w, https:\/\/balatonkeresztur.plebania.hu\/wp-content\/uploads\/2025\/03\/Messenger_creation_7CD154D3-1091-46E7-9B80-E7570C38DBC8-225x300.jpeg 225w\" sizes=\"auto, (max-width: 1536px) 100vw, 1536px\" \/><\/a><\/figure>\n\n\n\n<p>A Balatonkereszt\u00fari Szent Kereszt k\u00f3rus a rem\u00e9ny szent\u00e9ve alkalm\u00e1b\u00f3l, nagyb\u00f6jti id\u0151ben, Szent Patrik eml\u00e9knapj\u00e1n, m\u00e1rcius 17-\u00e9n, a k\u00f6nnyez\u00e9s \u00e9vfordul\u00f3j\u00e1n \u201eK\u00f6nnyes a k\u00e9t szemed \u00f3 Sz\u0171zany\u00e1nk, v\u00e9resen csordul a k\u00f6nnye re\u00e1nk\u201d b\u00facs\u00fai \u00e9nekkel a lelk\u00fcnkben indultunk \u00fatra Gy\u0151rbe a K\u00f6nnyez\u0151 Sz\u0171zanya b\u00facs\u00fa\u00fcnnep\u00e9re, melyre a Gy\u0151ri Egyh\u00e1zmegye lelkip\u00e1sztorai \u00e9s sz\u00fcleik is elzar\u00e1ndokoltak.<\/p>\n\n\n\n<!--more-->\n\n\n\n<p>Az \u00faton im\u00e1dkozva \u00e9s \u00e9nekelve k\u00e9sz\u00fclt\u00fcnk a r\u00e1nk v\u00e1r\u00f3 lelki \u00e9lm\u00e9nyekre \u00e9s a b\u00facs\u00fai szentmis\u00e9re.&nbsp;<\/p>\n\n\n\n<p>Simon Zsuzsa \u00e9nekkari tag tartalmas sz\u00e9p ismertet\u0151t mondott a kegyk\u00e9p eredet\u00e9r\u0151l, a v\u00e1ros t\u00f6rt\u00e9nelm\u00e9r\u0151l, nevezetess\u00e9geir\u0151l, Szent L\u00e1szl\u00f3 herm\u00e1j\u00e1r\u00f3l, valamint Apor Vilmos gy\u0151ri megy\u00e9sp\u00fcsp\u00f6k \u00e9let\u00e9r\u0151l, v\u00e9rtan\u00fas\u00e1g\u00e1r\u00f3l.<\/p>\n\n\n\n<p>Meg\u00e9rkezve megtekintett\u00fck a Szent L\u00e1szl\u00f3 L\u00e1togat\u00f3k\u00f6zpontban Boldog Apor Vilmos Eml\u00e9kki\u00e1ll\u00edt\u00e1st. Meghat\u00f3 volt ott lenni, ahol a p\u00fcsp\u00f6k nagycs\u00fct\u00f6rt\u00f6k\u00f6n az utols\u00f3 szentmis\u00e9j\u00e9t mutatta be, l\u00e1tni a nagyp\u00e9nteken kil\u0151tt goly\u00f3k nyomait, &#8211; melyek k\u00e9s\u0151bb az \u00e9let\u00e9t oltott\u00e1k ki &#8211; valamint a v\u00e9res ruh\u00e1j\u00e1nak egy darabj\u00e1t.&nbsp; A p\u00fcsp\u00f6k a k\u00f3rh\u00e1zban 1945. \u00e1prilis 02-\u00e1n h\u00fasv\u00e9th\u00e9tf\u0151n visszaadta lelk\u00e9t Teremt\u0151j\u00e9nek.<\/p>\n\n\n\n<p>Utunk f\u0151 \u00e1llom\u00e1s\u00e1ra a Nagyboldogasszony-sz\u00e9kesegyh\u00e1zban a v\u00e9res k\u00f6nnyeit hullat\u00f3 Sz\u0171zanya kegyk\u00e9phez ment\u00fcnk, k\u00e9r\u00e9seinket az olt\u00e1rra helyezt\u00fck \u00e9s r\u00e9szt vett\u00fcnk a b\u00facs\u00fai szentmis\u00e9n.&nbsp;<\/p>\n\n\n\n<p>Bevonul\u00e1sra felhangzott: \u201eB\u00facs\u00fara j\u00f6tt\u00fcnk Sz\u00e9p Sz\u0171z M\u00e1ri\u00e1hoz\u201d b\u00facs\u00fai \u00e9nek. A liturgia tov\u00e1bbi r\u00e9sz\u00e9ben megsz\u00f3laltak a b\u00facs\u00fa hagyom\u00e1nyos M\u00e1ria \u00e9nekei is.&nbsp; A szentmise f\u0151celebr\u00e1nsa Veres Andr\u00e1s gy\u0151ri megy\u00e9sp\u00fcsp\u00f6k, \u00fcnnepi sz\u00f3noka: Szocska A. \u00c1bel Ny\u00edregyh\u00e1zi Egyh\u00e1zmegye megy\u00e9sp\u00fcsp\u00f6ke volt.&nbsp;<\/p>\n\n\n\n<p>A szentmise v\u00e9g\u00e9n a K\u00f6nnyez\u0151 Sz\u0171zanya-kegyolt\u00e1rn\u00e1l a zar\u00e1ndoklat r\u00e9sztvev\u0151ivel egy\u00fctt im\u00e1dkoztunk a teljes b\u00facs\u00fa elnyer\u00e9s\u00e9\u00e9rt. Majd a v\u00e9res k\u00f6nnyel \u00e1titatott gyolcs ereklye el\u0151tt k\u00e9rt\u00fck a Sz\u0171zanya anyai k\u00f6zbenj\u00e1r\u00e1s\u00e1t, v\u00e9delm\u00e9t \u00e9s oltalm\u00e1t. Kegyelmekkel felt\u00f6lt\u0151dve k\u00f6sz\u00f6nt\u00fcnk el a Sz\u0171zany\u00e1t\u00f3l.<\/p>\n\n\n\n<p>K\u00f6vetkez\u0151 \u00fatic\u00e9lunk A R\u00e1bak\u00f6zben tal\u00e1lhat\u00f3 Szany nagyk\u00f6zs\u00e9g \u00e9s b\u00facs\u00faj\u00e1r\u00f3hely. Itt nagy szeretettel fogadott benn\u00fcnket T\u00f6reki Imr\u00e9n\u00e9 Matyi n\u00e9ni nyugalmazott pedag\u00f3gus. K\u00f6z\u00f6s eb\u00e9den vett\u00fcnk r\u00e9szt a falu hagyom\u00e1ny\u0151rz\u0151 Bokr\u00e9ta \u00e9tterm\u00e9ben.<\/p>\n\n\n\n<p>Eb\u00e9d ut\u00e1n Matyi n\u00e9ni tartalmas idegenvezet\u00e9s\u00e9vel megn\u00e9zt\u00fck a falu nevezetess\u00e9geit: a Szent Anna fogadalmi k\u00e1poln\u00e1t &#8211; mely Anna napi b\u00facs\u00faj\u00e1r\u00f3hely, a P\u00fcsp\u00f6ki Palot\u00e1t, amely sz\u00e1mos gy\u0151ri p\u00fcsp\u00f6k kedvelt ny\u00e1ri tart\u00f3zkod\u00e1si helye volt, az utols\u00f3 itt tart\u00f3zkod\u00f3 p\u00fcsp\u00f6k Apor Vilmos. Nepomuki Szent J\u00e1nos szobrot, Szenth\u00e1roms\u00e1g szobor oszlopot, a 240 m m\u00e9ly art\u00e9zi kutat, mely a \u201eSz\u00e9lr\u0151l legeljetek\u201d c. ismert n\u00e9pdal eml\u00e9k\u00e9t is \u0151rzi.<\/p>\n\n\n\n<p>Bement\u00fcnk a h\u00edres h\u00e1rmas torny\u00fa r\u00f3mai katolikus templomba, melynek f\u0151olt\u00e1r k\u00e9pe Szent Kereszt Feltal\u00e1l\u00e1sa c. festm\u00e9ny. Ismertet\u00e9st kaptunk&nbsp;&nbsp; a templom t\u00f6rt\u00e9net\u00e9r\u0151l, Kokas K\u00e1lm\u00e1n k\u00e1ntor-iskolaigazgat\u00f3-tanit\u00f3 a Szent Imre dalosk\u00f6r meg\u00e1llap\u00edt\u00f3j\u00e1nak \u00e9rdemeir\u0151l.&nbsp; A dal\u00e1rda jelmondata: Honfi sz\u00edv fel dalra!<\/p>\n\n\n\n<p>Szanyban sz\u00fcletett Kokas K\u00e1lm\u00e1n l\u00e1nya Kokas Kl\u00e1ra, aki zenepedag\u00f3gus, a Kecskem\u00e9ti Kod\u00e1ly Zolt\u00e1n zenepedag\u00f3giai Int\u00e9zet docense.<\/p>\n\n\n\n<p>Megismert\u00fcnk k\u00e9t h\u00edres Szanyi \u00e9neket, melyek kihagyhatatlanok a kar\u00e1csonyi \u00e9s h\u00fasv\u00e9ti szentmis\u00e9ken.&nbsp; Megtekintett\u00fck a templom k\u00f3rus\u00e1nak \u00e9nekpr\u00f3ba term\u00e9t. Matyi n\u00e9ni elmondta a falu dalos hagyom\u00e1nyait, a Dal\u00e1rda \u00e9s a k\u00f3rusok t\u00f6rt\u00e9net\u00e9t, megmutatta a vel\u00fck kapcsolatos eml\u00e9keket pl: dal\u00e1rda z\u00e1szl\u00f3k, besz\u00e9lt a jelenleg m\u0171k\u00f6d\u0151 Szent Anna k\u00f3rusr\u00f3l.&nbsp; Itt fogadott benn\u00fcnket Csehi Roz\u00e1lia Szent Anna k\u00f3rustag, valamint a Szent Imre Dalosk\u00f6r nev\u00e9ben Gy\u0151ri Ern\u0151 b\u00e1csi dal\u00e1rda tag. Hagyom\u00e1nyaikat \u0151rzik \u00e9s min\u00e9l t\u00f6bbet szeretn\u00e9nek az ut\u00f3kornak tov\u00e1bb adni.<\/p>\n\n\n\n<p>A templomok, \u00e9s \u00e9p\u00fcletek l\u00e1togat\u00e1sakor \u00e9rezhett\u00fck \u0151seink h\u00edt\u00e9t \u00e9s buzg\u00f3s\u00e1g\u00e1t.<\/p>\n\n\n\n<p>A sz\u00e9p tartalmas napunk\u00e9rt els\u0151sorban h\u00e1l\u00e1t \u00e9s k\u00f6sz\u00f6netet a J\u00f3istennek kell mondanunk, mert lehet\u0151v\u00e9 tette sz\u00e1munkra a kit\u0171z\u00f6tt c\u00e9l el\u00e9r\u00e9s\u00e9t, valamint buszsof\u0151r\u00fcnknek a balesetmentes vezet\u00e9s\u00e9rt.<\/p>\n\n\n\n<p>K\u00f6sz\u00f6net a zar\u00e1ndok\u00fat szervez\u00e9s\u00e9\u00e9rt Domj\u00e1nn\u00e9 Vikinek.<\/p>\n\n\n\n<p>Csod\u00e1latos lelki \u00e9lm\u00e9nyekben volt r\u00e9sz\u00fcnk, hit\u00fcnkben meger\u0151s\u00f6dve \u00e9rkezt\u00fcnk haza.<\/p>\n\n\n\n<p class=\"has-text-align-right\">Balatonkereszt\u00fari Szent Kereszt K\u00f3rus tagjai<\/p>\n\n\n\n<figure class=\"wp-block-image size-full is-resized\"><a href=\"https:\/\/photos.app.goo.gl\/PV8FxsiV7DJ5KXEdA\" target=\"_blank\" rel=\" noreferrer noopener\"><img loading=\"lazy\" decoding=\"async\" width=\"2048\" height=\"1536\" src=\"https:\/\/balatonkeresztur.plebania.hu\/wp-content\/uploads\/2025\/03\/Messenger_creation_3CDE1F40-B72E-4509-B153-D627C8B183C0.jpeg\" alt=\"\" class=\"wp-image-1653\" style=\"width:574px;height:auto\" srcset=\"https:\/\/balatonkeresztur.plebania.hu\/wp-content\/uploads\/2025\/03\/Messenger_creation_3CDE1F40-B72E-4509-B153-D627C8B183C0.jpeg 2048w, https:\/\/balatonkeresztur.plebania.hu\/wp-content\/uploads\/2025\/03\/Messenger_creation_3CDE1F40-B72E-4509-B153-D627C8B183C0-768x576.jpeg 768w, https:\/\/balatonkeresztur.plebania.hu\/wp-content\/uploads\/2025\/03\/Messenger_creation_3CDE1F40-B72E-4509-B153-D627C8B183C0-1536x1152.jpeg 1536w, https:\/\/balatonkeresztur.plebania.hu\/wp-content\/uploads\/2025\/03\/Messenger_creation_3CDE1F40-B72E-4509-B153-D627C8B183C0-400x300.jpeg 400w\" sizes=\"auto, (max-width: 2048px) 100vw, 2048px\" \/><\/a><\/figure>\n\n\n\n<p>a k\u00e9pekre kattintva tov\u00e1bbi k\u00e9peket l\u00e1thatunk a zar\u00e1ndoklatr\u00f3l<\/p>\n","protected":false},"excerpt":{"rendered":"<p>A Balatonkereszt\u00fari Szent Kereszt k\u00f3rus a rem\u00e9ny szent\u00e9ve alkalm\u00e1b\u00f3l, nagyb\u00f6jti id\u0151ben, Szent Patrik eml\u00e9knapj\u00e1n, m\u00e1rcius 17-\u00e9n, a k\u00f6nnyez\u00e9s \u00e9vfordul\u00f3j\u00e1n \u201eK\u00f6nnyes a k\u00e9t szemed \u00f3 Sz\u0171zany\u00e1nk, v\u00e9resen csordul a k\u00f6nnye re\u00e1nk\u201d b\u00facs\u00fai \u00e9nekkel a lelk\u00fcnkben indultunk \u00fatra Gy\u0151rbe a K\u00f6nnyez\u0151 Sz\u0171zanya &hellip; <a href=\"https:\/\/balatonkeresztur.plebania.hu\/index.php\/2025\/03\/25\/tavaszi-zarandoklat-2\/\">Egy kattint\u00e1s ide a folytat\u00e1shoz&#8230;. <span class=\"meta-nav\">&rarr;<\/span><\/a><\/p>\n","protected":false},"author":1,"featured_media":0,"comment_status":"closed","ping_status":"open","sticky":false,"template":"","format":"standard","meta":{"footnotes":""},"categories":[1],"tags":[],"class_list":["post-1651","post","type-post","status-publish","format-standard","hentry","category-egyeb"],"_links":{"self":[{"href":"https:\/\/balatonkeresztur.plebania.hu\/index.php\/wp-json\/wp\/v2\/posts\/1651","targetHints":{"allow":["GET"]}}],"collection":[{"href":"https:\/\/balatonkeresztur.plebania.hu\/index.php\/wp-json\/wp\/v2\/posts"}],"about":[{"href":"https:\/\/balatonkeresztur.plebania.hu\/index.php\/wp-json\/wp\/v2\/types\/post"}],"author":[{"embeddable":true,"href":"https:\/\/balatonkeresztur.plebania.hu\/index.php\/wp-json\/wp\/v2\/users\/1"}],"replies":[{"embeddable":true,"href":"https:\/\/balatonkeresztur.plebania.hu\/index.php\/wp-json\/wp\/v2\/comments?post=1651"}],"version-history":[{"count":1,"href":"https:\/\/balatonkeresztur.plebania.hu\/index.php\/wp-json\/wp\/v2\/posts\/1651\/revisions"}],"predecessor-version":[{"id":1654,"href":"https:\/\/balatonkeresztur.plebania.hu\/index.php\/wp-json\/wp\/v2\/posts\/1651\/revisions\/1654"}],"wp:attachment":[{"href":"https:\/\/balatonkeresztur.plebania.hu\/index.php\/wp-json\/wp\/v2\/media?parent=1651"}],"wp:term":[{"taxonomy":"category","embeddable":true,"href":"https:\/\/balatonkeresztur.plebania.hu\/index.php\/wp-json\/wp\/v2\/categories?post=1651"},{"taxonomy":"post_tag","embeddable":true,"href":"https:\/\/balatonkeresztur.plebania.hu\/index.php\/wp-json\/wp\/v2\/tags?post=1651"}],"curies":[{"name":"wp","href":"https:\/\/api.w.org\/{rel}","templated":true}]}}