{"id":165,"date":"2018-11-29T19:13:26","date_gmt":"2018-11-29T19:13:26","guid":{"rendered":"http:\/\/balatonkeresztur.plebania.hu\/?p=165"},"modified":"2018-11-29T19:13:26","modified_gmt":"2018-11-29T19:13:26","slug":"adventi-koszonto","status":"publish","type":"post","link":"https:\/\/balatonkeresztur.plebania.hu\/index.php\/2018\/11\/29\/adventi-koszonto\/","title":{"rendered":"Adventi k\u00f6sz\u00f6nt\u0151"},"content":{"rendered":"<p>Egyh\u00e1zk\u00f6zs\u00e9g\u00fcnk k\u00e9pvisel\u0151-test\u00fclete szeretettel h\u00edvja \u00f6nt \u00e9s kedves csal\u00e1dj\u00e1t a Balatonfenyves-als\u00f3-i Sz\u0171z M\u00e1ria Szent sz\u00edve templomba 2018. dec. 16-\u00e1n megrendez\u00e9sre ker\u00fcl\u0151 &#8222;Adventi k\u00f6sz\u00f6nt\u0151&#8221; \u00fcnneps\u00e9g\u00fcnkre. <!--more-->B\u0151vebb inform\u00e1ci\u00f3 a plak\u00e1ton: <a href=\"http:\/\/balatonkeresztur.plebania.hu\/wp-content\/uploads\/2018\/11\/Adventi-megh\u00edv\u00f3-2018.-2..pdf\" target=\"_blank\" rel=\"noopener\">Adventi megh\u00edv\u00f3 2018. 2.<\/a><\/p>\n","protected":false},"excerpt":{"rendered":"<p>Egyh\u00e1zk\u00f6zs\u00e9g\u00fcnk k\u00e9pvisel\u0151-test\u00fclete szeretettel h\u00edvja \u00f6nt \u00e9s kedves csal\u00e1dj\u00e1t a Balatonfenyves-als\u00f3-i Sz\u0171z M\u00e1ria Szent sz\u00edve templomba 2018. dec. 16-\u00e1n megrendez\u00e9sre ker\u00fcl\u0151 &#8222;Adventi k\u00f6sz\u00f6nt\u0151&#8221; \u00fcnneps\u00e9g\u00fcnkre.<\/p>\n","protected":false},"author":1,"featured_media":0,"comment_status":"closed","ping_status":"open","sticky":false,"template":"","format":"standard","meta":{"footnotes":""},"categories":[1],"tags":[],"class_list":["post-165","post","type-post","status-publish","format-standard","hentry","category-egyeb"],"_links":{"self":[{"href":"https:\/\/balatonkeresztur.plebania.hu\/index.php\/wp-json\/wp\/v2\/posts\/165","targetHints":{"allow":["GET"]}}],"collection":[{"href":"https:\/\/balatonkeresztur.plebania.hu\/index.php\/wp-json\/wp\/v2\/posts"}],"about":[{"href":"https:\/\/balatonkeresztur.plebania.hu\/index.php\/wp-json\/wp\/v2\/types\/post"}],"author":[{"embeddable":true,"href":"https:\/\/balatonkeresztur.plebania.hu\/index.php\/wp-json\/wp\/v2\/users\/1"}],"replies":[{"embeddable":true,"href":"https:\/\/balatonkeresztur.plebania.hu\/index.php\/wp-json\/wp\/v2\/comments?post=165"}],"version-history":[{"count":1,"href":"https:\/\/balatonkeresztur.plebania.hu\/index.php\/wp-json\/wp\/v2\/posts\/165\/revisions"}],"predecessor-version":[{"id":167,"href":"https:\/\/balatonkeresztur.plebania.hu\/index.php\/wp-json\/wp\/v2\/posts\/165\/revisions\/167"}],"wp:attachment":[{"href":"https:\/\/balatonkeresztur.plebania.hu\/index.php\/wp-json\/wp\/v2\/media?parent=165"}],"wp:term":[{"taxonomy":"category","embeddable":true,"href":"https:\/\/balatonkeresztur.plebania.hu\/index.php\/wp-json\/wp\/v2\/categories?post=165"},{"taxonomy":"post_tag","embeddable":true,"href":"https:\/\/balatonkeresztur.plebania.hu\/index.php\/wp-json\/wp\/v2\/tags?post=165"}],"curies":[{"name":"wp","href":"https:\/\/api.w.org\/{rel}","templated":true}]}}