{"id":1646,"date":"2025-03-23T18:50:11","date_gmt":"2025-03-23T18:50:11","guid":{"rendered":"https:\/\/balatonkeresztur.plebania.hu\/?p=1646"},"modified":"2025-03-23T18:50:39","modified_gmt":"2025-03-23T18:50:39","slug":"apak-napja","status":"publish","type":"post","link":"https:\/\/balatonkeresztur.plebania.hu\/index.php\/2025\/03\/23\/apak-napja\/","title":{"rendered":"Ap\u00e1k napja"},"content":{"rendered":"\n<p><\/p>\n\n\n\n<figure class=\"wp-block-image size-full is-resized\"><a href=\"http:\/\/balatonkeresztur.plebania.hu\/wp-content\/uploads\/2025\/03\/apaknapja2025.jpg\" target=\"_blank\" rel=\" noreferrer noopener\"><img loading=\"lazy\" decoding=\"async\" width=\"1920\" height=\"1440\" src=\"https:\/\/balatonkeresztur.plebania.hu\/wp-content\/uploads\/2025\/03\/apaknapja2025.jpg\" alt=\"\" class=\"wp-image-1647\" style=\"width:597px;height:auto\" srcset=\"https:\/\/balatonkeresztur.plebania.hu\/wp-content\/uploads\/2025\/03\/apaknapja2025.jpg 1920w, https:\/\/balatonkeresztur.plebania.hu\/wp-content\/uploads\/2025\/03\/apaknapja2025-768x576.jpg 768w, https:\/\/balatonkeresztur.plebania.hu\/wp-content\/uploads\/2025\/03\/apaknapja2025-1536x1152.jpg 1536w, https:\/\/balatonkeresztur.plebania.hu\/wp-content\/uploads\/2025\/03\/apaknapja2025-400x300.jpg 400w\" sizes=\"auto, (max-width: 1920px) 100vw, 1920px\" \/><\/a><\/figure>\n\n\n\n<p>Szent J\u00f3zsef napj\u00e1n szentmise keret\u00e9ben \u00fcnnepli a Katolikus Egyh\u00e1z az Ap\u00e1k Napj\u00e1t, amellyel az apai hivat\u00e1st \u00e9s felel\u0151ss\u00e9gtudatot szeretn\u00e9 er\u0151s\u00edteni a f\u00e9rfiakban.<\/p>\n\n\n\n<!--more-->\n\n\n\n<p>A mai szentmis\u00e9ben mi is megeml\u00e9kezt\u00fcnk az \u00e9desap\u00e1kr\u00f3l. Az Apa ezerrel p\u00e1ly\u00e1zaton Gyerekhang-k\u00fcl\u00f6nd\u00edjas sz\u00f6veg felolvas\u00e1sa ut\u00e1n el\u00e9nekelt\u00fck a jelenl\u00e9v\u0151 \u00e9desap\u00e1knak az \u00c1roni \u00e1ld\u00e1st, majd k\u00fcl\u00f6n \u00e1ld\u00e1sban is r\u00e9szes\u00fcltek. A szentmise v\u00e9g\u00e9n egy szentk\u00e9pet is kaptak, ami k\u00fcl\u00f6n, erre az alkalomra k\u00e9sz\u00fclt pl\u00e9b\u00e1ni\u00e1nkon. Isten \u00e9ltesse az \u00e9desap\u00e1kat!<\/p>\n\n\n\n<p>Vajon hogyan tanulnak meg az apuk\u00e1k mindent a gyereknevel\u00e9sr\u0151l?<\/p>\n\n\n\n<p>Anyuk\u00e1m azt mondta, hogy ez a ,,g\u00e9mj\u00fckben\u201d van, de \u00e9n nem \u00e9rtem, hogy az apas\u00e1g hogyan f\u00fcgg \u00f6ssze a g\u00e9mkapcsokkal vagy a madarakkal. Szerintem a f\u00e9rfiakat egy nap, amikor a feles\u00e9g alszik, elviszik az apak\u00e9pz\u0151be. Biztosan a gyerekdob\u00e1l\u00e1st tanulj\u00e1k ki els\u0151k\u00e9nt, mert im\u00e1dom, amikor az apuk\u00e1m feldob a magasba, ut\u00e1na rep\u00fcl\u00f6k, majd az er\u0151s, m\u00e9gis gyeng\u00e9d kezek k\u00f6z\u00e9 pottyanok. Azt\u00e1n b\u00e1tors\u00e1gpr\u00f3b\u00e1kon vesznek r\u00e9szt, hiszen Apa a s\u00f6t\u00e9tben sem f\u00e9l, annyira nem, hogy lekapcsolt villany ellen\u00e9re is kital\u00e1l a szob\u00e1mb\u00f3l, \u00e9s nem ijed meg senkit\u0151l. Fels\u0151bb szintre l\u00e9pve nem k\u00f6vetkezhet m\u00e1s, mint a kedvess\u00e9g. A rossz helyzeteket is higgadtan kell kezelni\u00fck, mint amikor focizok a h\u00e1zban \u00e9s elt\u00f6r\u00f6m a v\u00e1z\u00e1t. Vigy\u00e1zat, ebben az \u00e9vfolyamban t\u00f6bben megbuknak! A vizsg\u00e1kon mindent \u00f6sszefoglalnak, \u00e9s kider\u00fcl, melyik f\u00e9rfi kaphat csal\u00e1djogosults\u00e1gi bizony\u00edtv\u00e1nyt. Apuk\u00e1m oszt\u00e1lyels\u0151 volt, az biztos, s\u0151t, szerintem m\u00e9g dics\u00e9retet is kapott.<\/p>\n\n\n\n<p><em><strong>A szerz\u0151 \u00edrja \u00f6nmag\u00e1r\u00f3l:<\/strong><\/em><\/p>\n\n\n\n<p><em>Fodor Jonat\u00e1n vagyok, a Joni becenevet szeretem. Vajszl\u00f3n lakom, de P\u00e9csre j\u00e1rok iskol\u00e1ba. Szeretek focizni, \u00edrni \u00e9s olvasni. 13 \u00e9ves leszek,&nbsp; f\u00e9l \u00e9ve j\u00e1rok a Sz\u00ednes Sz\u00ednpadra, ahol mindenki nagyon kedves. Az Apa ezerrel p\u00e1ly\u00e1zaton id\u00e9n Gyerekhang-k\u00fcl\u00f6nd\u00edjat nyertem. \u00d6r\u00fcl\u00f6k, hogy \u00e9letem els\u0151 p\u00e1ly\u00e1zat\u00e1n az apuk\u00e1mr\u00f3l \u00edrhattam, \u00e9s hogy anyuk\u00e1m is \u00edr\u00f3 (\u00d3dor Fanna). K\u00e9t testv\u00e9rem van.<\/em><\/p>\n","protected":false},"excerpt":{"rendered":"<p>Szent J\u00f3zsef napj\u00e1n szentmise keret\u00e9ben \u00fcnnepli a Katolikus Egyh\u00e1z az Ap\u00e1k Napj\u00e1t, amellyel az apai hivat\u00e1st \u00e9s felel\u0151ss\u00e9gtudatot szeretn\u00e9 er\u0151s\u00edteni a f\u00e9rfiakban.<\/p>\n","protected":false},"author":1,"featured_media":0,"comment_status":"closed","ping_status":"open","sticky":false,"template":"","format":"standard","meta":{"footnotes":""},"categories":[1],"tags":[],"class_list":["post-1646","post","type-post","status-publish","format-standard","hentry","category-egyeb"],"_links":{"self":[{"href":"https:\/\/balatonkeresztur.plebania.hu\/index.php\/wp-json\/wp\/v2\/posts\/1646","targetHints":{"allow":["GET"]}}],"collection":[{"href":"https:\/\/balatonkeresztur.plebania.hu\/index.php\/wp-json\/wp\/v2\/posts"}],"about":[{"href":"https:\/\/balatonkeresztur.plebania.hu\/index.php\/wp-json\/wp\/v2\/types\/post"}],"author":[{"embeddable":true,"href":"https:\/\/balatonkeresztur.plebania.hu\/index.php\/wp-json\/wp\/v2\/users\/1"}],"replies":[{"embeddable":true,"href":"https:\/\/balatonkeresztur.plebania.hu\/index.php\/wp-json\/wp\/v2\/comments?post=1646"}],"version-history":[{"count":2,"href":"https:\/\/balatonkeresztur.plebania.hu\/index.php\/wp-json\/wp\/v2\/posts\/1646\/revisions"}],"predecessor-version":[{"id":1649,"href":"https:\/\/balatonkeresztur.plebania.hu\/index.php\/wp-json\/wp\/v2\/posts\/1646\/revisions\/1649"}],"wp:attachment":[{"href":"https:\/\/balatonkeresztur.plebania.hu\/index.php\/wp-json\/wp\/v2\/media?parent=1646"}],"wp:term":[{"taxonomy":"category","embeddable":true,"href":"https:\/\/balatonkeresztur.plebania.hu\/index.php\/wp-json\/wp\/v2\/categories?post=1646"},{"taxonomy":"post_tag","embeddable":true,"href":"https:\/\/balatonkeresztur.plebania.hu\/index.php\/wp-json\/wp\/v2\/tags?post=1646"}],"curies":[{"name":"wp","href":"https:\/\/api.w.org\/{rel}","templated":true}]}}