{"id":1643,"date":"2025-03-16T05:57:29","date_gmt":"2025-03-16T05:57:29","guid":{"rendered":"https:\/\/balatonkeresztur.plebania.hu\/?p=1643"},"modified":"2025-03-16T05:57:29","modified_gmt":"2025-03-16T05:57:29","slug":"nagybojti-gyujtes-3","status":"publish","type":"post","link":"https:\/\/balatonkeresztur.plebania.hu\/index.php\/2025\/03\/16\/nagybojti-gyujtes-3\/","title":{"rendered":"Nagyb\u00f6jti gy\u0171jt\u00e9s"},"content":{"rendered":"\n<p class=\"has-text-align-center\">Ism\u00e9t a h\u00fasv\u00e9ti \u00fcnnepekre k\u00e9sz\u00fcl\u00fcnk, ez\u00e9rt annak alkalm\u00e1b\u00f3l szeretn\u00e9nk k\u00f6nnyebb\u00e9 tenni tart\u00f3s \u00e9lelmiszer csomaggal a r\u00e1szorul\u00f3 csal\u00e1dok helyzet\u00e9t.<br><strong>2023. m\u00e1rcius 23-\u00e1n \u00e9s 30-\u00e1n<\/strong> tart\u00f3s \u00e9lelmiszer adom\u00e1ny gy\u0171jt\u00e9st tartunk <strong>9.00 \u2013 9.20<\/strong> k\u00f6z\u00f6tt a <strong>Szent Istv\u00e1n H\u00e1zban<\/strong>. <\/p>\n\n\n\n<!--more-->\n\n\n\n<p class=\"has-text-align-center\">K\u00e9rj\u00fck, fokozottan figyeljenek a szavatoss\u00e1gi id\u0151re, hogy ne lej\u00e1rt szavatoss\u00e1g\u00fa term\u00e9ket adom\u00e1nyozzanak!<br>A fontosabb \u00e9lelmiszerek mellett sz\u00edvesen fogadunk h\u00e1ztart\u00e1si cikkeket is, amely szint\u00e9n nagy seg\u00edts\u00e9g lenne a csal\u00e1doknak.<br>Seg\u00edts\u00e9g\u00fcket el\u0151re is k\u00f6sz\u00f6nj\u00fck.<br>Mindenkinek tov\u00e1bbi \u00e1ld\u00e1sos nagyb\u00f6jti id\u0151szakot \u00e9s b\u00e9kess\u00e9ges, vid\u00e1m h\u00fasv\u00e9ti \u00fcnnepeket k\u00edv\u00e1nunk!<\/p>\n\n\n\n<p class=\"has-text-align-right\">Karit\u00e1sz csoport<\/p>\n\n\n\n<p><strong>A Magyar Katolikus P\u00fcsp\u00f6ki Konferencia k\u00f6rlevele<\/strong><\/p>\n\n\n\n<p><strong>a 2025. \u00e9vi nagyb\u00f6jti tart\u00f3s\u00e9lelmiszer-gy\u0171jt\u00e9sr\u0151l<\/strong><\/p>\n\n\n\n<p>Kedves Testv\u00e9rek!<\/p>\n\n\n\n<p>A Szent\u00e9v mott\u00f3j\u00e1nak megfelel\u0151en a rem\u00e9ny zar\u00e1ndokaik\u00e9nt j\u00e1rjuk v\u00e9gig idei nagyb\u00f6jti utunkat. Szeretn\u00e9nk meger\u0151s\u00edteni hit\u00fcnket \u00e9s szem\u00e9lyes kapcsolatunkat J\u00e9zus Krisztussal, aki a megv\u00e1lt\u00e1s miszt\u00e9rium\u00e1t adta nek\u00fcnk. Ezen a zar\u00e1ndok\u00faton nem csak nek\u00fcnk kell k\u00f6zelebb ker\u00fclni Istenhez, hanem m\u00e1sokat is magunkkal kell h\u00edvni. A szent\u00e9v log\u00f3ja j\u00f3l \u00f6sszefoglalja feladatunkat: egym\u00e1st \u00e1t\u00f6lelve Krisztusba kapaszkodunk, aki megv\u00e9d minket a viharok idej\u00e9n is, hiszen a rem\u00e9ny\u00fcnket jelent\u0151 horgony biztosan megtart mindenkit.<\/p>\n\n\n\n<figure class=\"wp-block-image size-full is-resized\"><img loading=\"lazy\" decoding=\"async\" width=\"136\" height=\"132\" src=\"https:\/\/balatonkeresztur.plebania.hu\/wp-content\/uploads\/2025\/03\/kep.png\" alt=\"\" class=\"wp-image-1644\" style=\"width:246px;height:auto\"\/><\/figure>\n\n\n\n<p>A szent\u00e9v log\u00f3j\u00e1ban szerepl\u0151 piros alak a szeretetet, a cselekv\u00e9st \u00e9s a javakban val\u00f3 osztoz\u00e1st jelk\u00e9pezve h\u00edvja fel figyelm\u00fcnket az idei nagyb\u00f6jti tart\u00f3s\u00e9lelmiszer-gy\u0171jt\u00e9sre. B\u00edztatunk mindenkit, hogy a szent\u00e9vben \u2013 lehet\u0151s\u00e9ge szerint \u2013 j\u00e1ruljon hozz\u00e1 a Katolikus Egyh\u00e1z seg\u00e9lyakci\u00f3j\u00e1hoz \u00e9s ez\u00e1ltal maga v\u00e1ljon a rem\u00e9ny ember\u00e9v\u00e9! Erre a j\u00f6v\u0151 heti vas\u00e1rnapi szentmis\u00e9ken \u00e9s az azt k\u00f6vet\u0151 h\u00e9ten lesz lehet\u0151s\u00e9g, m\u00e1rcius 23-t\u00f3l 30-ig. A gy\u0171jt\u00e9s j\u00f3 alkalom lehet arra is, hogy \u2013 ahol m\u00e9g nincs pl\u00e9b\u00e1niai karit\u00e1sz csoport \u2013 alkalmi seg\u00edt\u0151csoportok alakuljanak az egyh\u00e1zk\u00f6zs\u00e9gekben.<\/p>\n\n\n\n<p>Az \u00f6sszegy\u0171jt\u00f6tt \u00e9lelmiszerek nemcsak t\u00e1pl\u00e1l\u00e9kot jelentenek, hanem a rem\u00e9ny \u00fczenet\u00e9t is viszik magukkal, a Gondvisel\u0151 Isten szeretet\u00e9nek k\u00e9zzelfoghat\u00f3 jel\u00e9t a n\u00e9lk\u00fcl\u00f6z\u0151 csal\u00e1dokba. A kor\u00e1bbi \u00e9vekben a h\u00edvek adom\u00e1nyaib\u00f3l \u00f6ssze\u00e1ll\u00edtott seg\u00e9lycsomagokkal csal\u00e1dok ezreit tudtuk seg\u00edteni. A seg\u00e9lyakci\u00f3ba a 1356-os telefonos adom\u00e1nyvonalon is bekapcsol\u00f3dhatunk: h\u00edv\u00e1sonk\u00e9nt 500 forinttal seg\u00edt\u00fcnk. A legkisebb adom\u00e1nyokat is h\u00e1l\u00e1san k\u00f6sz\u00f6nj\u00fck.<\/p>\n\n\n\n<p>Kelt: Budapest, 2025. Nagyb\u00f6jt 2. vas\u00e1rnapj\u00e1n<\/p>\n\n\n\n<p>a Magyar Katolikus P\u00fcsp\u00f6ki Konferencia<\/p>\n","protected":false},"excerpt":{"rendered":"<p>Ism\u00e9t a h\u00fasv\u00e9ti \u00fcnnepekre k\u00e9sz\u00fcl\u00fcnk, ez\u00e9rt annak alkalm\u00e1b\u00f3l szeretn\u00e9nk k\u00f6nnyebb\u00e9 tenni tart\u00f3s \u00e9lelmiszer csomaggal a r\u00e1szorul\u00f3 csal\u00e1dok helyzet\u00e9t.2023. m\u00e1rcius 23-\u00e1n \u00e9s 30-\u00e1n tart\u00f3s \u00e9lelmiszer adom\u00e1ny gy\u0171jt\u00e9st tartunk 9.00 \u2013 9.20 k\u00f6z\u00f6tt a Szent Istv\u00e1n H\u00e1zban.<\/p>\n","protected":false},"author":1,"featured_media":0,"comment_status":"closed","ping_status":"open","sticky":false,"template":"","format":"standard","meta":{"footnotes":""},"categories":[1],"tags":[],"class_list":["post-1643","post","type-post","status-publish","format-standard","hentry","category-egyeb"],"_links":{"self":[{"href":"https:\/\/balatonkeresztur.plebania.hu\/index.php\/wp-json\/wp\/v2\/posts\/1643","targetHints":{"allow":["GET"]}}],"collection":[{"href":"https:\/\/balatonkeresztur.plebania.hu\/index.php\/wp-json\/wp\/v2\/posts"}],"about":[{"href":"https:\/\/balatonkeresztur.plebania.hu\/index.php\/wp-json\/wp\/v2\/types\/post"}],"author":[{"embeddable":true,"href":"https:\/\/balatonkeresztur.plebania.hu\/index.php\/wp-json\/wp\/v2\/users\/1"}],"replies":[{"embeddable":true,"href":"https:\/\/balatonkeresztur.plebania.hu\/index.php\/wp-json\/wp\/v2\/comments?post=1643"}],"version-history":[{"count":1,"href":"https:\/\/balatonkeresztur.plebania.hu\/index.php\/wp-json\/wp\/v2\/posts\/1643\/revisions"}],"predecessor-version":[{"id":1645,"href":"https:\/\/balatonkeresztur.plebania.hu\/index.php\/wp-json\/wp\/v2\/posts\/1643\/revisions\/1645"}],"wp:attachment":[{"href":"https:\/\/balatonkeresztur.plebania.hu\/index.php\/wp-json\/wp\/v2\/media?parent=1643"}],"wp:term":[{"taxonomy":"category","embeddable":true,"href":"https:\/\/balatonkeresztur.plebania.hu\/index.php\/wp-json\/wp\/v2\/categories?post=1643"},{"taxonomy":"post_tag","embeddable":true,"href":"https:\/\/balatonkeresztur.plebania.hu\/index.php\/wp-json\/wp\/v2\/tags?post=1643"}],"curies":[{"name":"wp","href":"https:\/\/api.w.org\/{rel}","templated":true}]}}