{"id":1622,"date":"2025-01-29T08:09:47","date_gmt":"2025-01-29T08:09:47","guid":{"rendered":"https:\/\/balatonkeresztur.plebania.hu\/?p=1622"},"modified":"2025-03-04T19:05:57","modified_gmt":"2025-03-04T19:05:57","slug":"tavaszi-zarandoklat","status":"publish","type":"post","link":"https:\/\/balatonkeresztur.plebania.hu\/index.php\/2025\/01\/29\/tavaszi-zarandoklat\/","title":{"rendered":"Tavaszi zar\u00e1ndoklat"},"content":{"rendered":"\n<figure class=\"wp-block-image size-full is-resized\"><img loading=\"lazy\" decoding=\"async\" width=\"212\" height=\"141\" src=\"https:\/\/balatonkeresztur.plebania.hu\/wp-content\/uploads\/2025\/01\/kep-1.png\" alt=\"\" class=\"wp-image-1624\" style=\"width:339px;height:auto\"\/><\/figure>\n\n\n\n<p>A Balatonkereszt\u00fari Szent Kereszt k\u00f3rus <strong><em>tavaszi zar\u00e1ndokutat<\/em><\/strong> szervez <strong><em>Gy\u0151rbe<\/em><\/strong> a <strong><em>K\u00f6nnyez\u0151 Sz\u0171zanya<\/em><\/strong> b\u00facs\u00fa\u00fcnnepe alkalm\u00e1b\u00f3l.<\/p>\n\n\n\n<p><strong><em>Id\u0151pont:<\/em><\/strong> 2025. m\u00e1rcius 17. h\u00e9tf\u0151.<\/p>\n\n\n\n<!--more-->\n\n\n\n<p>Utaz\u00e1s aut\u00f3busszal.<\/p>\n\n\n\n<p><strong><em>Gy\u00fclekez\u0151:<\/em><\/strong> 6.15, indul\u00e1s: 6.30 a balatonkereszt\u00fari pl\u00e9b\u00e1niatemplom parkol\u00f3j\u00e1b\u00f3l.<\/p>\n\n\n\n<p><strong><em>Program:<\/em><\/strong><\/p>\n\n\n\n<ul class=\"wp-block-list\">\n<li>9.15 Gy\u0151r Szent L\u00e1szl\u00f3 L\u00e1togat\u00f3k\u00f6zpontban Boldog Apor Vilmos Eml\u00e9kki\u00e1ll\u00edt\u00e1s megtekint\u00e9se 1. csoport \u2013 P\u00fcsp\u00f6kv\u00e1r Toronykil\u00e1t\u00f3 2. csoport<\/li>\n\n\n\n<li>11.00 \u00dcnnepi szentmise a Nagyboldogasszony Sz\u00e9kesegyh\u00e1zban<\/li>\n\n\n\n<li>13.00 Boldog Apor Vilmos Eml\u00e9kki\u00e1ll\u00edt\u00e1s megtekint\u00e9se 2. csoport \u2013 P\u00fcsp\u00f6kv\u00e1r Toronykil\u00e1t\u00f3 1. csoport<\/li>\n\n\n\n<li>Ezt k\u00f6vet\u0151en utaz\u00e1s Szanyba, ott k\u00f6z\u00f6s eb\u00e9d<\/li>\n\n\n\n<li>Eb\u00e9d ut\u00e1n a szanyi kast\u00e9ly megtekint\u00e9se<\/li>\n\n\n\n<li>hazautaz\u00e1s<\/li>\n<\/ul>\n\n\n\n<p><strong><em>R\u00e9szv\u00e9teli d\u00edj:<\/em><\/strong> 12.000.- Ft\/f\u0151 (\u00fatik\u00f6lts\u00e9g, eb\u00e9d, bel\u00e9p\u0151k)<\/p>\n\n\n\n<p><strong><em>Jelentkez\u00e9si \u00e9s fizet\u00e9si hat\u00e1rid\u0151:<\/em><\/strong> 2025. 02. 27. illetve helyek f\u00fcggv\u00e9ny\u00e9ben. A befizetett \u00fatik\u00f6lts\u00e9get az utaz\u00e1s elmulaszt\u00e1sa eset\u00e9n nem \u00e1ll m\u00f3dunkban visszat\u00e9r\u00edteni!<\/p>\n\n\n\n<p><strong><em>Jelentkezni lehet:<\/em><\/strong> Domj\u00e1n K\u00e1lm\u00e1nn\u00e9 szervez\u0151n\u00e9l tel.: 30\/425-4549<\/p>\n\n\n\n<p>A rem\u00e9ny szent\u00e9ve alkalm\u00e1b\u00f3l im\u00e1ds\u00e1gos l\u00e9lekkel vegy\u00fcnk r\u00e9szt zar\u00e1ndokutunkon!<\/p>\n","protected":false},"excerpt":{"rendered":"<p>A Balatonkereszt\u00fari Szent Kereszt k\u00f3rus tavaszi zar\u00e1ndokutat szervez Gy\u0151rbe a K\u00f6nnyez\u0151 Sz\u0171zanya b\u00facs\u00fa\u00fcnnepe alkalm\u00e1b\u00f3l. Id\u0151pont: 2025. m\u00e1rcius 17. h\u00e9tf\u0151.<\/p>\n","protected":false},"author":1,"featured_media":0,"comment_status":"closed","ping_status":"closed","sticky":false,"template":"","format":"standard","meta":{"footnotes":""},"categories":[1],"tags":[],"class_list":["post-1622","post","type-post","status-publish","format-standard","hentry","category-egyeb"],"_links":{"self":[{"href":"https:\/\/balatonkeresztur.plebania.hu\/index.php\/wp-json\/wp\/v2\/posts\/1622","targetHints":{"allow":["GET"]}}],"collection":[{"href":"https:\/\/balatonkeresztur.plebania.hu\/index.php\/wp-json\/wp\/v2\/posts"}],"about":[{"href":"https:\/\/balatonkeresztur.plebania.hu\/index.php\/wp-json\/wp\/v2\/types\/post"}],"author":[{"embeddable":true,"href":"https:\/\/balatonkeresztur.plebania.hu\/index.php\/wp-json\/wp\/v2\/users\/1"}],"replies":[{"embeddable":true,"href":"https:\/\/balatonkeresztur.plebania.hu\/index.php\/wp-json\/wp\/v2\/comments?post=1622"}],"version-history":[{"count":2,"href":"https:\/\/balatonkeresztur.plebania.hu\/index.php\/wp-json\/wp\/v2\/posts\/1622\/revisions"}],"predecessor-version":[{"id":1625,"href":"https:\/\/balatonkeresztur.plebania.hu\/index.php\/wp-json\/wp\/v2\/posts\/1622\/revisions\/1625"}],"wp:attachment":[{"href":"https:\/\/balatonkeresztur.plebania.hu\/index.php\/wp-json\/wp\/v2\/media?parent=1622"}],"wp:term":[{"taxonomy":"category","embeddable":true,"href":"https:\/\/balatonkeresztur.plebania.hu\/index.php\/wp-json\/wp\/v2\/categories?post=1622"},{"taxonomy":"post_tag","embeddable":true,"href":"https:\/\/balatonkeresztur.plebania.hu\/index.php\/wp-json\/wp\/v2\/tags?post=1622"}],"curies":[{"name":"wp","href":"https:\/\/api.w.org\/{rel}","templated":true}]}}