{"id":1614,"date":"2025-01-21T19:14:52","date_gmt":"2025-01-21T19:14:52","guid":{"rendered":"https:\/\/balatonkeresztur.plebania.hu\/?p=1614"},"modified":"2025-03-01T07:25:32","modified_gmt":"2025-03-01T07:25:32","slug":"oblatusok-fogadalmanak-megujitasa","status":"publish","type":"post","link":"https:\/\/balatonkeresztur.plebania.hu\/index.php\/2025\/01\/21\/oblatusok-fogadalmanak-megujitasa\/","title":{"rendered":"Obl\u00e1tusok fogadalm\u00e1nak meg\u00faj\u00edt\u00e1sa"},"content":{"rendered":"\n<p>Sz\u00e9p \u00fcnnepi esem\u00e9nynek adott helyet Balatonkereszt\u00faron a Szent Kereszt Felmagasztal\u00e1sa Pl\u00e9b\u00e1nia&nbsp; temploma janu\u00e1r 18-\u00e1n. Kiss Zsolt pl\u00e9b\u00e1nos atya befogad\u00f3 szeretet\u00e9nek k\u00f6sz\u00f6nhet\u0151en ism\u00e9t e gy\u00f6ny\u00f6r\u0171 templomban \u00fcnnepelhett\u00fck&nbsp; fogadalom meg\u00faj\u00edt\u00e1sunkat.&nbsp; Ez alkalomb\u00f3l megh\u00edvta k\u00f6z\u00f6ss\u00e9g\u00fcnk, a pannonhalmi Benc\u00e9s Rend obl\u00e1tusai,&nbsp; &nbsp;a&nbsp; tihanyi Ap\u00e1ts\u00e1g obl\u00e1tus testv\u00e9reit is, hogy csatlakozzanak \u00fcnnepi szertart\u00e1sunkhoz.<\/p>\n\n\n\n<figure class=\"wp-block-image size-full is-resized\"><a href=\"https:\/\/osboblatus.hu\/galeriak\/oblaciomegujitas-2025-szentharomsag-es-szentlelek-dekaniak-tihanyi-oblatusok\" target=\"_blank\" rel=\" noreferrer noopener\"><img loading=\"lazy\" decoding=\"async\" width=\"592\" height=\"800\" src=\"http:\/\/balatonkeresztur.plebania.hu\/wp-content\/uploads\/2025\/01\/20250118113341.jpg\" alt=\"\" class=\"wp-image-1617\" style=\"width:474px;height:auto\" srcset=\"https:\/\/balatonkeresztur.plebania.hu\/wp-content\/uploads\/2025\/01\/20250118113341.jpg 592w, https:\/\/balatonkeresztur.plebania.hu\/wp-content\/uploads\/2025\/01\/20250118113341-222x300.jpg 222w\" sizes=\"auto, (max-width: 592px) 100vw, 592px\" \/><\/a><\/figure>\n\n\n\n<!--more-->\n\n\n\n<p>Felemel\u0151 volt hogy mindk\u00e9t k\u00f6z\u00f6ss\u00e9g obl\u00e1tusrektora r\u00e9szt vett az esem\u00e9nyen. Dr Bori\u00e1n Elr\u00e9d pannonhalmi atya celebr\u00e1lta, illetve&nbsp; Czak\u00f3 Andr\u00e1s tihanyi \u00e9s Kiss Zsolt kereszt\u00fari atya koncelebr\u00e1lta az \u00fcnnepi Szentmis\u00e9t,&nbsp; ekkor&nbsp; felaj\u00e1nl\u00e1s el\u0151tt&nbsp; \u00faj\u00edtottuk meg fogadalmunkat. ,,Fogadj el engem Istenem,&nbsp; szent ig\u00e9d szerint, hogy Neked \u00e9ljek, \u00e9s ne sz\u00e9gyen\u00edts meg engem, mert&nbsp; Tebenned b\u00edztam Uram! &#8221;&nbsp; \/Zsolt. 118,116\/. Felaj\u00e1nl\u00e1sunk \u00e9g\u0151 gyerty\u00e1val t\u00f6rt\u00e9nt,&nbsp; a f\u00e9ny Isten jelenl\u00e9t\u00e9nek&nbsp; szimb\u00f3luma&nbsp; sz\u00e1munkra.&nbsp;<\/p>\n\n\n\n<p>K\u00f6z\u00f6ss\u00e9geinket Szent Benedek regul\u00e1ja&nbsp; seg\u00edti abban, hogy Isten h\u00edv\u00e1s\u00e1ra adott v\u00e1laszunk Istennek tetsz\u0151 \u00e9letet teremjen.<\/p>\n\n\n\n<p>A szertart\u00e1s v\u00e9g\u00e9n Fabiola testv\u00e9r\u00fcnk mutatta be a templom&nbsp; \u00e9rdekes m\u00faltj\u00e1t \u00e9s jelen\u00e9t. \u00cdgy megismerve a templomot&nbsp; sz\u00edvet&nbsp; melenget\u0151 \u00e9lm\u00e9ny\u00fcnk m\u00e9g csak&nbsp; fokoz\u00f3dott&nbsp;<\/p>\n\n\n\n<p>Finom eb\u00e9d\u00fcnket szeretetteljes ismerked\u00e9s \u00e9s besz\u00e9lget\u00e9s f\u0171szerezte,&nbsp; majd a Szent Istv\u00e1n H\u00e1z meleg\u00e9ben folytattuk a k\u00f6z\u00f6s egy\u00fcttl\u00e9tet. Itt besz\u00e1moltunk&nbsp; k\u00f6z\u00f6ss\u00e9geink&nbsp; kialakul\u00e1s\u00e1r\u00f3l \u00e9s m\u0171k\u00f6d\u00e9s\u00e9r\u0151l.&nbsp;<\/p>\n\n\n\n<p>Egy\u00fcttl\u00e9teinkkor&nbsp; egy feladatul&nbsp; kapott&nbsp; k\u00f6nyvet&nbsp; elemz\u00fcnk,&nbsp; besz\u00e9l\u00fcnk&nbsp; \u00e1t az\u00e9rt, hogy majd az abban olvasottakat \u00e9letre v\u00e1lthassuk.&nbsp; Ezt k\u00f6veti mindig a k\u00f6z\u00f6s zsolozsma im\u00e1dkoz\u00e1sa, amit az agap\u00e9,&nbsp; \u00e9s&nbsp; &nbsp;szem\u00e9lyes besz\u00e9lget\u00e9s&nbsp; z\u00e1r le.&nbsp;<\/p>\n\n\n\n<p>Most is ezt a gyakorlatot folytattuk, \u00e9s&nbsp; \u00e9lm\u00e9nyeink&nbsp; megoszt\u00e1s\u00e1val fejezt\u00fck&nbsp; be a&nbsp; tal\u00e1lkoz\u00f3t.&nbsp;<\/p>\n\n\n\n<p>K\u00fcl\u00f6n \u00f6r\u00f6m volt, hogy Zsolt pl\u00e9b\u00e1nos atya is vel\u00fcnk tartott.&nbsp; Negyedik alkalommal k\u00f6sz\u00f6nhetj\u00fck meg neki vend\u00e9gszeretet\u00e9t,&nbsp; \u00edgy ez m\u00e1r csaknem&nbsp; hagyom\u00e1nny\u00e1&nbsp; v\u00e1lt.<\/p>\n\n\n\n<p>H\u00e1l\u00e1s k\u00f6sz\u00f6net az aty\u00e1knak, hogy \u00fcnnep\u00e9lyess\u00e9 tett\u00e9k sz\u00e1munkra ezt a napot!&nbsp; K\u00f6sz\u00f6n\u00f6m sz\u00e9pen a sok szorgos k\u00e9znek \u00e1ld\u00e1sos munk\u00e1j\u00e1t!&nbsp; Isten \u00e1ld\u00e1s\u00e1t k\u00e9rem minden r\u00e9sztvev\u0151re!&nbsp; H\u00e1l\u00e1s sz\u00edvvel mondok k\u00f6sz\u00f6netet a j\u00f3 Istennek a lelket melenget\u0151 \u00e9lm\u00e9ny\u00e9rt! Thekla tv.&nbsp;<\/p>\n","protected":false},"excerpt":{"rendered":"<p>Sz\u00e9p \u00fcnnepi esem\u00e9nynek adott helyet Balatonkereszt\u00faron a Szent Kereszt Felmagasztal\u00e1sa Pl\u00e9b\u00e1nia&nbsp; temploma janu\u00e1r 18-\u00e1n. Kiss Zsolt pl\u00e9b\u00e1nos atya befogad\u00f3 szeretet\u00e9nek k\u00f6sz\u00f6nhet\u0151en ism\u00e9t e gy\u00f6ny\u00f6r\u0171 templomban \u00fcnnepelhett\u00fck&nbsp; fogadalom meg\u00faj\u00edt\u00e1sunkat.&nbsp; Ez alkalomb\u00f3l megh\u00edvta k\u00f6z\u00f6ss\u00e9g\u00fcnk, a pannonhalmi Benc\u00e9s Rend obl\u00e1tusai,&nbsp; &nbsp;a&nbsp; tihanyi Ap\u00e1ts\u00e1g &hellip; <a href=\"https:\/\/balatonkeresztur.plebania.hu\/index.php\/2025\/01\/21\/oblatusok-fogadalmanak-megujitasa\/\">Egy kattint\u00e1s ide a folytat\u00e1shoz&#8230;. <span class=\"meta-nav\">&rarr;<\/span><\/a><\/p>\n","protected":false},"author":1,"featured_media":0,"comment_status":"closed","ping_status":"open","sticky":false,"template":"","format":"standard","meta":{"footnotes":""},"categories":[1],"tags":[],"class_list":["post-1614","post","type-post","status-publish","format-standard","hentry","category-egyeb"],"_links":{"self":[{"href":"https:\/\/balatonkeresztur.plebania.hu\/index.php\/wp-json\/wp\/v2\/posts\/1614","targetHints":{"allow":["GET"]}}],"collection":[{"href":"https:\/\/balatonkeresztur.plebania.hu\/index.php\/wp-json\/wp\/v2\/posts"}],"about":[{"href":"https:\/\/balatonkeresztur.plebania.hu\/index.php\/wp-json\/wp\/v2\/types\/post"}],"author":[{"embeddable":true,"href":"https:\/\/balatonkeresztur.plebania.hu\/index.php\/wp-json\/wp\/v2\/users\/1"}],"replies":[{"embeddable":true,"href":"https:\/\/balatonkeresztur.plebania.hu\/index.php\/wp-json\/wp\/v2\/comments?post=1614"}],"version-history":[{"count":4,"href":"https:\/\/balatonkeresztur.plebania.hu\/index.php\/wp-json\/wp\/v2\/posts\/1614\/revisions"}],"predecessor-version":[{"id":1631,"href":"https:\/\/balatonkeresztur.plebania.hu\/index.php\/wp-json\/wp\/v2\/posts\/1614\/revisions\/1631"}],"wp:attachment":[{"href":"https:\/\/balatonkeresztur.plebania.hu\/index.php\/wp-json\/wp\/v2\/media?parent=1614"}],"wp:term":[{"taxonomy":"category","embeddable":true,"href":"https:\/\/balatonkeresztur.plebania.hu\/index.php\/wp-json\/wp\/v2\/categories?post=1614"},{"taxonomy":"post_tag","embeddable":true,"href":"https:\/\/balatonkeresztur.plebania.hu\/index.php\/wp-json\/wp\/v2\/tags?post=1614"}],"curies":[{"name":"wp","href":"https:\/\/api.w.org\/{rel}","templated":true}]}}