{"id":1598,"date":"2024-12-25T17:59:15","date_gmt":"2024-12-25T17:59:15","guid":{"rendered":"https:\/\/balatonkeresztur.plebania.hu\/?p=1598"},"modified":"2024-12-25T17:59:15","modified_gmt":"2024-12-25T17:59:15","slug":"van-remeny-mindannyiunknak-ferenc-papa-megnyitotta-a-szent-peter-bazilika-szent-kapujat","status":"publish","type":"post","link":"https:\/\/balatonkeresztur.plebania.hu\/index.php\/2024\/12\/25\/van-remeny-mindannyiunknak-ferenc-papa-megnyitotta-a-szent-peter-bazilika-szent-kapujat\/","title":{"rendered":"\u201eVan rem\u00e9ny mindannyiunknak!\u201d \u2013 Ferenc p\u00e1pa megnyitotta a Szent P\u00e9ter-bazilika szent kapuj\u00e1t"},"content":{"rendered":"\n<figure class=\"wp-block-image size-full\"><img loading=\"lazy\" decoding=\"async\" width=\"850\" height=\"478\" src=\"https:\/\/balatonkeresztur.plebania.hu\/wp-content\/uploads\/2024\/12\/img1.jpg\" alt=\"\" class=\"wp-image-1599\" srcset=\"https:\/\/balatonkeresztur.plebania.hu\/wp-content\/uploads\/2024\/12\/img1.jpg 850w, https:\/\/balatonkeresztur.plebania.hu\/wp-content\/uploads\/2024\/12\/img1-768x432.jpg 768w, https:\/\/balatonkeresztur.plebania.hu\/wp-content\/uploads\/2024\/12\/img1-500x281.jpg 500w\" sizes=\"auto, (max-width: 850px) 100vw, 850px\" \/><\/figure>\n\n\n\n<p>Ferenc p\u00e1pa szenteste megnyitotta a Szent P\u00e9ter-bazilika szent kapuj\u00e1t, mellyel kezdet\u00e9t vette a 2025-\u00f6s jubileumi \u00e9v, majd szentmis\u00e9t \u00fcnnepelt. A kar\u00e1csonyi szentmis\u00e9n a Szentatya eln\u00f6k\u00f6lt, a f\u0151celebr\u00e1ns Giovanni Battista Re, a b\u00edborosi koll\u00e9gium d\u00e9k\u00e1nja volt.<\/p>\n\n\n\n<!--more-->\n\n\n\n<p>Az \u00fcnnepi liturgia a szent kapu megnyit\u00e1s\u00e1nak szertart\u00e1s\u00e1val vette kezdet\u00e9t a Szent P\u00e9ter-bazilika el\u0151ter\u00e9ben, a vir\u00e1gokkal feld\u00edsz\u00edtett kapu el\u0151tt. &nbsp;A szertart\u00e1s a 121. zsolt\u00e1r \u00e9nekl\u00e9s\u00e9vel kezd\u0151d\u00f6tt: \u201e\u00d6rvendezve megy\u00fcnk az \u00dar h\u00e1z\u00e1ba\u201d.<\/p>\n\n\n\n<p>Ezt k\u00f6vet\u0151en Ferenc p\u00e1pa r\u00e1mutatott, hogy az \u00dar sz\u00fclet\u00e9s\u00e9nek, a mi halhatatlan rem\u00e9nys\u00e9g\u00fcnknek \u00fcnnep\u00e9n arra k\u00e9sz\u00fcl\u00fcnk, hogy \u00e1tl\u00e9pj\u00fcnk a szent kapun. Azok a l\u00e9p\u00e9sek, amiket egy\u00fctt k\u00e9sz\u00fcl\u00fcnk megtenni, az eg\u00e9sz Egyh\u00e1z zar\u00e1ndoklata, mely a b\u00e9ke tan\u00faja. Ragaszkodva Krisztushoz, \u00fcdv\u00f6ss\u00e9g\u00fcnk szikl\u00e1j\u00e1hoz, az \u0151 Ig\u00e9je \u00e1ltal megvil\u00e1gosulva \u00e9s kegyelm\u00e9b\u0151l meg\u00fajulva, l\u00e9pj\u00fck \u00e1t a k\u00fcsz\u00f6b\u00f6t, \u00e9s \u00edgy l\u00e9pj\u00fcnk be a kegyelem \u00e9s a megbocs\u00e1t\u00e1s tenger\u00e9be, ahol minden ember tal\u00e1lkozhat, \u00edgy elfogadva a rem\u00e9ny \u00fatj\u00e1t, amely nem okoz csal\u00f3d\u00e1st.<\/p>\n\n\n\n<p>A buzd\u00edt\u00f3 szavak ut\u00e1n, a Szentatya im\u00e1ds\u00e1got mondott, melyben Krisztushoz, mint f\u00e9nyes csillagunkhoz, a vil\u00e1g rem\u00e9ny\u00e9hez k\u00f6ny\u00f6rg\u00f6tt.<\/p>\n\n\n\n<p>Ezt k\u00f6vet\u0151en a diak\u00f3nus felolvasta az evang\u00e9liumot Szent J\u00e1nos k\u00f6nyv\u00e9b\u0151l (Jn 10,7\u201310): \u201eAbban az id\u0151ben \u00edgy sz\u00f3lt J\u00e9zus: \u00bbBizony, bizony mondom nektek: \u00c9n vagyok a juhok ajtaja. Mindny\u00e1jan, akik el\u0151ttem j\u00f6ttek, tolvajok \u00e9s rabl\u00f3k, s a juhok nem is hallgattak r\u00e1juk. \u00c9n vagyok az ajt\u00f3: aki rajtam kereszt\u00fcl megy be, \u00fcdv\u00f6z\u00fcl, bej\u00e1r \u00e9s kij\u00e1r, \u00e9s legel\u0151re tal\u00e1l. A tolvaj csak az\u00e9rt j\u00f6n, hogy lopjon, \u00f6lj\u00f6n \u00e9s puszt\u00edtson. \u00c9n az\u00e9rt j\u00f6ttem, hogy \u00e9let\u00fck legyen, \u00e9s b\u0151s\u00e9gben legyen.\u201d<\/p>\n\n\n\n<blockquote class=\"wp-block-quote is-layout-flow wp-block-quote-is-layout-flow\">\n<p>Az \u00f6r\u00f6mh\u00edr meghirdet\u00e9se ut\u00e1n nyitott\u00e1k meg a Szent P\u00e9ter-bazilika szent kapuj\u00e1t. Ferenc p\u00e1pa cs\u00f6ndben im\u00e1dkozott a kapu el\u0151tt, majd&nbsp; kerekessz\u00e9kben \u00fclve bekopogott rajta, \u00e9s megnyitotta azt.<\/p>\n<\/blockquote>\n\n\n\n<p>A szk\u00f3la k\u00f6zben a k\u00f6vetkez\u0151ket \u00e9nekelte: \u201eEz az \u00dar kapuja, az igazak l\u00e9pnek be rajta; bel\u00e9pek a te h\u00e1zadba, Uram; nyisd meg nekem, az igazs\u00e1g kapuit; bel\u00e9pek \u00e9s h\u00e1l\u00e1t adok az \u00darnak\u201d.<\/p>\n\n\n\n<p>A Szentaty\u00e1t seg\u00edt\u0151je \u00e1ttolta a kapun a bazilik\u00e1ba. A p\u00e1p\u00e1t a liturgikus szolg\u00e1latt\u00e9v\u0151k, a koncelebr\u00e1l\u00f3 b\u00edborosok, p\u00fcsp\u00f6k\u00f6k, illetve azok a vend\u00e9gek k\u00f6vett\u00e9k, akik az \u00f6t kontinenst k\u00e9pviselt\u00e9k, majd a m\u00e1s kereszt\u00e9ny felekezetek k\u00e9pvisel\u0151i l\u00e9ptek be a szent kapun. Ut\u00f3bbi annak a jelk\u00e9pe, hogy a j\u00f6v\u0151 \u00e9vben \u00fcnnepelj\u00fck a Niceai Zsinat 1700-ik \u00e9vfordul\u00f3j\u00e1t; az \u00f6kumenikus zsinat idej\u00e9n a kereszt\u00e9nyek m\u00e9g egys\u00e9gben voltak. A szk\u00f3la k\u00f6zben a jubileumi szent\u00e9v <em>A rem\u00e9ny zar\u00e1ndokai<\/em> c\u00edm\u0171 himnusz\u00e1t \u00e9nekelte.<\/p>\n\n\n\n<p>Amikor a liturgikus menet a f\u0151olt\u00e1rhoz \u00e9rt, a diak\u00f3nus az \u00fcnnepi kis tr\u00f3nsz\u00e9kre helyezte&nbsp;az eveng\u00e9liumos k\u00f6nyvet. Ezt k\u00f6vet\u0151en vette kezdet\u00e9t a kar\u00e1csony \u00fcnnepe meghirdetet\u00e9s\u00e9nek szertart\u00e1sa a&nbsp;<em>Kar\u00e1csonyi martirol\u00f3gium<\/em> alapj\u00e1n. Majd, elt\u00e1vol\u00edtott\u00e1k a leplet a kisded J\u00e9zust \u00e1br\u00e1zol\u00f3 szoborr\u00f3l, \u00e9s a vil\u00e1g \u00f6t kontinens\u00e9t jelk\u00e9pez\u0151 gyermekek vir\u00e1gcsokrokat helyeztek el a j\u00e1szoln\u00e1l. A diak\u00f3nus megt\u00f6mj\u00e9nezte a Kisj\u00e9zus szobr\u00e1t, amely az evang\u00e9liumosk\u00f6nyv el\u0151tt helyezkedett el, a Szent P\u00e9ter-bazilika k\u00f6zponti r\u00e9sz\u00e9n, a baldachinos confessio olt\u00e1r el\u0151tt tal\u00e1lhat\u00f3 l\u00e9pcs\u0151sor el\u0151tt.<\/p>\n\n\n\n<p>Az evang\u00e9lium ut\u00e1n a Szentatya hom\u00edli\u00e1ja k\u00f6vetkezett.<\/p>\n\n\n\n<p><em>Az al\u00e1bbiakban a teljes szentbesz\u00e9d magyar ford\u00edt\u00e1s\u00e1t k\u00f6zreadunk.<\/em><\/p>\n\n\n\n<p>Az \u00dar egy f\u00e9nnyel \u00f6vezett angyala beragyogja az \u00e9jszak\u00e1t \u00e9s \u00e1tadja a p\u00e1sztoroknak az \u00f6r\u00f6mh\u00edrt: \u201eNagy \u00f6r\u00f6met hirdetek nektek, melyben r\u00e9sze lesz az eg\u00e9sz n\u00e9pnek. Ma sz\u00fcletett nektek az \u00dcdv\u00f6z\u00edt\u0151, az \u00dar Krisztus, D\u00e1vid v\u00e1ros\u00e1ban\u201c (Lk 2,10\u201311). A szeg\u00e9nyek d\u00f6bbenete \u00e9s az angyalok \u00e9neke k\u00f6zepette megny\u00edlik a f\u00f6ld\u00f6n az \u00e9g: Isten eggy\u00e9 lett k\u00f6z\u00fcl\u00fcnk, hogy olyann\u00e1 tegyen minket, mint \u0150. Al\u00e1sz\u00e1llt k\u00f6z\u00e9nk, hogy felemeljen \u00e9s az Atya \u00f6lel\u00e9s\u00e9be helyezzen minket.<\/p>\n\n\n\n<p>Testv\u00e9reim, ez a mi rem\u00e9nys\u00e9g\u00fcnk. Isten Emm\u00e1nuel, vel\u00fcnk-az-Isten. A v\u00e9gtelen\u00fcl nagy kicsiv\u00e9 lett; az isteni f\u00e9ny felragyogott a vil\u00e1g s\u00f6t\u00e9ts\u00e9g\u00e9ben; az \u00e9g dics\u0151s\u00e9ge megjelent a f\u00f6ld\u00f6n, egy Gyermek kicsinys\u00e9g\u00e9ben.<\/p>\n\n\n\n<blockquote class=\"wp-block-quote is-layout-flow wp-block-quote-is-layout-flow\">\n<p>\u00c9s ha Isten elj\u00f6n, m\u00e9g akkor is, hogyha a sz\u00edv\u00fcnk egy szeg\u00e9nyes j\u00e1szolhoz hasonl\u00edt, akkor kimondhatjuk: nem halt meg a rem\u00e9ny, a rem\u00e9ny \u00e9l, \u00e9s mind\u00f6r\u00f6kre k\u00f6r\u00fcl\u00f6leli az \u00e9let\u00fcnket! A rem\u00e9ny sosem nem csal meg.<\/p>\n<\/blockquote>\n\n\n\n<p>Testv\u00e9reim, a szent kapu megnyit\u00e1s\u00e1val megkezdt\u00fck a nagy jubileumot: mindannyian bel\u00e9phet\u00fcnk ennek a kegyelmi \u00fczenetnek a miszt\u00e9rium\u00e1ba. Ez az az \u00e9jszaka, amikor a rem\u00e9ny kapuja felt\u00e1rult a vil\u00e1gon; ez az az \u00e9jszaka, amikor Isten ezt mondja mindannyiunknak: van rem\u00e9ny a te sz\u00e1modra is! Van rem\u00e9ny mindannyiunknak.&nbsp;<\/p>\n\n\n\n<blockquote class=\"wp-block-quote is-layout-flow wp-block-quote-is-layout-flow\">\n<p>\u00c9s ne felejts\u00e9tek el, testv\u00e9reim, hogy Isten mindent megbocs\u00e1t, Isten mindig megbocs\u00e1t. Ne felejts\u00e9tek el ezt, ami az \u00darban val\u00f3 rem\u00e9nys\u00e9g meg\u00e9rt\u00e9s\u00e9nek egyik m\u00f3dja.<\/p>\n<\/blockquote>\n\n\n\n<p>Ahhoz, hogy befogadjuk ezt az aj\u00e1nd\u00e9kot, \u00fatra kell keln\u00fcnk, m\u00e9gpedig a betlehemi p\u00e1sztorok csod\u00e1lkoz\u00e1s\u00e1val. Az evang\u00e9lium azt mondja, hogy az angyali \u00fczenet v\u00e9tele ut\u00e1n \u201ek\u00e9sedelem n\u00e9lk\u00fcl \u00fatra keltek\u201c (Lk 2,16). Ez az elveszett rem\u00e9ny \u00fajra megtal\u00e1l\u00e1s\u00e1nak, sz\u00edv\u00fcnkben val\u00f3 meg\u00faj\u00edt\u00e1s\u00e1nak, id\u0151nk \u00e9s korunk rem\u00e9nytelens\u00e9gei k\u00f6zepette megval\u00f3sul\u00f3 elhint\u00e9s\u00e9nek jelz\u00e9se: <em>k\u00e9sedelem n\u00e9lk\u00fcl<\/em>.&nbsp;H\u00e1bor\u00fakra gondolunk, gyerekekre, akikre l\u0151nek, iskol\u00e1kra \u00e9s k\u00f3rh\u00e1zakra, amelyekre bomb\u00e1kat dobnak.&nbsp;<\/p>\n\n\n\n<p>Ne k\u00e9slekedj\u00fcnk, ne lass\u00edtsuk meg l\u00e9pteinket, engedj\u00fck, hogy mag\u00e1hoz vonzzon minket a sz\u00e9ps\u00e9ges h\u00edrad\u00e1s!<\/p>\n\n\n\n<blockquote class=\"wp-block-quote is-layout-flow wp-block-quote-is-layout-flow\">\n<p>K\u00e9sedelem n\u00e9lk\u00fcl induljunk, hogy l\u00e1ssuk az \u00e9rt\u00fcnk megsz\u00fcletett Urat, k\u00f6nnyed \u00e9s \u00e9ber sz\u00edvvel, tal\u00e1lkoz\u00e1sra k\u00e9szen, hogy k\u00e9pesek legy\u00fcnk leford\u00edtani a rem\u00e9nyt \u00e9let\u00fcnk helyzeteire.<\/p>\n<\/blockquote>\n\n\n\n<p>A kereszt\u00e9ny rem\u00e9ny ugyanis nem egy boldog v\u00e9g, amelyet passz\u00edvan v\u00e1rhatunk: ez a rem\u00e9ny az \u00dar \u00edg\u00e9rete, amelyet itt \u00e9s most kell befogadnunk, ezen a szenved\u0151 \u00e9s vaj\u00fad\u00f3 f\u00f6ld\u00f6n. Azt k\u00e9ri t\u0151l\u00fcnk, hogy ne k\u00e9slekedj\u00fcnk, ne s\u00fcppedj\u00fcnk bele a megszok\u00e1sainkba, ne ragadjunk bele a k\u00f6z\u00e9pszer\u0171s\u00e9gbe \u00e9s a lustas\u00e1gba; Szent \u00c1goston \u00edgy mondan\u00e1: azt k\u00e9ri t\u0151l\u00fcnk ez a rem\u00e9ny, hogy vess\u00fck meg a dolgokat, amelyek helytelenek, s legyen b\u00e1tors\u00e1gunk ezek megv\u00e1ltoztat\u00e1s\u00e1hoz; az k\u00e9ri t\u0151l\u00fcnk, hogy az igazs\u00e1got keres\u0151 zar\u00e1ndokokk\u00e1 legy\u00fcnk, soha nem f\u00e1rad\u00f3 \u00e1lmod\u00f3kk\u00e1, olyan emberekk\u00e9, akik engedik, hogy az Isten \u00e1lma nyugtalans\u00e1got keltsen benn\u00fcnk. Ez az \u00faj vil\u00e1g \u00e1lma, hol b\u00e9ke \u00e9s igazs\u00e1goss\u00e1g uralkodik.<\/p>\n\n\n\n<p>Tanuljunk a p\u00e1sztorok p\u00e9ld\u00e1j\u00e1b\u00f3l: a ma \u00e9jszaka sz\u00fclet\u0151 rem\u00e9ny nem t\u0171ri a letelepedettek lomhas\u00e1g\u00e1t \u00e9s a saj\u00e1t k\u00e9nyelm\u00fckbe berendezkedettek lustas\u00e1g\u00e1t; nem fogadja el azok hamis okoss\u00e1g\u00e1t, akik semmit sem tesznek, mivel f\u00e9lnek, hogy kompromitt\u00e1l\u00f3dnak, s azok sz\u00e1m\u00edtgat\u00e1sait, akik csak magukra gondolnak; \u00f6sszeegyeztethetetlen azok nyugalmas \u00e9let\u00e9vel, akik nem emelik fel hangjukat a legszeg\u00e9nyebbek k\u00e1r\u00e1ra elk\u00f6vetett rosszal \u00e9s igazs\u00e1gtalans\u00e1ggal szemben. \u00c9pp ellenkez\u0151leg,<\/p>\n\n\n\n<blockquote class=\"wp-block-quote is-layout-flow wp-block-quote-is-layout-flow\">\n<p>a kereszt\u00e9ny rem\u00e9ny a kics\u00edr\u00e1z\u00f3 \u00e9s n\u00f6veked\u0151 orsz\u00e1g t\u00fcrelmes v\u00e1r\u00e1s\u00e1ra h\u00edv, \u00e1m ek\u00f6zben megk\u00f6veteli t\u0151l\u00fcnk annak vakmer\u0151s\u00e9g\u00e9t, hogy m\u00e1r ma el\u0151v\u00e9telezz\u00fck ezt az \u00edg\u00e9retet, m\u00e9gpedig felel\u0151ss\u00e9gv\u00e1llal\u00e1sunk \u00e9s egy\u00fctt\u00e9rz\u00e9s\u00fcnk r\u00e9v\u00e9n.<\/p>\n<\/blockquote>\n\n\n\n<p>\u00c9s itt tal\u00e1n nem \u00e1rt, ha megk\u00e9rdezz\u00fck magunkt\u00f3l hogy \u00e1llok az egy\u00fctt\u00e9rz\u00e9ssel, van-e bennem egy\u00fctt\u00e9rz\u00e9s? K\u00e9pes vagyok-e egy\u00fctt szenvedni? Gondolkodjunk el ezen.<\/p>\n\n\n\n<p>L\u00e1tva, mik\u00e9nt rendezked\u00fcnk be ebben a vil\u00e1gban, alkalmazkodva annak mentalit\u00e1s\u00e1hoz, egy b\u00e1tor pap \u00e9s \u00edr\u00f3 \u00edgy im\u00e1dkozott kar\u00e1csonykor: \u201eUram, valamif\u00e9le k\u00ednt k\u00e9rek T\u0151led, valamif\u00e9le nyugtalans\u00e1got, valamilyen megb\u00e1n\u00e1st. Kar\u00e1csonykor szeretn\u00e9k \u00fajra el\u00e9gedetlen lenni. Boldog, de el\u00e9gedetlen is. Boldog az\u00e9rt, amit te teszel, el\u00e9gedetlen a saj\u00e1t hi\u00e1nyz\u00f3 v\u00e1laszaim\u00e9rt. K\u00e9rlek, vedd el t\u0151l\u00fcnk hamis b\u00e9k\u00e9inket \u00e9s fektess a mi mindig is t\u00fals\u00e1gosan teli \u00bbj\u00e1szolunkba\u00ab egy t\u00f6viskoszor\u00fat! Add a sz\u00edv\u00fcnkbe valami m\u00e1snak a v\u00e1gy\u00e1s\u00e1t!\u201c (A. Pronzato, <em>La novena di Natale<\/em>).&nbsp;A v\u00e1gy valami nagyobbra. Ne \u00e1lljatok meg. Ne felejts\u00fck el, hogy az \u00e1llott v\u00edz az els\u0151, amelyik meg\u00e1ll.<\/p>\n\n\n\n<p>A kereszt\u00e9ny rem\u00e9ny \u00e9ppen ez a \u201evalami m\u00e1s\u201d, amely azt k\u00e9ri t\u0151l\u00fcnk, hogy \u201ek\u00e9sleked\u00e9s n\u00e9lk\u00fcl\u201c induljunk \u00fatnak. T\u0151l\u00fcnk, az \u00dar tan\u00edtv\u00e1nyait\u00f3l pontosan ezt k\u00e9ri: tal\u00e1ljuk meg \u0150benne a legnagyobb rem\u00e9nyt, hogy azt\u00e1n k\u00e9sleked\u00e9s n\u00e9lk\u00fcl hordozzuk azt \u00fagy, mint a f\u00e9ny zar\u00e1ndokai a vil\u00e1g s\u00f6t\u00e9ts\u00e9g\u00e9ben.<\/p>\n\n\n\n<p>Testv\u00e9reim, ez a jubileum, a rem\u00e9nys\u00e9g ideje! Arra h\u00edv minket, hogy fedezz\u00fck fel \u00fajra az \u00darral val\u00f3 tal\u00e1lkoz\u00e1s \u00f6r\u00f6m\u00e9t, arra h\u00edv, hogy \u00fajuljunk meg l\u00e9lekben, \u00e9s elk\u00f6telez, hogy alak\u00edtsuk \u00e1t a vil\u00e1got, hogy val\u00f3ban jubileumi legyen ez az id\u0151: legyen azz\u00e1 a haszon logik\u00e1ja \u00e1ltal elcs\u00faf\u00edtott anyaf\u00f6ld\u00fcnk sz\u00e1m\u00e1ra; az igazs\u00e1gtalan ad\u00f3ss\u00e1gok \u00e1ltal s\u00fajtott legszeg\u00e9nyebb orsz\u00e1gok sz\u00e1m\u00e1ra; mindazok sz\u00e1m\u00e1ra, akik a r\u00e9gi \u00e9s \u00fajfajta szolgas\u00e1gok rabjai!<\/p>\n\n\n\n<p>Mindannyiunk\u00e9 annak az aj\u00e1nd\u00e9ka \u00e9s k\u00f6telezetts\u00e9ge, hogy rem\u00e9nyt vigy\u00fcnk oda, ahol az m\u00e1r elveszett: oda, ahol megsebes\u00fclt az \u00e9let; az el\u00e1rult v\u00e1rakoz\u00e1sok, az \u00f6sszet\u00f6rt \u00e1lmok, a sz\u00edvet gy\u00f6tr\u0151 buk\u00e1sok k\u00f6r\u00e9be; annak f\u00e1radts\u00e1g\u00e1ba, aki m\u00e1r nem b\u00edrja tov\u00e1bb, annak keser\u0171 mag\u00e1ny\u00e1ba, aki legy\u0151z\u00f6ttnek \u00e9rzi mag\u00e1t, a lelket t\u00e9p\u0151 szenved\u00e9sbe; a beb\u00f6rt\u00f6nz\u00f6ttek hossz\u00fa \u00e9s \u00fcres napjaiba, a szeg\u00e9nyek sz\u0171k \u00e9s fagyos utc\u00e1ira, a h\u00e1bor\u00fa \u00e9s er\u0151szak \u00e1ltal megszents\u00e9gtelen\u00edtett helyekre.<\/p>\n\n\n\n<blockquote class=\"wp-block-quote is-layout-flow wp-block-quote-is-layout-flow\">\n<p>Az\u00e9rt kezd\u0151dik meg a jubileum, hogy mindenki megkapja az evang\u00e9lium rem\u00e9ny\u00e9t, a szeretet rem\u00e9ny\u00e9t, a megbocs\u00e1t\u00e1s rem\u00e9ny\u00e9t.<\/p>\n<\/blockquote>\n\n\n\n<p>N\u00e9zz\u00fcnk a j\u00e1szolra, menj\u00fcnk a j\u00e1szolhoz. A j\u00e1szolra, Istennek a Kisded J\u00e9zus arc\u00e1n megmutatkoz\u00f3 gy\u00f6ng\u00e9ds\u00e9g\u00e9re tekintve megk\u00e9rdezhetj\u00fck magunkt\u00f3l: \u201e\u00c9l-e a sz\u00edv\u00fcnkben ez a v\u00e1rakoz\u00e1s? Itt van-e a sz\u00edv\u00fcnkben ez a rem\u00e9ny? [\u2026] Istennek a bizalmatlans\u00e1gainkat \u00e9s f\u00e9lelmeinket legy\u0151z\u0151 kedvess\u00e9g\u00e9t szeml\u00e9lve szeml\u00e9lj\u00fck a r\u00e1nk v\u00e1r\u00f3 rem\u00e9ny nagys\u00e1g\u00e1t is! [\u2026] Ez a rem\u00e9ny-l\u00e1tom\u00e1s vil\u00e1gos\u00edtsa meg nap mint nap az utunkat!\u201c (C. M. Martini, <em>Omelia di Natale<\/em>, 1980).<\/p>\n\n\n\n<blockquote class=\"wp-block-quote is-layout-flow wp-block-quote-is-layout-flow\">\n<p>Testv\u00e9rem, ezen az \u00e9jjelen te vagy az, aki el\u0151tt megny\u00edlik Isten sz\u00edv\u00e9nek \u201eszent kapuja\u201c.<\/p>\n<\/blockquote>\n\n\n\n<p>J\u00e9zus, a <em>vel\u00fcnk-az-Isten<\/em>, \u00e9rted, \u00e9rt\u00fcnk, minden ember\u00e9rt sz\u00fcletik. S tudod, Vele egy\u00fctt kivir\u00e1gzik az \u00f6r\u00f6m, Vele egy\u00fctt megv\u00e1ltozik az \u00e9let, Vele egy\u00fctt a rem\u00e9ny nem csal meg.<\/p>\n\n\n\n<p>Az \u00fcnnepi kar\u00e1csony \u00e9jjeli szentmise z\u00e1r\u00f3ald\u00e1s\u00e1t k\u00f6vet\u0151en a Szentatya kerekessz\u00e9kben, \u00f6lbe v\u00e9ve a Kisj\u00e9zus szobr\u00e1t, a vil\u00e1g \u00f6t kontinens\u00e9t jelk\u00e9pez\u0151 gyermekek kis\u00e9ret\u00e9ben, a bazilika oldalhaj\u00f3j\u00e1ban tal\u00e1lhat\u00f3 betlehemhez vitte \u00e9s a diak\u00f3nus ott helyezte el a Kisdedet.<\/p>\n\n\n\n<p>A Szent P\u00e9ter t\u00e9rre id\u00e9n a betlehem az olaszorsz\u00e1gi Grad\u00f3b\u00f3l \u00e9rkezett. A kompoz\u00edci\u00f3 saj\u00e1tosan a lag\u00fan\u00e1k, a tenger vil\u00e1g\u00e1ba helyezi el a sz\u00fclet\u00e9s jelenet\u00e9t. Ennek magyar\u00e1zata, hogy a kis Velencek\u00e9nt is emlegetett v\u00e1ros egy szigeten helyezkedik el a Trieszti-\u00f6b\u00f6lben. A Szent Csal\u00e1d egy szigeten, egy hagyom\u00e1nyos grad\u00f3i n\u00e1dkunyh\u00f3ban kapott helyet; a betlehemet a tengerparti \u00e9let mindennapjait \u00e9l\u0151 szem\u00e9lyek jelk\u00e9pes \u00e1br\u00e1zol\u00e1sa is d\u00edsz\u00edt. A&nbsp;Szent P\u00e9ter t\u00e9ren elhelyezett 29 m\u00e9ter magas, impoz\u00e1ns lucfeny\u0151&nbsp;a Trento melletti Ledr\u00f3b\u00f3l \u00e9rkezett.<\/p>\n\n\n\n<p>Ferenc p\u00e1pa december 29-\u00e9n a Later\u00e1ni Keresztel\u0151 Szent J\u00e1nos-f\u0151sz\u00e9kesegyh\u00e1z; janu\u00e1r 1-j\u00e9n a Santa Maria Maggiore-bazilika, majd janu\u00e1r 5-\u00e9n a Falakon k\u00edv\u00fcli Szent P\u00e1l-bazilika szent kapuj\u00e1t nyitja meg. Ebbe a sorba illeszkedik m\u00e9g a r\u00f3mai Rebibbia n\u0151i b\u00f6rt\u00f6n, ahol december 26-\u00e1n a Szentatya ugyancsak szent kapu nyit meg.<\/p>\n\n\n\n<figure class=\"wp-block-image\"><a href=\"javascript:void(0);\"><img decoding=\"async\" src=\"https:\/\/www.magyarkurir.hu\/img1.php?id=144153&amp;v=&amp;p=1&amp;img=c_116.jpg\" alt=\"\"\/><\/a><\/figure>\n\n\n\n<p>forr\u00e1s: <a href=\"https:\/\/www.magyarkurir.hu\/hirek\/-van-remeny-mindannyiunknak-ferenc-papa-megnyitotta-szent-peter-bazilika-szent-kapujat\" target=\"_blank\" rel=\"noreferrer noopener\">Magyar Kur\u00edr<\/a><\/p>\n","protected":false},"excerpt":{"rendered":"<p>Ferenc p\u00e1pa szenteste megnyitotta a Szent P\u00e9ter-bazilika szent kapuj\u00e1t, mellyel kezdet\u00e9t vette a 2025-\u00f6s jubileumi \u00e9v, majd szentmis\u00e9t \u00fcnnepelt. A kar\u00e1csonyi szentmis\u00e9n a Szentatya eln\u00f6k\u00f6lt, a f\u0151celebr\u00e1ns Giovanni Battista Re, a b\u00edborosi koll\u00e9gium d\u00e9k\u00e1nja volt.<\/p>\n","protected":false},"author":1,"featured_media":0,"comment_status":"closed","ping_status":"open","sticky":false,"template":"","format":"standard","meta":{"footnotes":""},"categories":[1],"tags":[],"class_list":["post-1598","post","type-post","status-publish","format-standard","hentry","category-egyeb"],"_links":{"self":[{"href":"https:\/\/balatonkeresztur.plebania.hu\/index.php\/wp-json\/wp\/v2\/posts\/1598","targetHints":{"allow":["GET"]}}],"collection":[{"href":"https:\/\/balatonkeresztur.plebania.hu\/index.php\/wp-json\/wp\/v2\/posts"}],"about":[{"href":"https:\/\/balatonkeresztur.plebania.hu\/index.php\/wp-json\/wp\/v2\/types\/post"}],"author":[{"embeddable":true,"href":"https:\/\/balatonkeresztur.plebania.hu\/index.php\/wp-json\/wp\/v2\/users\/1"}],"replies":[{"embeddable":true,"href":"https:\/\/balatonkeresztur.plebania.hu\/index.php\/wp-json\/wp\/v2\/comments?post=1598"}],"version-history":[{"count":1,"href":"https:\/\/balatonkeresztur.plebania.hu\/index.php\/wp-json\/wp\/v2\/posts\/1598\/revisions"}],"predecessor-version":[{"id":1600,"href":"https:\/\/balatonkeresztur.plebania.hu\/index.php\/wp-json\/wp\/v2\/posts\/1598\/revisions\/1600"}],"wp:attachment":[{"href":"https:\/\/balatonkeresztur.plebania.hu\/index.php\/wp-json\/wp\/v2\/media?parent=1598"}],"wp:term":[{"taxonomy":"category","embeddable":true,"href":"https:\/\/balatonkeresztur.plebania.hu\/index.php\/wp-json\/wp\/v2\/categories?post=1598"},{"taxonomy":"post_tag","embeddable":true,"href":"https:\/\/balatonkeresztur.plebania.hu\/index.php\/wp-json\/wp\/v2\/tags?post=1598"}],"curies":[{"name":"wp","href":"https:\/\/api.w.org\/{rel}","templated":true}]}}