{"id":1591,"date":"2024-12-24T06:02:41","date_gmt":"2024-12-24T06:02:41","guid":{"rendered":"https:\/\/balatonkeresztur.plebania.hu\/?p=1591"},"modified":"2024-12-24T07:03:02","modified_gmt":"2024-12-24T07:03:02","slug":"karacsonyra-varva","status":"publish","type":"post","link":"https:\/\/balatonkeresztur.plebania.hu\/index.php\/2024\/12\/24\/karacsonyra-varva\/","title":{"rendered":"Kar\u00e1csonyra v\u00e1rva"},"content":{"rendered":"\n<p><em>&#8222;Nos h\u00e1t emberek, legyetek h\u00e1l\u00e1sak, Istennek,\u00a0ami\u00e9rt ily aj\u00e1nd\u00e9kot ad&#8221;<\/em><br>2024. december 23-\u00e1n a ministr\u00e1nsokkal egy tartalmas d\u00e9lut\u00e1nt t\u00f6lt\u00f6tt\u00fcnk el k\u00f6z\u00f6ss\u00e9gben.<\/p>\n\n\n\n<!--more-->\n\n\n\n<p>Kar\u00e1csonyi m\u0171sorral \u00f6rvendeztett\u00fck meg az Anna-Szeretetotthon sz\u00e9pkor\u00fa lak\u00f3it, illetve a Marcali k\u00f3rh\u00e1z \u00e1poltjait, versekkel \u00e9s git\u00e1ros \u00e9nekekkel k\u00e9sz\u00fclt\u00fcnk nekik, hogy a kar\u00e1csony \u00fcnnepe m\u00e9g \u00f6r\u00f6mtelibb\u00e9, meghittebb\u00e9 v\u00e1ljon sz\u00e1mukra. H\u00e1l\u00e1val eltelve fogadtuk, hogy a dalokat \u0151k is \u00e9nekelt\u00e9k vel\u00fcnk \u00e9s \u00f6r\u00f6mmel l\u00e1ttak vend\u00e9g\u00fcl minket!<\/p>\n\n\n\n<p>A ministr\u00e1nsokkal nemcsak az id\u0151seket \u00e9s \u00e1poltakat lept\u00fck meg, hanem mi is megaj\u00e1nd\u00e9koztuk egym\u00e1st. Majd a pl\u00e9b\u00e1nia aj\u00e1nd\u00e9k\u00e1t \u00e1tv\u00e9ve meggy\u00fajtottuk a k\u00f6z\u00f6s kar\u00e1csonyf\u00e1nkon a m\u00e9cseseket egyes\u00e9vel, ki-ki hozz\u00e1t\u00e9ve a maga l\u00e1ngj\u00e1t, \u00edgy n\u00f6velve a f\u00e9nyt az advent s\u00f6t\u00e9tj\u00e9ben, v\u00e1rva az igazi Vil\u00e1goss\u00e1g sz\u00fclet\u00e9s\u00e9t.&nbsp; H\u00e1l\u00e1t adtunk az elm\u00falt egy \u00e9v t\u00f6rt\u00e9n\u00e9sei\u00e9rt, k\u00f6z\u00f6ss\u00e9g\u00fcnk gyarapod\u00e1s\u00e1\u00e9rt, egym\u00e1s\u00e9rt.<\/p>\n\n\n\n<p>Megind\u00edt\u00f3, meghitt, sz\u00e9p pillanatokkal, vid\u00e1ms\u00e1ggal \u00e9s v\u00e1rakoz\u00e1ssal teli k\u00f6z\u00f6s d\u00e9lut\u00e1nt t\u00f6lthett\u00fcnk el a ministr\u00e1ns k\u00f6z\u00f6ss\u00e9ggel, az id\u0151sekkel.<\/p>\n\n\n\n<figure class=\"wp-block-image size-full is-resized\"><a href=\"https:\/\/photos.app.goo.gl\/TasLFZNERuL6cUJ87\" target=\"_blank\" rel=\" noreferrer noopener\"><img loading=\"lazy\" decoding=\"async\" width=\"2560\" height=\"1920\" src=\"https:\/\/balatonkeresztur.plebania.hu\/wp-content\/uploads\/2024\/12\/20-scaled.jpg\" alt=\"\" class=\"wp-image-1592\" style=\"width:589px;height:auto\" srcset=\"https:\/\/balatonkeresztur.plebania.hu\/wp-content\/uploads\/2024\/12\/20-scaled.jpg 2560w, https:\/\/balatonkeresztur.plebania.hu\/wp-content\/uploads\/2024\/12\/20-768x576.jpg 768w, https:\/\/balatonkeresztur.plebania.hu\/wp-content\/uploads\/2024\/12\/20-1536x1152.jpg 1536w, https:\/\/balatonkeresztur.plebania.hu\/wp-content\/uploads\/2024\/12\/20-2048x1536.jpg 2048w, https:\/\/balatonkeresztur.plebania.hu\/wp-content\/uploads\/2024\/12\/20-400x300.jpg 400w\" sizes=\"auto, (max-width: 2560px) 100vw, 2560px\" \/><\/a><\/figure>\n","protected":false},"excerpt":{"rendered":"<p>&#8222;Nos h\u00e1t emberek, legyetek h\u00e1l\u00e1sak, Istennek,\u00a0ami\u00e9rt ily aj\u00e1nd\u00e9kot ad&#8221;2024. december 23-\u00e1n a ministr\u00e1nsokkal egy tartalmas d\u00e9lut\u00e1nt t\u00f6lt\u00f6tt\u00fcnk el k\u00f6z\u00f6ss\u00e9gben.<\/p>\n","protected":false},"author":1,"featured_media":0,"comment_status":"closed","ping_status":"open","sticky":false,"template":"","format":"standard","meta":{"footnotes":""},"categories":[1],"tags":[],"class_list":["post-1591","post","type-post","status-publish","format-standard","hentry","category-egyeb"],"_links":{"self":[{"href":"https:\/\/balatonkeresztur.plebania.hu\/index.php\/wp-json\/wp\/v2\/posts\/1591","targetHints":{"allow":["GET"]}}],"collection":[{"href":"https:\/\/balatonkeresztur.plebania.hu\/index.php\/wp-json\/wp\/v2\/posts"}],"about":[{"href":"https:\/\/balatonkeresztur.plebania.hu\/index.php\/wp-json\/wp\/v2\/types\/post"}],"author":[{"embeddable":true,"href":"https:\/\/balatonkeresztur.plebania.hu\/index.php\/wp-json\/wp\/v2\/users\/1"}],"replies":[{"embeddable":true,"href":"https:\/\/balatonkeresztur.plebania.hu\/index.php\/wp-json\/wp\/v2\/comments?post=1591"}],"version-history":[{"count":1,"href":"https:\/\/balatonkeresztur.plebania.hu\/index.php\/wp-json\/wp\/v2\/posts\/1591\/revisions"}],"predecessor-version":[{"id":1593,"href":"https:\/\/balatonkeresztur.plebania.hu\/index.php\/wp-json\/wp\/v2\/posts\/1591\/revisions\/1593"}],"wp:attachment":[{"href":"https:\/\/balatonkeresztur.plebania.hu\/index.php\/wp-json\/wp\/v2\/media?parent=1591"}],"wp:term":[{"taxonomy":"category","embeddable":true,"href":"https:\/\/balatonkeresztur.plebania.hu\/index.php\/wp-json\/wp\/v2\/categories?post=1591"},{"taxonomy":"post_tag","embeddable":true,"href":"https:\/\/balatonkeresztur.plebania.hu\/index.php\/wp-json\/wp\/v2\/tags?post=1591"}],"curies":[{"name":"wp","href":"https:\/\/api.w.org\/{rel}","templated":true}]}}