{"id":1576,"date":"2024-12-15T19:49:34","date_gmt":"2024-12-15T19:49:34","guid":{"rendered":"https:\/\/balatonkeresztur.plebania.hu\/?p=1576"},"modified":"2024-12-15T19:49:34","modified_gmt":"2024-12-15T19:49:34","slug":"felhivas-a-jubileumi-szentevre-2024-12-24-2026-01-06","status":"publish","type":"post","link":"https:\/\/balatonkeresztur.plebania.hu\/index.php\/2024\/12\/15\/felhivas-a-jubileumi-szentevre-2024-12-24-2026-01-06\/","title":{"rendered":"Felh\u00edv\u00e1s a Jubileumi Szent\u00e9vre (2024. 12. 24. \u2013 2026. 01. 06.)"},"content":{"rendered":"\n<p>A Ferenc p\u00e1pa \u00e1ltal meghirdetett Szent\u00e9vhez kapcsol\u00f3dva, egyh\u00e1zunk ir\u00e1nti szeretett\u0151l vezetve \u00e9s a meg\u00fajul\u00e1s\u00e1ban b\u00edzva, im\u00e1ds\u00e1gra \u00e9s b\u00f6jtre h\u00edvom testv\u00e9reimet a szexu\u00e1lis vagy b\u00e1rmilyen vissza\u00e9l\u00e9sek \u00e1ldozatai\u00e9rt, \u00e9s egyben egy\u00fctt\u00e9rz\u0151 sz\u00edvvel k\u00e9rek bocs\u00e1natot Istent\u0151l, a gyermekekt\u0151l \u00e9s a fiatalokt\u00f3l, akiket b\u00e1ntalmaz\u00e1s \u00e9rt egyh\u00e1zi szem\u00e9lyek r\u00e9sz\u00e9r\u0151l.<\/p>\n\n\n\n<!--more-->\n\n\n\n<p>B\u00e1rki szabadon csatlakozhat a kezdem\u00e9nyez\u00e9shez, hogy havonta egy teljes napot \u2013 a h\u00f3nap b\u00e1rmely napj\u00e1t \u2013 szigor\u00fa b\u00f6jttel, vagyis keny\u00e9ren \u00e9s v\u00edzen, valamint egy\u00f3r\u00e1s szents\u00e9gim\u00e1d\u00e1ssal, vagy szeml\u00e9l\u0151d\u0151 im\u00e1ds\u00e1ggal, vagy szent\u00edr\u00e1solvas\u00e1ssal t\u00f6lts\u00f6n az egyh\u00e1z megtisztul\u00e1s\u00e1\u00e9rt, a k\u00f6lcs\u00f6n\u00f6s figyelem, a tisztelet \u00e9s a szolidarit\u00e1s kult\u00far\u00e1j\u00e1nak n\u00f6veked\u00e9s\u00e9\u00e9rt az egyh\u00e1zban \u00e9s a vil\u00e1gban.<\/p>\n\n\n\n<p>Im\u00e1dkozzunk mindazok\u00e9rt, akik egyh\u00e1zi szem\u00e9lyekt\u0151l vagy saj\u00e1t csal\u00e1dtagjaikt\u00f3l, a munkahelyeken vagy m\u00e1s int\u00e9zm\u00e9nyekben verb\u00e1lis vagy fizikai m\u00f3don vissza\u00e9l\u00e9seket szenvedtek el!<\/p>\n\n\n\n<p>Im\u00e1dkozzunk a gy\u00f3gyul\u00e1suk\u00e9rt \u00e9s az\u00e9rt, hogy k\u00e9pesek legyenek kiengesztel\u0151dni Istennel \u00e9s b\u00e1ntalmaz\u00f3ikkal, \u00e9s megtal\u00e1lj\u00e1k hely\u00fcket az egyh\u00e1z szeretetk\u00f6z\u00f6ss\u00e9g\u00e9ben!<\/p>\n\n\n\n<p>Im\u00e1dkozzunk azok\u00e9rt is, akik ezeket a b\u0171n\u00f6ket elk\u00f6vett\u00e9k, hogy b\u0171nb\u00e1natot tartva, megt\u00e9rve megtapasztalhass\u00e1k Isten irgalmas szeretet\u00e9t!<\/p>\n\n\n\n<p>A felh\u00edv\u00e1shoz n\u00e9vvel \u00e9s el\u00e9rhet\u0151s\u00e9ggel is csatlakozni lehet, egy\u00e9nileg \u00e9s k\u00f6z\u00f6ss\u00e9gileg is az al\u00e1bbi honlapon, ami lehet\u0151s\u00e9get ad arra, hogy osztozhassunk a tapasztalatainkban: <br><a href=\"https:\/\/imaesbojt.hu\" target=\"_blank\" rel=\"noreferrer noopener\">https:\/\/imaesbojt.hu<\/a><\/p>\n\n\n\n<p class=\"has-text-align-right\">Varga L\u00e1szl\u00f3<br>kaposv\u00e1ri megy\u00e9sp\u00fcsp\u00f6k<\/p>\n\n\n\n<p>A szigor\u00fa b\u00f6jt \u00e9s a szents\u00e9gim\u00e1d\u00e1s erej\u00e9nek megtapasztal\u00e1s\u00e1r\u00f3l itt lehet hallani:<\/p>\n\n\n\n<figure class=\"wp-block-embed is-type-video is-provider-youtube wp-block-embed-youtube wp-embed-aspect-16-9 wp-has-aspect-ratio\"><div class=\"wp-block-embed__wrapper\">\n<iframe loading=\"lazy\" title=\"A szigor\u00fa b\u00f6jt \u00e9s a szents\u00e9gim\u00e1d\u00e1s ereje \u2013 Varga L\u00e1szl\u00f3 megy\u00e9sp\u00fcsp\u00f6k\" width=\"584\" height=\"329\" src=\"https:\/\/www.youtube.com\/embed\/bwk4tj8EFHg?feature=oembed\" frameborder=\"0\" allow=\"accelerometer; autoplay; clipboard-write; encrypted-media; gyroscope; picture-in-picture; web-share\" referrerpolicy=\"strict-origin-when-cross-origin\" allowfullscreen><\/iframe>\n<\/div><\/figure>\n","protected":false},"excerpt":{"rendered":"<p>A Ferenc p\u00e1pa \u00e1ltal meghirdetett Szent\u00e9vhez kapcsol\u00f3dva, egyh\u00e1zunk ir\u00e1nti szeretett\u0151l vezetve \u00e9s a meg\u00fajul\u00e1s\u00e1ban b\u00edzva, im\u00e1ds\u00e1gra \u00e9s b\u00f6jtre h\u00edvom testv\u00e9reimet a szexu\u00e1lis vagy b\u00e1rmilyen vissza\u00e9l\u00e9sek \u00e1ldozatai\u00e9rt, \u00e9s egyben egy\u00fctt\u00e9rz\u0151 sz\u00edvvel k\u00e9rek bocs\u00e1natot Istent\u0151l, a gyermekekt\u0151l \u00e9s a fiatalokt\u00f3l, akiket b\u00e1ntalmaz\u00e1s &hellip; <a href=\"https:\/\/balatonkeresztur.plebania.hu\/index.php\/2024\/12\/15\/felhivas-a-jubileumi-szentevre-2024-12-24-2026-01-06\/\">Egy kattint\u00e1s ide a folytat\u00e1shoz&#8230;. <span class=\"meta-nav\">&rarr;<\/span><\/a><\/p>\n","protected":false},"author":1,"featured_media":0,"comment_status":"closed","ping_status":"open","sticky":false,"template":"","format":"standard","meta":{"footnotes":""},"categories":[1],"tags":[],"class_list":["post-1576","post","type-post","status-publish","format-standard","hentry","category-egyeb"],"_links":{"self":[{"href":"https:\/\/balatonkeresztur.plebania.hu\/index.php\/wp-json\/wp\/v2\/posts\/1576","targetHints":{"allow":["GET"]}}],"collection":[{"href":"https:\/\/balatonkeresztur.plebania.hu\/index.php\/wp-json\/wp\/v2\/posts"}],"about":[{"href":"https:\/\/balatonkeresztur.plebania.hu\/index.php\/wp-json\/wp\/v2\/types\/post"}],"author":[{"embeddable":true,"href":"https:\/\/balatonkeresztur.plebania.hu\/index.php\/wp-json\/wp\/v2\/users\/1"}],"replies":[{"embeddable":true,"href":"https:\/\/balatonkeresztur.plebania.hu\/index.php\/wp-json\/wp\/v2\/comments?post=1576"}],"version-history":[{"count":1,"href":"https:\/\/balatonkeresztur.plebania.hu\/index.php\/wp-json\/wp\/v2\/posts\/1576\/revisions"}],"predecessor-version":[{"id":1577,"href":"https:\/\/balatonkeresztur.plebania.hu\/index.php\/wp-json\/wp\/v2\/posts\/1576\/revisions\/1577"}],"wp:attachment":[{"href":"https:\/\/balatonkeresztur.plebania.hu\/index.php\/wp-json\/wp\/v2\/media?parent=1576"}],"wp:term":[{"taxonomy":"category","embeddable":true,"href":"https:\/\/balatonkeresztur.plebania.hu\/index.php\/wp-json\/wp\/v2\/categories?post=1576"},{"taxonomy":"post_tag","embeddable":true,"href":"https:\/\/balatonkeresztur.plebania.hu\/index.php\/wp-json\/wp\/v2\/tags?post=1576"}],"curies":[{"name":"wp","href":"https:\/\/api.w.org\/{rel}","templated":true}]}}