{"id":1556,"date":"2024-11-30T07:47:37","date_gmt":"2024-11-30T07:47:37","guid":{"rendered":"https:\/\/balatonkeresztur.plebania.hu\/?p=1556"},"modified":"2024-12-24T07:52:34","modified_gmt":"2024-12-24T07:52:34","slug":"adventi-gondolatok-6","status":"publish","type":"post","link":"https:\/\/balatonkeresztur.plebania.hu\/index.php\/2024\/11\/30\/adventi-gondolatok-6\/","title":{"rendered":"Adventi gondolatok"},"content":{"rendered":"\n<p>Advent minden napj\u00e1ra egy-egy gondolat:<\/p>\n\n\n\n<p>let\u00f6lthet\u0151 gondolatok <a href=\"http:\/\/balatonkeresztur.plebania.hu\/wp-content\/uploads\/2024\/11\/ADVENTI_NAPTAR_2024.pdf\" target=\"_blank\" rel=\"noreferrer noopener\">itt<\/a><\/p>\n\n\n\n<p>naponta k\u00f6vethet\u0151 gondolatok <a href=\"http:\/\/www.fogadalmitemplom.hu\/advent.html\" target=\"_blank\" rel=\"noreferrer noopener\">itt<\/a><\/p>\n\n\n\n<p><a href=\"https:\/\/app.myadvent.net\/calendar?id=pw1vlucw88oqdg6nsbuvcgw03iew2u26\" target=\"_blank\" rel=\"noreferrer noopener\">Adventi kalend\u00e1rium \u00e9desap\u00e1knak<\/a><\/p>\n\n\n\n<p><a href=\"http:\/\/balatonkeresztur.plebania.hu\/wp-content\/uploads\/2024\/11\/advent2024.pdf\" target=\"_blank\" rel=\"noreferrer noopener\">let\u00f6lthet\u0151 imaf\u00fczet adventi vas\u00e1rnapokra<\/a><\/p>\n\n\n\n<p><\/p>\n","protected":false},"excerpt":{"rendered":"<p>Advent minden napj\u00e1ra egy-egy gondolat: let\u00f6lthet\u0151 gondolatok itt naponta k\u00f6vethet\u0151 gondolatok itt Adventi kalend\u00e1rium \u00e9desap\u00e1knak let\u00f6lthet\u0151 imaf\u00fczet adventi vas\u00e1rnapokra<\/p>\n","protected":false},"author":1,"featured_media":0,"comment_status":"closed","ping_status":"closed","sticky":false,"template":"","format":"standard","meta":{"footnotes":""},"categories":[1],"tags":[],"class_list":["post-1556","post","type-post","status-publish","format-standard","hentry","category-egyeb"],"_links":{"self":[{"href":"https:\/\/balatonkeresztur.plebania.hu\/index.php\/wp-json\/wp\/v2\/posts\/1556","targetHints":{"allow":["GET"]}}],"collection":[{"href":"https:\/\/balatonkeresztur.plebania.hu\/index.php\/wp-json\/wp\/v2\/posts"}],"about":[{"href":"https:\/\/balatonkeresztur.plebania.hu\/index.php\/wp-json\/wp\/v2\/types\/post"}],"author":[{"embeddable":true,"href":"https:\/\/balatonkeresztur.plebania.hu\/index.php\/wp-json\/wp\/v2\/users\/1"}],"replies":[{"embeddable":true,"href":"https:\/\/balatonkeresztur.plebania.hu\/index.php\/wp-json\/wp\/v2\/comments?post=1556"}],"version-history":[{"count":4,"href":"https:\/\/balatonkeresztur.plebania.hu\/index.php\/wp-json\/wp\/v2\/posts\/1556\/revisions"}],"predecessor-version":[{"id":1566,"href":"https:\/\/balatonkeresztur.plebania.hu\/index.php\/wp-json\/wp\/v2\/posts\/1556\/revisions\/1566"}],"wp:attachment":[{"href":"https:\/\/balatonkeresztur.plebania.hu\/index.php\/wp-json\/wp\/v2\/media?parent=1556"}],"wp:term":[{"taxonomy":"category","embeddable":true,"href":"https:\/\/balatonkeresztur.plebania.hu\/index.php\/wp-json\/wp\/v2\/categories?post=1556"},{"taxonomy":"post_tag","embeddable":true,"href":"https:\/\/balatonkeresztur.plebania.hu\/index.php\/wp-json\/wp\/v2\/tags?post=1556"}],"curies":[{"name":"wp","href":"https:\/\/api.w.org\/{rel}","templated":true}]}}