{"id":1548,"date":"2024-11-21T18:35:25","date_gmt":"2024-11-21T18:35:25","guid":{"rendered":"https:\/\/balatonkeresztur.plebania.hu\/?p=1548"},"modified":"2024-11-21T19:10:45","modified_gmt":"2024-11-21T19:10:45","slug":"karacsonyi-gyujtes-2","status":"publish","type":"post","link":"https:\/\/balatonkeresztur.plebania.hu\/index.php\/2024\/11\/21\/karacsonyi-gyujtes-2\/","title":{"rendered":"Kar\u00e1csonyi gy\u0171jt\u00e9s"},"content":{"rendered":"\n<p>Kedves adom\u00e1nyozni sz\u00e1nd\u00e9koz\u00f3k!<\/p>\n\n\n\n<p class=\"has-text-align-center\">A Balatonkereszt\u00fari Karit\u00e1sz csoport a 2024-es esztend\u0151ben ism\u00e9t szeretn\u00e9 k\u00f6nnyebb\u00e9 tenni a neh\u00e9z helyzetben \u00e9l\u0151k kar\u00e1csonyi \u00fcnnepnapjait, ez\u00e9rt<br><strong>2024. december 1-\u00e9n \u00e9s 8-\u00e1n<\/strong> (vas\u00e1rnapokon) a szentmise el\u0151tt <strong>9.00-9.20 \u00f3r\u00e1<\/strong>ig Balatonkereszt\u00faron a <strong>Szent Istv\u00e1n H\u00e1zban<\/strong> (Balatonkereszt\u00far, Kossuth L. u. 2.sz.)<br><strong>tart\u00f3s \u00e9lelmiszer \u2013 \u00e9s h\u00e1ztart\u00e1si cikk adom\u00e1ny<\/strong>gy\u0171jt\u00e9st tart.<\/p>\n\n\n\n<!--more-->\n\n\n\n<p class=\"has-text-align-center\"><strong><em>2024. december 1-\u00e9n a szentmise ut\u00e1n<\/em><\/strong><strong> <em>v\u00e1rjuk vissza az adom\u00e1nyoz\u00f3kat<\/em><\/strong> s\u00fcti, k\u00e1v\u00e9, tea, vagy forr\u00f3 csoki elfogyaszt\u00e1sa mellett <strong><em>egy k\u00f6tetlen besz\u00e9lget\u00e9sre a Szent Istv\u00e1n H\u00e1zba.<\/em><\/strong><\/p>\n\n\n\n<p>Seg\u00edts\u00e9g\u00fcket el\u0151re is k\u00f6sz\u00f6nj\u00fck!<\/p>\n\n\n\n<p>&nbsp;&nbsp;&nbsp;&nbsp;&nbsp;&nbsp;&nbsp;&nbsp;&nbsp;&nbsp;&nbsp;&nbsp;&nbsp;&nbsp;&nbsp;&nbsp;&nbsp;&nbsp;&nbsp;&nbsp;&nbsp;&nbsp;&nbsp;&nbsp;&nbsp;&nbsp;&nbsp;&nbsp;&nbsp;&nbsp;&nbsp;&nbsp;&nbsp;&nbsp;&nbsp;&nbsp;&nbsp;&nbsp;&nbsp;&nbsp;&nbsp;&nbsp;&nbsp;&nbsp;&nbsp;&nbsp;&nbsp;&nbsp;&nbsp;&nbsp;&nbsp;&nbsp;&nbsp;&nbsp;&nbsp;&nbsp;&nbsp;&nbsp;&nbsp;&nbsp;&nbsp;&nbsp;&nbsp;&nbsp;&nbsp;&nbsp;&nbsp;&nbsp;&nbsp;&nbsp;&nbsp;&nbsp;&nbsp;&nbsp;&nbsp; Karit\u00e1sz csoport<\/p>\n","protected":false},"excerpt":{"rendered":"<p>Kedves adom\u00e1nyozni sz\u00e1nd\u00e9koz\u00f3k! A Balatonkereszt\u00fari Karit\u00e1sz csoport a 2024-es esztend\u0151ben ism\u00e9t szeretn\u00e9 k\u00f6nnyebb\u00e9 tenni a neh\u00e9z helyzetben \u00e9l\u0151k kar\u00e1csonyi \u00fcnnepnapjait, ez\u00e9rt2024. december 1-\u00e9n \u00e9s 8-\u00e1n (vas\u00e1rnapokon) a szentmise el\u0151tt 9.00-9.20 \u00f3r\u00e1ig Balatonkereszt\u00faron a Szent Istv\u00e1n H\u00e1zban (Balatonkereszt\u00far, Kossuth L. u. &hellip; <a href=\"https:\/\/balatonkeresztur.plebania.hu\/index.php\/2024\/11\/21\/karacsonyi-gyujtes-2\/\">Egy kattint\u00e1s ide a folytat\u00e1shoz&#8230;. <span class=\"meta-nav\">&rarr;<\/span><\/a><\/p>\n","protected":false},"author":1,"featured_media":0,"comment_status":"closed","ping_status":"open","sticky":false,"template":"","format":"standard","meta":{"footnotes":""},"categories":[1],"tags":[],"class_list":["post-1548","post","type-post","status-publish","format-standard","hentry","category-egyeb"],"_links":{"self":[{"href":"https:\/\/balatonkeresztur.plebania.hu\/index.php\/wp-json\/wp\/v2\/posts\/1548","targetHints":{"allow":["GET"]}}],"collection":[{"href":"https:\/\/balatonkeresztur.plebania.hu\/index.php\/wp-json\/wp\/v2\/posts"}],"about":[{"href":"https:\/\/balatonkeresztur.plebania.hu\/index.php\/wp-json\/wp\/v2\/types\/post"}],"author":[{"embeddable":true,"href":"https:\/\/balatonkeresztur.plebania.hu\/index.php\/wp-json\/wp\/v2\/users\/1"}],"replies":[{"embeddable":true,"href":"https:\/\/balatonkeresztur.plebania.hu\/index.php\/wp-json\/wp\/v2\/comments?post=1548"}],"version-history":[{"count":4,"href":"https:\/\/balatonkeresztur.plebania.hu\/index.php\/wp-json\/wp\/v2\/posts\/1548\/revisions"}],"predecessor-version":[{"id":1552,"href":"https:\/\/balatonkeresztur.plebania.hu\/index.php\/wp-json\/wp\/v2\/posts\/1548\/revisions\/1552"}],"wp:attachment":[{"href":"https:\/\/balatonkeresztur.plebania.hu\/index.php\/wp-json\/wp\/v2\/media?parent=1548"}],"wp:term":[{"taxonomy":"category","embeddable":true,"href":"https:\/\/balatonkeresztur.plebania.hu\/index.php\/wp-json\/wp\/v2\/categories?post=1548"},{"taxonomy":"post_tag","embeddable":true,"href":"https:\/\/balatonkeresztur.plebania.hu\/index.php\/wp-json\/wp\/v2\/tags?post=1548"}],"curies":[{"name":"wp","href":"https:\/\/api.w.org\/{rel}","templated":true}]}}