{"id":1544,"date":"2024-11-13T06:32:59","date_gmt":"2024-11-13T06:32:59","guid":{"rendered":"https:\/\/balatonkeresztur.plebania.hu\/?p=1544"},"modified":"2024-11-13T06:32:59","modified_gmt":"2024-11-13T06:32:59","slug":"a-magyar-nyelv-napja","status":"publish","type":"post","link":"https:\/\/balatonkeresztur.plebania.hu\/index.php\/2024\/11\/13\/a-magyar-nyelv-napja\/","title":{"rendered":"A magyar nyelv napja"},"content":{"rendered":"\n<figure class=\"wp-block-image size-full is-resized\"><img loading=\"lazy\" decoding=\"async\" width=\"497\" height=\"326\" src=\"https:\/\/balatonkeresztur.plebania.hu\/wp-content\/uploads\/2024\/11\/kep.png\" alt=\"\" class=\"wp-image-1545\" style=\"width:594px;height:auto\" srcset=\"https:\/\/balatonkeresztur.plebania.hu\/wp-content\/uploads\/2024\/11\/kep.png 497w, https:\/\/balatonkeresztur.plebania.hu\/wp-content\/uploads\/2024\/11\/kep-457x300.png 457w\" sizes=\"auto, (max-width: 497px) 100vw, 497px\" \/><\/figure>\n\n\n\n<p>2011. szeptember 26-\u00e1n az Orsz\u00e1ggy\u0171l\u00e9s a magyar nyelv napj\u00e1v\u00e1 november 13-\u00e1t nyilv\u00e1n\u00edtotta,1844-ben ugyanis ezen a napon fogadt\u00e1k el a magyart \u00e1llamnyelvv\u00e9 tev\u0151,\u00a0<em>a magyar nyelv \u00e9s nemzetis\u00e9gr\u0151l sz\u00f3l\u00f3<\/em>\u00a01844. \u00e9vi II. t\u00f6rv\u00e9nyt.\u00a0E t\u00f6rv\u00e9ny t\u00f6bbek k\u00f6z\u00f6tt kimondta:\u00a0<em>\u201e1. \u00a7 Az orsz\u00e1ggy\u0171l\u00e9shez bocs\u00e1tand\u00f3 minden kegyelmes kir\u00e1lyi Leiratok, El\u0151ad\u00e1sok, V\u00e1laszok, \u00e9s Int\u00e9zv\u00e9nyek ezent\u00fal egyed\u00fcl magyar nyelven adassanak ki. 2. \u00a7 A t\u00f6rv\u00e9nycikkek valamint m\u00e1r a jelen orsz\u00e1ggy\u0171l\u00e9sen is egyed\u00fcl magyar nyelven alkottattak \u00e9s er\u0151s\u00edttettek meg: \u00fagy ezent\u00fal is mind alkottatni, mind kir\u00e1lyi kegyelmes j\u00f3v\u00e1hagy\u00e1ssal meger\u0151s\u00edttetni egyed\u00fcl magyar nyelven fognak.\u201d<\/em><\/p>\n\n\n\n<!--more-->\n\n\n\n<p class=\"has-text-align-center\"><strong>F\u00fcst Mil\u00e1n<\/strong><strong> : <\/strong><strong>A magyarokhoz<br><\/strong><br>Oh j\u00f3l vigy\u00e1zz, mert any\u00e1d nyelv\u00e9t b\u00edzt\u00e1k r\u00e1d a sz\u00e1zadok<br>S azt meg kell v\u00e9dened. Hallgass re\u00e1m. Egy l\u00e1thatatlan l\u00e1ngol\u00e1s<br>Teremt\u00e9 meg e nagy vil\u00e1got s benned az lobog. Mert n\u00e9ked is van l\u00e1ngod:<br>Szent e nyelv! S t\u00f6bb kincsed nincs neked! Oly csod\u00e1s nyelv a magyar.<br>R\u00e9v\u00fclet fog el, ha r\u00e1gondolok is.<br>Ne hagyd h\u00e1t, hogy elmer\u00fclj\u00f6n, visszas\u00fcllyedjen a k\u00f6dbe, melyb\u0151l sz\u00e1rmazott<br>E nemes-sz\u00e9p alakzat\u2026 Rossz id\u0151k futottak el feletted,<br>Megbontott a t\u00e9li gond \u00e9s roml\u00e1sodat hozta, megtapodtak,<br>Megbolygatt\u00e1k hitedet, az eszed megzavart\u00e1k, szavak \u00e1radat\u00e1val ellept\u00e9k,<br>\u00c1rad\u00e1s szenny\u00e9vel bor\u00edtott\u00e1k be kertjeid, vad v\u00edzi sz\u00f6rnyek ett\u00e9k vir\u00e1gaid , \u2014 majd a vad burj\u00e1nz\u00e1s<br>Mindent ellepett ut\u00e1na, \u2014 oly term\u00e9s volt ez a t\u00e9rs\u00e9geken emberek!<br>Hogy \u00fcsz\u00f6kk\u00e9 v\u00e1lt minden, aminek sud\u00e1rr\u00e1 kelle sz\u00f6knie\u2026<br><br>De l\u00e9gy t\u00fcrelmes, \u2014 sz\u00f3lok hozz\u00e1d, \u2014 vedd a Libanon<br>\u0150s c\u00e9drus\u00e1t,&nbsp;e h\u00e1romezer\u00e9ves sz\u0171zet, \u2014 r\u00e1 hivatkozom, mert onnan v\u00e1ndoroltam egykor erre.<br>Tekintsd \u0151t, \u2014 t\u00fcrelmes p\u00e1rt\u00e1j\u00e1val&nbsp;hajladoz a sz\u00e9lben, nem jajong,<br>De b\u00f6lcsen hallgat s v\u00e1r, am\u00edg a negyedik nagy \u00e9vezredben<br>Kibonthatja gy\u00fcm\u00f6lcs\u00e9t a nagyvil\u00e1g el\u00e9. S t\u00e1n ez a sorsod itt.<br>Ki f\u00e9nnyel s\u00f6t\u00e9ts\u00e9get oszlat, holtat ejt s \u00e9l\u0151t emel,<br>Bor\u00falatodra majdan r\u00e1tekint. Halld meg szavam!<br>\u00c9n pr\u00f3f\u00e9t\u00e1kt\u00f3l&nbsp;sz\u00e1rmazom.<\/p>\n\n\n\n<figure class=\"wp-block-embed is-type-video is-provider-youtube wp-block-embed-youtube wp-embed-aspect-4-3 wp-has-aspect-ratio\"><div class=\"wp-block-embed__wrapper\">\n<iframe loading=\"lazy\" title=\"\u00c9des, \u00c9kes Apanyelv\u00fcnk\" width=\"584\" height=\"438\" src=\"https:\/\/www.youtube.com\/embed\/oT4CKxZWpeg?feature=oembed\" frameborder=\"0\" allow=\"accelerometer; autoplay; clipboard-write; encrypted-media; gyroscope; picture-in-picture; web-share\" referrerpolicy=\"strict-origin-when-cross-origin\" allowfullscreen><\/iframe>\n<\/div><\/figure>\n","protected":false},"excerpt":{"rendered":"<p>2011. szeptember 26-\u00e1n az Orsz\u00e1ggy\u0171l\u00e9s a magyar nyelv napj\u00e1v\u00e1 november 13-\u00e1t nyilv\u00e1n\u00edtotta,1844-ben ugyanis ezen a napon fogadt\u00e1k el a magyart \u00e1llamnyelvv\u00e9 tev\u0151,\u00a0a magyar nyelv \u00e9s nemzetis\u00e9gr\u0151l sz\u00f3l\u00f3\u00a01844. \u00e9vi II. t\u00f6rv\u00e9nyt.\u00a0E t\u00f6rv\u00e9ny t\u00f6bbek k\u00f6z\u00f6tt kimondta:\u00a0\u201e1. \u00a7 Az orsz\u00e1ggy\u0171l\u00e9shez bocs\u00e1tand\u00f3 minden kegyelmes &hellip; <a href=\"https:\/\/balatonkeresztur.plebania.hu\/index.php\/2024\/11\/13\/a-magyar-nyelv-napja\/\">Egy kattint\u00e1s ide a folytat\u00e1shoz&#8230;. <span class=\"meta-nav\">&rarr;<\/span><\/a><\/p>\n","protected":false},"author":1,"featured_media":0,"comment_status":"closed","ping_status":"open","sticky":false,"template":"","format":"standard","meta":{"footnotes":""},"categories":[1],"tags":[],"class_list":["post-1544","post","type-post","status-publish","format-standard","hentry","category-egyeb"],"_links":{"self":[{"href":"https:\/\/balatonkeresztur.plebania.hu\/index.php\/wp-json\/wp\/v2\/posts\/1544","targetHints":{"allow":["GET"]}}],"collection":[{"href":"https:\/\/balatonkeresztur.plebania.hu\/index.php\/wp-json\/wp\/v2\/posts"}],"about":[{"href":"https:\/\/balatonkeresztur.plebania.hu\/index.php\/wp-json\/wp\/v2\/types\/post"}],"author":[{"embeddable":true,"href":"https:\/\/balatonkeresztur.plebania.hu\/index.php\/wp-json\/wp\/v2\/users\/1"}],"replies":[{"embeddable":true,"href":"https:\/\/balatonkeresztur.plebania.hu\/index.php\/wp-json\/wp\/v2\/comments?post=1544"}],"version-history":[{"count":1,"href":"https:\/\/balatonkeresztur.plebania.hu\/index.php\/wp-json\/wp\/v2\/posts\/1544\/revisions"}],"predecessor-version":[{"id":1546,"href":"https:\/\/balatonkeresztur.plebania.hu\/index.php\/wp-json\/wp\/v2\/posts\/1544\/revisions\/1546"}],"wp:attachment":[{"href":"https:\/\/balatonkeresztur.plebania.hu\/index.php\/wp-json\/wp\/v2\/media?parent=1544"}],"wp:term":[{"taxonomy":"category","embeddable":true,"href":"https:\/\/balatonkeresztur.plebania.hu\/index.php\/wp-json\/wp\/v2\/categories?post=1544"},{"taxonomy":"post_tag","embeddable":true,"href":"https:\/\/balatonkeresztur.plebania.hu\/index.php\/wp-json\/wp\/v2\/tags?post=1544"}],"curies":[{"name":"wp","href":"https:\/\/api.w.org\/{rel}","templated":true}]}}