{"id":154,"date":"2018-11-25T15:00:33","date_gmt":"2018-11-25T15:00:33","guid":{"rendered":"http:\/\/balatonkeresztur.plebania.hu\/?p=154"},"modified":"2018-11-26T15:37:15","modified_gmt":"2018-11-26T15:37:15","slug":"advent-1-vasarnapja-vocapella","status":"publish","type":"post","link":"https:\/\/balatonkeresztur.plebania.hu\/index.php\/2018\/11\/25\/advent-1-vasarnapja-vocapella\/","title":{"rendered":"Advent 1. vas\u00e1rnapja: Vocapella"},"content":{"rendered":"<p>Advent 1. vas\u00e1rnapj\u00e1n \u201cFelgy\u00falt a csillagf\u00e9ny\u201d c\u00edmmel h\u00edvja zen\u00e9s \u00e1h\u00edtatra a h\u00edveket a p\u00e9csi Vocapella. <!--more-->A k\u00f3rus az ismert kar\u00e1csonyi \u00e9nekek mellett a XX. sz\u00e1zadi \u00e9s kort\u00e1rs k\u00f3rus muzsika gy\u00f6ngyszemeit sz\u00f3laltatja meg.<\/p>\n<p>K\u00f6zrem\u0171k\u00f6dik Szente Melinda (\u00e9nek), Domj\u00e1n R\u00e9ka (\u00e9nek), \u00e9s K\u00f6rtesi Andr\u00e1s (zongora).<\/p>\n<p>A hangverseny egy\u00fattal j\u00f3t\u00e9konys\u00e1gi felh\u00edv\u00e1s is. \u201cKedves k\u00f3rustagunk, Kis-Iv\u00e1n R\u00e9ka alt, csal\u00e1dj\u00e1val tragikus esem\u00e9nyeket tudnak maguk m\u00f6g\u00f6tt. Egy kaz\u00e1n hirtelen meghib\u00e1sod\u00e1sa miatt a kisgyermekes csal\u00e1d h\u00e1za r\u00e9szben le\u00e9gett, \u00e9s lakhatatlann\u00e1 v\u00e1lt. Ideiglenesen alb\u00e9rletbe ker\u00fclnek, a k\u00f6lts\u00e9geik t\u00f6bb t\u00edzmilli\u00f3. K\u00e9rj\u00fck, aki teheti, lehet\u0151s\u00e9geihez m\u00e9rten seg\u00edtsen a csal\u00e1don b\u00e1rmilyen szer\u00e9ny \u00f6sszeggel is, hogy a kar\u00e1csonyi \u00fcnnepeket nyugodtabban t\u00f6lthess\u00e9k.<\/p>\n<p>Kis-Iv\u00e0n R\u00e9ka OTP Bank<\/p>\n<p>11773315-01045695-00000000 K\u00f6zlem\u00e9ny : Vocapella \u201c<\/p>\n<p>A hangverseny plak\u00e1tja <a href=\"http:\/\/balatonkeresztur.plebania.hu\/wp-content\/uploads\/2018\/11\/vocapella.jpg\" target=\"_blank\" rel=\"noopener\">itt<\/a> megtekinthet\u0151. B\u0151vebben a k\u00f3rusr\u00f3l:<\/p>\n<p><a href=\"http:\/\/balatonkeresztur.plebania.hu\/wp-content\/uploads\/2018\/11\/vocapella2.jpg\" target=\"_blank\" rel=\"noopener\"><img loading=\"lazy\" decoding=\"async\" class=\"alignleft wp-image-160 size-thumbnail\" src=\"http:\/\/balatonkeresztur.plebania.hu\/wp-content\/uploads\/2018\/11\/vocapella2-150x150.jpg\" alt=\"\" width=\"150\" height=\"150\" \/><\/a>A\u00a0 <strong>Vocapella<\/strong> 2016 tavasz\u00e1n alakult\u00a0 Nov\u00e1k-Szab\u00f3 L\u00edvia vezet\u00e9s\u00e9vel. K\u00f3rusunk l\u00e9trej\u00f6tt\u00e9t a magyar no\u030bikari irodalom szeretete h\u00edvta \u00e9letre. B\u00e1r \u00e9nekkarunk m\u00e9g fiatal, \u00e1m tagjaink t\u00f6bb t\u00edz \u00e9vet \u00e9nekeltek \u2013 legt\u00f6bbj\u00fck eg\u00e9szen gyermekkoruk \u00f3ta \u2013 P\u00e9cs legsz\u00ednvonalasabb egy\u00fctteseiben. Oszlopos tagjai voltak az Eur\u00f3pa h\u00edru\u030b\u00a0 Bart\u00f3k B\u00e9la\u00a0 Le\u00e1nykarnak, a szint\u00e9n\u00a0 Kert\u00e9sz Attila Liszt-d\u00edjas karnagy \u00e1ltal vezetett Mecsek K\u00f3rusnak, a Kod\u00e1ly Zolt\u00e1n Gimn\u00e1zium Vegyeskar\u00e1nak, emellett a\u00a0 P\u00e9csi Egyetemi No\u030bikarnak \u00e9s\u00a0 Vegyeskarnak is.<\/p>\n<p><a href=\"http:\/\/balatonkeresztur.plebania.hu\/wp-content\/uploads\/2018\/11\/nszl.jpg\" target=\"_blank\" rel=\"noopener\"><img loading=\"lazy\" decoding=\"async\" class=\"alignright wp-image-162 size-thumbnail\" src=\"http:\/\/balatonkeresztur.plebania.hu\/wp-content\/uploads\/2018\/11\/nszl-150x150.jpg\" alt=\"\" width=\"150\" height=\"150\" \/><\/a>A fiatal karnagyno\u030b sz\u00e1m\u00e1ra m\u00e9ly zenei \u00e9lm\u00e9nyeket jelentettek a Bart\u00f3k B\u00e9la Le\u00e1nykarban szerzett tapasztalatok, melyek Kert\u00e9sz Attila Tan\u00e1r \u00dar nev\u00e9hez k\u00f6theto\u030bk. A Kod\u00e1ly Zolt\u00e1n Gimn\u00e1ziumban t\u00f6lt\u00f6tt \u00e9vek ut\u00e1n, melyek alatt nem csak a XX. sz\u00e1zadi no\u030bikari irodalom, hanem a karvezet\u00e9s alapjait is megszerezte, egy\u00fcttes\u00fcnk vezeto\u030bje a PTE Mu\u030bv\u00e9szeti Kar\u00e1n karvezet\u00e9st tanult\u00a0 dr Lakner Tam\u00e1s Liszt-d\u00edjas, kiv\u00e1l\u00f3 p\u00e9csi karnagyn\u00e1l. Tan\u00e1rai voltak m\u00e9g\u00a0 dr Kamp Salamon Liszt \u00e9s Kossuth\u2014d\u00edjas karnagy valamint Tillai Aur\u00e9l Kossuth-d\u00edjas zeneszerzo\u030b, egyetemi tan\u00e1r is. Ez ido\u030b alatt tagja volt a\u00a0 P\u00e9csi Egyetemi K\u00f3rus mellett a\u00a0 P\u00e9csi Mecsek K\u00f3rusnak is.<\/p>\n<p>K\u00f3rusunk sz\u00e1m\u00e1ra kiemelten fontos a XX. sz\u00e1zadi \u00e9s kort\u00e1rs magyar szerzo\u030bk mu\u030bveinek bemutat\u00e1sa, \u00e9ltet\u00e9se, a p\u00e9csi \u00e9s a v\u00e1roshoz szorosan k\u00f6theto\u030b szerzo\u030bk kompoz\u00edci\u00f3inak megsz\u00f3laltat\u00e1sa. Hisz\u00fcnk benne, hogy az \u00e9rt\u00e9kes k\u00f3ruszen\u00e9nek helye van a kultur\u00e1lis \u00e9letben \u00e9s a mindennapjainkban egyar\u00e1nt. \u00c9pp ez\u00e9rt kiemelten fontos sz\u00e1munkra mu\u030bsork\u00e9szlet\u00fcnk bo\u030bv\u00edt\u00e9se mellett, \u00faj k\u00f6z\u00f6ss\u00e9g\u00fcnk megszil\u00e1rd\u00edt\u00e1sa is, hiszen ezek lehetnek a h\u00edv\u00f3szavak a mino\u030bs\u00e9gi k\u00f3rus \u00e9let \u00fajj\u00e1\u00e9p\u00edt\u00e9s\u00e9re, megszil\u00e1rd\u00edt\u00e1s\u00e1ra. Reperto\u00e1runkban jelenleg Bart\u00f3k, Kod\u00e1ly, Orb\u00e1n, Karai, Kocs\u00e1r, Caccini mu\u030bvei mellett helyet kapnak ig\u00e9nyes, mino\u030bs\u00e9gi k\u00f6nnyu\u030bzenei darabok is, ajt\u00f3t nyitva a fiatalabb gener\u00e1ci\u00f3k sz\u00e1m\u00e1ra.<\/p>\n<p>Reperto\u00e1runkban jelenleg Bart\u00f3k, Kod\u00e1ly, Orb\u00e1n, Karai, Kocs\u00e1r, Caccini mu\u030bvei mellett helyet kapnak ig\u00e9nyes, mino\u030bs\u00e9gi k\u00f6nnyu\u030bzenei darabok is, ajt\u00f3t nyitva a fiatalabb gener\u00e1ci\u00f3k sz\u00e1m\u00e1ra.<\/p>\n<p>K\u00f3rusunk<a href=\"http:\/\/balatonkeresztur.plebania.hu\/wp-content\/uploads\/2018\/11\/vocapella1.jpg\" target=\"_blank\" rel=\"noopener\"><img loading=\"lazy\" decoding=\"async\" class=\"wp-image-155 size-thumbnail alignright\" src=\"http:\/\/balatonkeresztur.plebania.hu\/wp-content\/uploads\/2018\/11\/vocapella1-150x150.jpg\" alt=\"\" width=\"150\" height=\"150\" \/><\/a> az elm\u00falt k\u00e9t \u00e9v alatt sz\u00e1mos hazai fell\u00e9p\u00e9sen vett r\u00e9szt, ezek k\u00f6z\u00f6tt t\u00f6bb saj\u00e1t szerzvez\u00e9sben val\u00f3sult meg. T\u00f6bb hangverseny a Nemzeti Kultur\u00e1lis Alap t\u00e1mogat\u00e1s\u00e1val j\u00f6tt l\u00e9tre, \u00fagy mint a \u201cKARAI 90\u201d eml\u00e9kkoncertek, valamint a 7. Krakk\u00f3i Adventi \u00e9s Kar\u00e1csonyi K\u00f3rusfesztiv\u00e1lon val\u00f3 r\u00e9szv\u00e9tel. Megh\u00edv\u00e1st kaptunk a Z\u00e1gr\u00e1bi Kultur\u00e1lis Napokra, ahol t\u00f6bb koncerttel k\u00e9pviselt\u00fck haz\u00e1nkat. 2017 nyar\u00e1n a keszthelyi Dal\u00fcnnepen a K\u00d3TA kiemelt arany min\u0151s\u00edt\u00e9s\u00e9t szerezt\u00fck meg, kateg\u00f3ri\u00e1j\u00e1ban a legmagasabb pontsz\u00e1mmal, majd az \u00e9v \u0151sz\u00e9n a Golestan egy\u00fcttes jubileumi koncertj\u00e9n \u00e9nekelt\u00fcnk a p\u00e9csi Kod\u00e1ly K\u00f6zpontban.<\/p>\n<p>forr\u00e1s: <a href=\"https:\/\/vocapella.hu\/vocapella-enekkorus\/\" target=\"_blank\" rel=\"noopener\">vocapella.hu<\/a><\/p>\n","protected":false},"excerpt":{"rendered":"<p>Advent 1. vas\u00e1rnapj\u00e1n \u201cFelgy\u00falt a csillagf\u00e9ny\u201d c\u00edmmel h\u00edvja zen\u00e9s \u00e1h\u00edtatra a h\u00edveket a p\u00e9csi Vocapella.<\/p>\n","protected":false},"author":1,"featured_media":0,"comment_status":"closed","ping_status":"open","sticky":false,"template":"","format":"standard","meta":{"footnotes":""},"categories":[1],"tags":[],"class_list":["post-154","post","type-post","status-publish","format-standard","hentry","category-egyeb"],"_links":{"self":[{"href":"https:\/\/balatonkeresztur.plebania.hu\/index.php\/wp-json\/wp\/v2\/posts\/154","targetHints":{"allow":["GET"]}}],"collection":[{"href":"https:\/\/balatonkeresztur.plebania.hu\/index.php\/wp-json\/wp\/v2\/posts"}],"about":[{"href":"https:\/\/balatonkeresztur.plebania.hu\/index.php\/wp-json\/wp\/v2\/types\/post"}],"author":[{"embeddable":true,"href":"https:\/\/balatonkeresztur.plebania.hu\/index.php\/wp-json\/wp\/v2\/users\/1"}],"replies":[{"embeddable":true,"href":"https:\/\/balatonkeresztur.plebania.hu\/index.php\/wp-json\/wp\/v2\/comments?post=154"}],"version-history":[{"count":6,"href":"https:\/\/balatonkeresztur.plebania.hu\/index.php\/wp-json\/wp\/v2\/posts\/154\/revisions"}],"predecessor-version":[{"id":164,"href":"https:\/\/balatonkeresztur.plebania.hu\/index.php\/wp-json\/wp\/v2\/posts\/154\/revisions\/164"}],"wp:attachment":[{"href":"https:\/\/balatonkeresztur.plebania.hu\/index.php\/wp-json\/wp\/v2\/media?parent=154"}],"wp:term":[{"taxonomy":"category","embeddable":true,"href":"https:\/\/balatonkeresztur.plebania.hu\/index.php\/wp-json\/wp\/v2\/categories?post=154"},{"taxonomy":"post_tag","embeddable":true,"href":"https:\/\/balatonkeresztur.plebania.hu\/index.php\/wp-json\/wp\/v2\/tags?post=154"}],"curies":[{"name":"wp","href":"https:\/\/api.w.org\/{rel}","templated":true}]}}