{"id":1535,"date":"2024-11-12T20:19:18","date_gmt":"2024-11-12T20:19:18","guid":{"rendered":"https:\/\/balatonkeresztur.plebania.hu\/?p=1535"},"modified":"2024-11-12T20:26:13","modified_gmt":"2024-11-12T20:26:13","slug":"a-level-kozossegi-filmnezes","status":"publish","type":"post","link":"https:\/\/balatonkeresztur.plebania.hu\/index.php\/2024\/11\/12\/a-level-kozossegi-filmnezes\/","title":{"rendered":"A lev\u00e9l &#8211; k\u00f6z\u00f6ss\u00e9gi filmn\u00e9z\u00e9s"},"content":{"rendered":"\n<figure class=\"wp-block-image size-full is-resized\"><a href=\"http:\/\/balatonkeresztur.plebania.hu\/wp-content\/uploads\/2024\/11\/laudatosi-scaled.jpeg\" target=\"_blank\" rel=\"noreferrer noopener\"><img loading=\"lazy\" decoding=\"async\" width=\"2560\" height=\"1920\" src=\"http:\/\/balatonkeresztur.plebania.hu\/wp-content\/uploads\/2024\/11\/laudatosi-scaled.jpeg\" alt=\"\" class=\"wp-image-1538\" style=\"width:571px;height:auto\" srcset=\"https:\/\/balatonkeresztur.plebania.hu\/wp-content\/uploads\/2024\/11\/laudatosi-scaled.jpeg 2560w, https:\/\/balatonkeresztur.plebania.hu\/wp-content\/uploads\/2024\/11\/laudatosi-768x576.jpeg 768w, https:\/\/balatonkeresztur.plebania.hu\/wp-content\/uploads\/2024\/11\/laudatosi-1536x1152.jpeg 1536w, https:\/\/balatonkeresztur.plebania.hu\/wp-content\/uploads\/2024\/11\/laudatosi-2048x1536.jpeg 2048w, https:\/\/balatonkeresztur.plebania.hu\/wp-content\/uploads\/2024\/11\/laudatosi-400x300.jpeg 400w\" sizes=\"auto, (max-width: 2560px) 100vw, 2560px\" \/><\/a><\/figure>\n\n\n\n<p>K\u00e9sz\u00fclt egy film Ferenc p\u00e1pa k\u00f6zrem\u0171k\u00f6d\u00e9s\u00e9vel, melyet \u0151 maga is a <strong>Laudato si\u2019 kezdet\u0171 enciklik\u00e1j\u00e1ban le\u00edrt \u00fczenete hiteles magyar\u00e1zat\u00e1nak<\/strong> tart.<\/p>\n\n\n\n<!--more-->\n\n\n\n<p>A film c\u00edme: <strong>A lev\u00e9l \u2013 \u00dczenet F\u00f6ld\u00fcnk\u00e9rt<\/strong>. \u00dagy mutatja be a Laudato si\u2019 enciklik\u00e1t (k\u00f6rlevelet)\u00a0 n\u00e9gy ember \u00fatj\u00e1n \u00e9s a P\u00e1p\u00e1val val\u00f3 tal\u00e1lkoz\u00e1sukon, besz\u00e9lget\u00e9s\u00fck\u00f6n kereszt\u00fcl, mint <strong>a P\u00e1pa mindannyiunknak \u00edrt level\u00e9t.<\/strong> A film kiindul\u00f3pontj\u00e1ul\u00a0 szolg\u00e1l\u00f3 enciklika pedig nem m\u00e1sr\u00f3l sz\u00f3l, mint <strong>F\u00f6ld\u00fcnk, \u201ea k\u00f6z\u00f6s otthon gondoz\u00e1s\u00e1nak\u201d felel\u0151ss\u00e9g\u00e9r\u0151l<\/strong>. Ez nemcsak a <strong>teremt\u00e9sv\u00e9delmet<\/strong>, de az Egyh\u00e1znak, Ferenc p\u00e1p\u00e1nak a t\u00e1rsadalmi igazs\u00e1goss\u00e1ggal \u00e9s a vil\u00e1g gondjainak val\u00f3s ar\u00e1nyaival kapcsolatos \u00fczenet\u00e9t is mag\u00e1ba foglalja.<\/p>\n\n\n\n<p>forr\u00e1s \u00e9s b\u0151vebben: <a href=\"https:\/\/teremtesvedelem.hu\/a-level-film\" target=\"_blank\" rel=\"noreferrer noopener\">teremtesvedelem.hu<\/a><\/p>\n\n\n\n<p>A filmet ma mi is megn\u00e9zhett\u00fck a k\u00f6z\u00f6ss\u00e9gi h\u00e1zunkban, majd ut\u00e1na alkalmunk volt egy kis besz\u00e9lget\u00e9sre is.<\/p>\n\n\n\n<p>Aki nem tudott elj\u00f6nni, hogy a filmet megn\u00e9zze, itt lehet\u0151s\u00e9ge van r\u00e1:<\/p>\n\n\n\n<figure class=\"wp-block-embed is-type-video is-provider-youtube wp-block-embed-youtube wp-embed-aspect-16-9 wp-has-aspect-ratio\"><div class=\"wp-block-embed__wrapper\">\n<iframe loading=\"lazy\" title=\"A p\u00e1pa, a k\u00f6rnyezeti v\u00e1ls\u00e1g \u00e9s a frontvonal vezet\u0151i - A lev\u00e9l Laudato Si Film\" width=\"584\" height=\"329\" src=\"https:\/\/www.youtube.com\/embed\/jMFUKMpb4J4?feature=oembed\" frameborder=\"0\" allow=\"accelerometer; autoplay; clipboard-write; encrypted-media; gyroscope; picture-in-picture; web-share\" referrerpolicy=\"strict-origin-when-cross-origin\" allowfullscreen><\/iframe>\n<\/div><\/figure>\n","protected":false},"excerpt":{"rendered":"<p>K\u00e9sz\u00fclt egy film Ferenc p\u00e1pa k\u00f6zrem\u0171k\u00f6d\u00e9s\u00e9vel, melyet \u0151 maga is a Laudato si\u2019 kezdet\u0171 enciklik\u00e1j\u00e1ban le\u00edrt \u00fczenete hiteles magyar\u00e1zat\u00e1nak tart.<\/p>\n","protected":false},"author":1,"featured_media":0,"comment_status":"closed","ping_status":"open","sticky":false,"template":"","format":"standard","meta":{"footnotes":""},"categories":[1],"tags":[],"class_list":["post-1535","post","type-post","status-publish","format-standard","hentry","category-egyeb"],"_links":{"self":[{"href":"https:\/\/balatonkeresztur.plebania.hu\/index.php\/wp-json\/wp\/v2\/posts\/1535","targetHints":{"allow":["GET"]}}],"collection":[{"href":"https:\/\/balatonkeresztur.plebania.hu\/index.php\/wp-json\/wp\/v2\/posts"}],"about":[{"href":"https:\/\/balatonkeresztur.plebania.hu\/index.php\/wp-json\/wp\/v2\/types\/post"}],"author":[{"embeddable":true,"href":"https:\/\/balatonkeresztur.plebania.hu\/index.php\/wp-json\/wp\/v2\/users\/1"}],"replies":[{"embeddable":true,"href":"https:\/\/balatonkeresztur.plebania.hu\/index.php\/wp-json\/wp\/v2\/comments?post=1535"}],"version-history":[{"count":6,"href":"https:\/\/balatonkeresztur.plebania.hu\/index.php\/wp-json\/wp\/v2\/posts\/1535\/revisions"}],"predecessor-version":[{"id":1543,"href":"https:\/\/balatonkeresztur.plebania.hu\/index.php\/wp-json\/wp\/v2\/posts\/1535\/revisions\/1543"}],"wp:attachment":[{"href":"https:\/\/balatonkeresztur.plebania.hu\/index.php\/wp-json\/wp\/v2\/media?parent=1535"}],"wp:term":[{"taxonomy":"category","embeddable":true,"href":"https:\/\/balatonkeresztur.plebania.hu\/index.php\/wp-json\/wp\/v2\/categories?post=1535"},{"taxonomy":"post_tag","embeddable":true,"href":"https:\/\/balatonkeresztur.plebania.hu\/index.php\/wp-json\/wp\/v2\/tags?post=1535"}],"curies":[{"name":"wp","href":"https:\/\/api.w.org\/{rel}","templated":true}]}}