{"id":1528,"date":"2024-11-02T16:41:51","date_gmt":"2024-11-02T16:41:51","guid":{"rendered":"https:\/\/balatonkeresztur.plebania.hu\/?p=1528"},"modified":"2024-11-06T18:40:46","modified_gmt":"2024-11-06T18:40:46","slug":"a-level","status":"publish","type":"post","link":"https:\/\/balatonkeresztur.plebania.hu\/index.php\/2024\/11\/02\/a-level\/","title":{"rendered":"A lev\u00e9l"},"content":{"rendered":"\n<p>A Laudato Si\u2019 Mozgalom \u00e9s a Vatik\u00e1n \u00c1tfog\u00f3 Emberi Fejl\u0151d\u00e9s Szolg\u00e1lat\u00e1nak Dikaszt\u00e9riuma egy\u00fcttm\u0171k\u00f6d\u00e9se alapj\u00e1n sz\u00fcletett meg a <em>The Letter (A lev\u00e9l)<\/em> c\u00edm\u0171 dokumentumfilm Ferenc p\u00e1pa<em> Laudato si\u2019 (\u00c1ldott l\u00e9gy)<\/em> kezdet\u0171 enciklik\u00e1j\u00e1r\u00f3l, melyet 2015-ben \u00edrt a k\u00f6rnyezeti kr\u00edzisr\u0151l \u00e9s k\u00f6z\u00f6s otthonunk, a F\u00f6ld meg\u00f3v\u00e1s\u00e1r\u00f3l, \u00e9s amelyben&nbsp;kifejezte sz\u00e1nd\u00e9k\u00e1t, miszerint mindenkivel p\u00e1rbesz\u00e9det szeretne kezdeni s folytatni err\u0151l a t\u00e9m\u00e1r\u00f3l.<\/p>\n\n\n\n<p>A filmet november 12-\u00e9n az esti szentmise ut\u00e1n megn\u00e9zhetj\u00fck mi is a Szent Istv\u00e1n H\u00e1zban.<br>Let\u00f6lthet\u0151 plak\u00e1t:<\/p>\n\n\n\n<figure class=\"wp-block-image size-full is-resized\"><a href=\"http:\/\/balatonkeresztur.plebania.hu\/wp-content\/uploads\/2024\/11\/level.jpg\" target=\"_blank\" rel=\"noreferrer noopener\"><img loading=\"lazy\" decoding=\"async\" width=\"1587\" height=\"2245\" src=\"https:\/\/balatonkeresztur.plebania.hu\/wp-content\/uploads\/2024\/11\/level.jpg\" alt=\"\" class=\"wp-image-1529\" style=\"width:384px;height:auto\" srcset=\"https:\/\/balatonkeresztur.plebania.hu\/wp-content\/uploads\/2024\/11\/level.jpg 1587w, https:\/\/balatonkeresztur.plebania.hu\/wp-content\/uploads\/2024\/11\/level-768x1086.jpg 768w, https:\/\/balatonkeresztur.plebania.hu\/wp-content\/uploads\/2024\/11\/level-1086x1536.jpg 1086w, https:\/\/balatonkeresztur.plebania.hu\/wp-content\/uploads\/2024\/11\/level-1448x2048.jpg 1448w, https:\/\/balatonkeresztur.plebania.hu\/wp-content\/uploads\/2024\/11\/level-212x300.jpg 212w\" sizes=\"auto, (max-width: 1587px) 100vw, 1587px\" \/><\/a><\/figure>\n\n\n\n<p>forr\u00e1s \u00e9s b\u0151vebben: <a href=\"https:\/\/www.magyarkurir.hu\/hirek\/a-level-filmuzenet-foldunk-vedelmeben-papa-laudato-si-enciklikaja-nyoman\" target=\"_blank\" rel=\"noreferrer noopener\">Magyar Kur\u00edr<\/a><\/p>\n","protected":false},"excerpt":{"rendered":"<p>A Laudato Si\u2019 Mozgalom \u00e9s a Vatik\u00e1n \u00c1tfog\u00f3 Emberi Fejl\u0151d\u00e9s Szolg\u00e1lat\u00e1nak Dikaszt\u00e9riuma egy\u00fcttm\u0171k\u00f6d\u00e9se alapj\u00e1n sz\u00fcletett meg a The Letter (A lev\u00e9l) c\u00edm\u0171 dokumentumfilm Ferenc p\u00e1pa Laudato si\u2019 (\u00c1ldott l\u00e9gy) kezdet\u0171 enciklik\u00e1j\u00e1r\u00f3l, melyet 2015-ben \u00edrt a k\u00f6rnyezeti kr\u00edzisr\u0151l \u00e9s k\u00f6z\u00f6s otthonunk, &hellip; <a href=\"https:\/\/balatonkeresztur.plebania.hu\/index.php\/2024\/11\/02\/a-level\/\">Egy kattint\u00e1s ide a folytat\u00e1shoz&#8230;. <span class=\"meta-nav\">&rarr;<\/span><\/a><\/p>\n","protected":false},"author":1,"featured_media":0,"comment_status":"closed","ping_status":"open","sticky":false,"template":"","format":"standard","meta":{"footnotes":""},"categories":[1],"tags":[],"class_list":["post-1528","post","type-post","status-publish","format-standard","hentry","category-egyeb"],"_links":{"self":[{"href":"https:\/\/balatonkeresztur.plebania.hu\/index.php\/wp-json\/wp\/v2\/posts\/1528","targetHints":{"allow":["GET"]}}],"collection":[{"href":"https:\/\/balatonkeresztur.plebania.hu\/index.php\/wp-json\/wp\/v2\/posts"}],"about":[{"href":"https:\/\/balatonkeresztur.plebania.hu\/index.php\/wp-json\/wp\/v2\/types\/post"}],"author":[{"embeddable":true,"href":"https:\/\/balatonkeresztur.plebania.hu\/index.php\/wp-json\/wp\/v2\/users\/1"}],"replies":[{"embeddable":true,"href":"https:\/\/balatonkeresztur.plebania.hu\/index.php\/wp-json\/wp\/v2\/comments?post=1528"}],"version-history":[{"count":4,"href":"https:\/\/balatonkeresztur.plebania.hu\/index.php\/wp-json\/wp\/v2\/posts\/1528\/revisions"}],"predecessor-version":[{"id":1534,"href":"https:\/\/balatonkeresztur.plebania.hu\/index.php\/wp-json\/wp\/v2\/posts\/1528\/revisions\/1534"}],"wp:attachment":[{"href":"https:\/\/balatonkeresztur.plebania.hu\/index.php\/wp-json\/wp\/v2\/media?parent=1528"}],"wp:term":[{"taxonomy":"category","embeddable":true,"href":"https:\/\/balatonkeresztur.plebania.hu\/index.php\/wp-json\/wp\/v2\/categories?post=1528"},{"taxonomy":"post_tag","embeddable":true,"href":"https:\/\/balatonkeresztur.plebania.hu\/index.php\/wp-json\/wp\/v2\/tags?post=1528"}],"curies":[{"name":"wp","href":"https:\/\/api.w.org\/{rel}","templated":true}]}}