{"id":1525,"date":"2024-11-02T03:46:47","date_gmt":"2024-11-02T03:46:47","guid":{"rendered":"https:\/\/balatonkeresztur.plebania.hu\/?p=1525"},"modified":"2024-10-31T07:47:08","modified_gmt":"2024-10-31T07:47:08","slug":"halottak-napjara","status":"publish","type":"post","link":"https:\/\/balatonkeresztur.plebania.hu\/index.php\/2024\/11\/02\/halottak-napjara\/","title":{"rendered":"Halottak napj\u00e1ra"},"content":{"rendered":"\n<figure class=\"wp-block-image size-full is-resized\"><img loading=\"lazy\" decoding=\"async\" width=\"456\" height=\"307\" src=\"https:\/\/balatonkeresztur.plebania.hu\/wp-content\/uploads\/2024\/10\/kep.png\" alt=\"\" class=\"wp-image-1526\" style=\"width:527px;height:auto\" srcset=\"https:\/\/balatonkeresztur.plebania.hu\/wp-content\/uploads\/2024\/10\/kep.png 456w, https:\/\/balatonkeresztur.plebania.hu\/wp-content\/uploads\/2024\/10\/kep-446x300.png 446w\" sizes=\"auto, (max-width: 456px) 100vw, 456px\" \/><\/figure>\n\n\n\n<p><a href=\"https:\/\/hu.wikipedia.org\/wiki\/Pilinszky_J%C3%A1nos\"><strong>Pilinszky J\u00e1nos<\/strong><\/a><strong>: A t\u00e9l k\u00fcsz\u00f6b\u00e9n (r\u00e9szlet)<\/strong> \u00c9s nem v\u00e9letlen az se, hogy az egyh\u00e1z \u00e9pp ide, a t\u00e9l k\u00fcsz\u00f6b\u00e9re, az elm\u00fal\u00e1s kezdet\u00e9re helyezte \u2013 s egym\u00e1s mell\u00e9 \u2013 mindenszentek \u00e9s halottak napj\u00e1t, \u00fcnnep\u00e9t.<\/p>\n\n\n\n<!--more-->\n\n\n\n<p>Tette ezt nyilv\u00e1n ama nagyszer\u0171 ellentmond\u00e1s jegy\u00e9ben, melynek a hal\u00e1l csak l\u00e1tszata, tartalma azonban az \u00e9let, s tegy\u00fck hozz\u00e1, a sz\u00f3 legigazibb, legemberibb, teh\u00e1t legink\u00e1bb szellemi \u00e9rtelm\u00e9ben \u2013 \u00e9let. Halottaink szeretete els\u0151rend\u0171en az \u00e9let iskol\u00e1ja. Igaz, nem az \u00e9let mechanikus folyamatainak, amelyeknek a nagy term\u00e9szet engedelmeskedik, hanem annak a m\u00e1siknak, mely teremt\u0151 ellentmond\u00e1sk\u00e9nt \u00e9pp a t\u00e9l k\u00fcsz\u00f6b\u00e9n kezd \u00faj munk\u00e1ba, fokozott kedvvel \u00e9s lelkesed\u00e9ssel. A k\u00fcls\u0151 k\u00e9p: a hervad\u00e1s\u00e9, a hal\u00e1l\u00e9 \u00e9s a menek\u00fcl\u00e9s\u00e9. Egyed\u00fcl az ember f\u00fcggeszti szem\u00e9t a mindens\u00e9g lankadatlanul m\u0171k\u00f6d\u0151 csillagaira, a t\u00e1voli \u00e9s nagy eg\u00e9szre, s azon is t\u00falra\u2026<\/p>\n\n\n\n<figure class=\"wp-block-embed is-type-video is-provider-youtube wp-block-embed-youtube wp-embed-aspect-16-9 wp-has-aspect-ratio\"><div class=\"wp-block-embed__wrapper\">\n<iframe loading=\"lazy\" title=\"Mozart : Requiem (Orchestre national de France \/ James Gaffigan)\" width=\"584\" height=\"329\" src=\"https:\/\/www.youtube.com\/embed\/Dp2SJN4UiE4?feature=oembed\" frameborder=\"0\" allow=\"accelerometer; autoplay; clipboard-write; encrypted-media; gyroscope; picture-in-picture; web-share\" referrerpolicy=\"strict-origin-when-cross-origin\" allowfullscreen><\/iframe>\n<\/div><\/figure>\n","protected":false},"excerpt":{"rendered":"<p>Pilinszky J\u00e1nos: A t\u00e9l k\u00fcsz\u00f6b\u00e9n (r\u00e9szlet) \u00c9s nem v\u00e9letlen az se, hogy az egyh\u00e1z \u00e9pp ide, a t\u00e9l k\u00fcsz\u00f6b\u00e9re, az elm\u00fal\u00e1s kezdet\u00e9re helyezte \u2013 s egym\u00e1s mell\u00e9 \u2013 mindenszentek \u00e9s halottak napj\u00e1t, \u00fcnnep\u00e9t.<\/p>\n","protected":false},"author":1,"featured_media":0,"comment_status":"closed","ping_status":"closed","sticky":false,"template":"","format":"standard","meta":{"footnotes":""},"categories":[1],"tags":[],"class_list":["post-1525","post","type-post","status-publish","format-standard","hentry","category-egyeb"],"_links":{"self":[{"href":"https:\/\/balatonkeresztur.plebania.hu\/index.php\/wp-json\/wp\/v2\/posts\/1525","targetHints":{"allow":["GET"]}}],"collection":[{"href":"https:\/\/balatonkeresztur.plebania.hu\/index.php\/wp-json\/wp\/v2\/posts"}],"about":[{"href":"https:\/\/balatonkeresztur.plebania.hu\/index.php\/wp-json\/wp\/v2\/types\/post"}],"author":[{"embeddable":true,"href":"https:\/\/balatonkeresztur.plebania.hu\/index.php\/wp-json\/wp\/v2\/users\/1"}],"replies":[{"embeddable":true,"href":"https:\/\/balatonkeresztur.plebania.hu\/index.php\/wp-json\/wp\/v2\/comments?post=1525"}],"version-history":[{"count":1,"href":"https:\/\/balatonkeresztur.plebania.hu\/index.php\/wp-json\/wp\/v2\/posts\/1525\/revisions"}],"predecessor-version":[{"id":1527,"href":"https:\/\/balatonkeresztur.plebania.hu\/index.php\/wp-json\/wp\/v2\/posts\/1525\/revisions\/1527"}],"wp:attachment":[{"href":"https:\/\/balatonkeresztur.plebania.hu\/index.php\/wp-json\/wp\/v2\/media?parent=1525"}],"wp:term":[{"taxonomy":"category","embeddable":true,"href":"https:\/\/balatonkeresztur.plebania.hu\/index.php\/wp-json\/wp\/v2\/categories?post=1525"},{"taxonomy":"post_tag","embeddable":true,"href":"https:\/\/balatonkeresztur.plebania.hu\/index.php\/wp-json\/wp\/v2\/tags?post=1525"}],"curies":[{"name":"wp","href":"https:\/\/api.w.org\/{rel}","templated":true}]}}