{"id":1522,"date":"2024-11-01T03:40:19","date_gmt":"2024-11-01T03:40:19","guid":{"rendered":"https:\/\/balatonkeresztur.plebania.hu\/?p=1522"},"modified":"2024-10-31T07:40:44","modified_gmt":"2024-10-31T07:40:44","slug":"mindenszentek-es-halottak-napja-falu-tamas-koltovel-jelenits-istvannal-beszelgettunk","status":"publish","type":"post","link":"https:\/\/balatonkeresztur.plebania.hu\/index.php\/2024\/11\/01\/mindenszentek-es-halottak-napja-falu-tamas-koltovel-jelenits-istvannal-beszelgettunk\/","title":{"rendered":"Mindenszentek \u00e9s halottak napja Falu Tam\u00e1s k\u00f6lt\u0151vel \u2013 Jelenits Istv\u00e1nnal besz\u00e9lgett\u00fcnk"},"content":{"rendered":"\n<p>Mindenszentek az \u00fcdv\u00f6z\u00fclt lelkek eml\u00e9knapja, a katolikus kereszt\u00e9ny vil\u00e1g november 1-j\u00e9n eml\u00e9kezik meg r\u00f3luk. November 2-a, halottak napja szint\u00e9n kereszt\u00e9ny \u00fcnnep az elhunyt, \u00fcdv\u00f6ss\u00e9get m\u00e9g el nem nyert, tiszt\u00edt\u00f3t\u0171zben l\u00e9v\u0151 h\u00edvek\u00e9rt. Jelenits Istv\u00e1n piarista szerzetessel, teol\u00f3gussal besz\u00e9lgett\u00fcnk.<\/p>\n\n\n\n<figure class=\"wp-block-image size-full is-resized\"><img loading=\"lazy\" decoding=\"async\" width=\"850\" height=\"566\" src=\"https:\/\/balatonkeresztur.plebania.hu\/wp-content\/uploads\/2024\/10\/img1.jpg\" alt=\"\" class=\"wp-image-1523\" style=\"width:579px;height:auto\" srcset=\"https:\/\/balatonkeresztur.plebania.hu\/wp-content\/uploads\/2024\/10\/img1.jpg 850w, https:\/\/balatonkeresztur.plebania.hu\/wp-content\/uploads\/2024\/10\/img1-768x511.jpg 768w, https:\/\/balatonkeresztur.plebania.hu\/wp-content\/uploads\/2024\/10\/img1-451x300.jpg 451w\" sizes=\"auto, (max-width: 850px) 100vw, 850px\" \/><\/figure>\n\n\n\n<!--more-->\n\n\n\n<p><strong>\u2013 Tan\u00e1r \u00far, hogyan hat\u00e1rozn\u00e1 meg mindenszentek \u00e9s halottak napj\u00e1nak l\u00e9nyeg\u00e9t?<\/strong><\/p>\n\n\n\n<p>\u2013 Mindenszentek napj\u00e1n az Egyh\u00e1z azokra eml\u00e9kezik, akiket szentt\u00e9 avatott. Azokra is eml\u00e9kez\u00fcnk azonban, akik nincsenek ott a szentek list\u00e1j\u00e1n, nem tudjuk biztosan, hogy Isten k\u00f6zel\u00e9ben vannak, de rem\u00e9lj\u00fck, hogy \u00edgy van. Ez a halottak napja. Mi, emberek \u00e9l\u00fcnk \u00e9s meghalunk. M\u00e1s \u00e9l\u0151l\u00e9nyek, \u00edgy az \u00e1llatok is meghalnak, de \u0151k nem t\u00f6r\u0151dnek a halottaikkal, nem eml\u00e9keznek r\u00e1juk. Az ember kiv\u00e1lts\u00e1ga, hogy egyfel\u0151l haland\u00f3, ami \u00e1lland\u00f3 fenyegetetts\u00e9get jelent sz\u00e1m\u00e1ra, m\u00e1sfel\u0151l viszont eml\u00e9kezik a halottaira, \u00e9s a hal\u00e1llal is sz\u00e1mot vet. Nem meglepet\u00e9sszer\u0171en \u00e9ri a hal\u00e1l, hanem valamilyen m\u00f3don felk\u00e9sz\u00fcl r\u00e1. A h\u00edv\u0151 kereszt\u00e9ny ember pedig hisz abban, hogy az \u00daristen nem ok n\u00e9lk\u00fcl teremtett benn\u00fcnket gondolkod\u00f3 embernek, \u00e9s nemcsak a hosszabb vagy r\u00f6videbb f\u00f6ldi \u00e9let \u00e9veit sz\u00e1nta nek\u00fcnk, hanem a hal\u00e1l ut\u00e1n az \u00f6r\u00f6kk\u00e9val\u00f3s\u00e1got is, amelyr\u0151l azonban nincs igaz\u00e1n elk\u00e9pzel\u00e9s\u00fcnk, mert \u201eszem nem l\u00e1tta, f\u00fcl nem hallotta, emberi sz\u00edv f\u00f6l nem fogta, mit Isten azoknak k\u00e9sz\u00edtett, akik \u0151t szeretik\u201d (1Kor 2, 9). M\u00e9gis nagyon fontos, hogy nemcsak addig t\u00f6r\u0151d\u00fcnk valakivel, am\u00edg k\u00f6zt\u00fcnk van, hanem az eml\u00e9ke is benn\u00fcnk \u00e9l. Az \u00e9vek m\u00fal\u00e1s\u00e1val megtapasztaljuk, hogy sokszor k\u00f6zelebb \u00e1ll hozz\u00e1nk egy elvesztett szerett\u00fcnk \u2013 ap\u00e1nk, any\u00e1nk, bar\u00e1tunk \u2013, mint az, aki a k\u00f6zel\u00fcnkben \u00e9l a jelenben. Az elvesztettel ak\u00e1r egy \u00e9leten \u00e1t besz\u00e9lget\u00fcnk, visszaid\u00e9zz\u00fck az eml\u00e9k\u00e9t, nemcsak az\u00e9rt, hogy gy\u00e1szoljuk, hanem hogy az \u00e9lete tanuls\u00e1gaib\u00f3l b\u00e1tor\u00edt\u00e1st, gondolatokat mer\u00edts\u00fcnk a saj\u00e1t \u00e9let\u00fcnkre vonatkoz\u00f3an. Alakja v\u00e1ltozik az eml\u00e9kezet\u00fcnkben, a hozz\u00e1f\u0171z\u0151d\u0151 kapcsolatunk elm\u00e9ly\u00fcl, \u00e9s olyan dolgokra is felfigyel\u00fcnk, amelyekre az \u00e9let\u00e9ben addig m\u00e9g nem. Kitehetj\u00fck az elhunyt f\u00e9nyk\u00e9p\u00e9t az asztalunkra vagy a szob\u00e1nk fal\u00e1ra, kimegy\u00fcnk a temet\u0151be a sz\u00fclet\u00e9se \u00e9s a hal\u00e1la napj\u00e1n, halottak napj\u00e1n, \u00e9s im\u00e1dkozunk \u00e9rte. Halottak napja az\u00e9rt is k\u00fcl\u00f6nleges, mert ilyenkor nemcsak a saj\u00e1t halottainkra eml\u00e9kez\u00fcnk, hanem mindazokra, akik el\u0151tt\u00fcnk j\u00e1rtak, \u00e9s az \u00e9let\u00fck, \u00f6r\u00f6ks\u00e9g\u00fck fontos mindny\u00e1junk sz\u00e1m\u00e1ra. Akkor is, ha n\u00e9v szerint nem tudjuk, hogy ki k\u00e9sz\u00edtette az els\u0151 kenyeret, ki tal\u00e1lta fel a bet\u0171t vagy az \u00edr\u00e1st. Mindez hozz\u00e1tartozik az \u00e9let\u00fcnkh\u00f6z, \u00e9s nem a semmib\u0151l ker\u00fclt el\u00e9nk: \u0151si \u00f6r\u00f6ks\u00e9geink ezek, amelyeket halottainkt\u00f3l, az egykori \u00e9l\u0151kt\u0151l kaptunk. A halottak teh\u00e1t az eml\u00e9keink r\u00e9v\u00e9n r\u00e9szei az \u00e9let\u00fcnknek, nemcsak tisztelettel gondolunk r\u00e1juk, hanem \u00fagy is, hogy \u0151rizz\u00fck az \u00f6r\u00f6ks\u00e9g\u00fcket, s \u00e9l\u00fcnk bel\u0151le.<\/p>\n\n\n\n<figure class=\"wp-block-image\"><a href=\"javascript:void(0);\"><img decoding=\"async\" src=\"https:\/\/www.magyarkurir.hu\/img1.php?id=91546&amp;v=1&amp;p=1&amp;img=c_398A0754.jpg\" alt=\"\"\/><\/a><\/figure>\n\n\n\n<p><strong>\u2013 Hogyan tudunk elsz\u00e1molni magunk el\u0151tt azokkal a mulaszt\u00e1sainkkal, net\u00e1n v\u00e9tkeinkkel, amelyeket \u00e9let\u00fckben k\u00f6vetett\u00fcnk el a halottainkkal?<\/strong><\/p>\n\n\n\n<p>\u2013 A h\u00edv\u0151 kereszt\u00e9ny ember tudja, hogy az im\u00e1ds\u00e1g\u00e1val utol\u00e9ri a halottait. Nem hozz\u00e1juk im\u00e1dkozunk, de \u00e9rt\u00fck igen. Ha b\u00e1nt, hogy \u00e9let\u00e9ben nem t\u00f6r\u0151dtem eleget az any\u00e1mmal, akkor rem\u00e9lhetem, hogy az im\u00e1ds\u00e1gom r\u00e9v\u00e9n valamilyen m\u00f3don k\u00e1rp\u00f3tolom azt, amit elmulasztottam, \u00e9s ett\u0151l megk\u00f6nnyebb\u00fclhetek.<\/p>\n\n\n\n<p><strong>\u2013 Igen, de a halottainkkal szembeni mulaszt\u00e1sainkat, v\u00e9tkeinket m\u00e1r nem tudjuk j\u00f3v\u00e1tenni.<\/strong><\/p>\n\n\n\n<p>\u2013 J\u00f3v\u00e1 is tudjuk tenni. Ahogyan az \u00e9letben is lehet, hogy any\u00e1nkat sok\u00e1ig elhanyagoltuk, de \u00f6regkor\u00e1ban megbecs\u00fclj\u00fck. A t\u00falvil\u00e1gi \u00e9let\u00e9ben pedig a J\u00f3isten kegyelm\u00e9be aj\u00e1nljuk, \u00e9s rendszeresen im\u00e1dkozunk \u00e9rte. Nem tudjuk, hogy a halottak hogyan fogadj\u00e1k, ha besz\u00e9lget\u00fcnk vel\u00fck, de az\u00e9rt hissz\u00fck, hogy eml\u00e9keznek \u00e9s figyelnek r\u00e1nk. \u00cdgy ha im\u00e1dkozunk \u00e9rt\u00fck, ez hozz\u00e1juk kapcsol minket, s \u00e9rtes\u00fclnek arr\u00f3l, hogy a gyerek\u00fck, a bar\u00e1tjuk vagy a szerelm\u00fck eml\u00e9kezik r\u00e1juk, \u00e9s im\u00e1ds\u00e1g\u00e1val megk\u00f6sz\u00f6ni azt is, amit annak idej\u00e9n tal\u00e1n nem k\u00f6sz\u00f6nt meg, vagy nem el\u00e9gg\u00e9 becs\u00fclt meg.<\/p>\n\n\n\n<p><strong>\u2013 Tan\u00e1r \u00far, eml\u00edtene n\u00e9h\u00e1ny, a hal\u00e1llal foglalkoz\u00f3 magyar verset?<\/strong><\/p>\n\n\n\n<p>\u2013 Sok nagy magyar k\u00f6lt\u0151 eml\u00e9kezik meg verseiben egy-egy kedves halottj\u00e1r\u00f3l, de \u00e9n most egy kev\u00e9sb\u00e9 ismert k\u00f6lt\u0151 halottakkal foglalkoz\u00f3 verseib\u0151l v\u00e1logatn\u00e9k. Falu Tam\u00e1sr\u00f3l van sz\u00f3, aki csaknem meg\u00e9rte a sz\u00e1z \u00e9vet. 1881-ben sz\u00fcletett \u00e9s 1977-ben halt meg. Nem vil\u00e1grenget\u0151 esem\u00e9nyeket \u00e9nekelt meg, hanem rendk\u00edv\u00fcl \u00e9rz\u00e9kenyen reag\u00e1lt a h\u00e9tk\u00f6znapi emberi kapcsolatokra, tapasztalatokra. \u00cdgy t\u00f6bb vers\u00e9ben is megjelenik a halottakkal, illetve a saj\u00e1t halottaival val\u00f3 kapcsolata. M\u00e9g fiatalember volt, amikor az els\u0151 vil\u00e1gh\u00e1bor\u00faban meghalt az \u00e9desapja, ez nyilv\u00e1n m\u00e9lyen megr\u00e1zta \u0151t.&nbsp;<em>Pillanatfelv\u00e9tel<\/em>&nbsp;c\u00edm\u0171 vers\u00e9ben \u00edgy eml\u00e9kezik meg r\u00f3la:<\/p>\n\n\n\n<p><em>Van egy f\u00e9nyk\u00e9p, amelyen visszan\u00e9z,<\/em><br><em>M\u00e9g nem tudtuk, hogy oly k\u00f6zel a v\u00e9sz.<\/em><br><em>Egy pillanat volt, boldog pillanat<\/em><br><em>A f\u00fcredi v\u00e9n plat\u00e1nok alatt.<\/em><br><em>De j\u00f3 nekem, hogy re\u00e1m visszan\u00e9z,<\/em><br><em>\u00cdgy l\u00e1tva \u0151t, sz\u00edvem nem oly neh\u00e9z.<\/em><br><em>\u0150 visszan\u00e9z a s\u00e9t\u00e1ny s\u00f6t\u00e9t z\u00f6ld gyep\u00e9n,<\/em><br><em>\u00c9s \u00f6r\u00f6kre ut\u00e1na n\u00e9zek \u00e9n.<\/em><\/p>\n\n\n\n<p>L\u00e1m: lehet egy f\u00e9nyk\u00e9p is, amit szeml\u00e9lve visszaeml\u00e9kez\u00fcnk a halott hozz\u00e1tartoz\u00f3nkra, besz\u00e9lget\u00fcnk vele, \u00e9s ett\u0151l az \u00e9let\u00fcnk nem szomor\u00fa lesz, hanem gazdagabb. Akkor is, ha nem tudjuk megsz\u00f3l\u00edtani, de a f\u00e9nyk\u00e9pr\u0151l visszan\u00e9z r\u00e1nk, meg\u0151rz\u0151dik benn\u00fcnk olyannak, amilyen egykor volt. J\u00f3 gondolni a halottunkra, mert b\u00e1r csak a f\u00e9nyk\u00e9p\u00e9t n\u00e9zz\u00fck, m\u00e9gsem vagyunk \u00e1rv\u00e1k.<\/p>\n\n\n\n<p>Falu Tam\u00e1s a m\u00e1r halott anyj\u00e1r\u00f3l is \u00edrt verset,&nbsp;<em>Szeg\u00e9ny any\u00e1m<\/em>&nbsp;c\u00edmmel:<\/p>\n\n\n\n<p><em>Szeg\u00e9ny any\u00e1m sietett mindig,<\/em><br><em>Sietve kelt m\u00e1r hajnalt\u00e1jon,<\/em><br><em>Nem kellett neki vekker\u00f3ra,<\/em><br><em>Egyform\u00e1n \u00e9bredt fel t\u00e9len, ny\u00e1ron.<\/em><br><em>Tett-vett, dolgozott k\u00e9s\u0151 estig,<\/em><br><em>Keze alatt a munka \u00e9gett,<\/em><br><em>Mindig m\u00e9g a haragsz\u00f3 el\u0151tt<\/em><br><em>T\u00e1lalta f\u00f6l \u0151 az eb\u00e9det.<\/em><\/p>\n\n\n\n<p><em>M\u00e1s gyerekek m\u00e9g kinn j\u00e1tszottak<\/em><br><em>Boldog kis dalokat dan\u00e1zva,<\/em><br><em>Minket m\u00e1r kora sz\u00fcrk\u00fcletkor<\/em><br><em>Lefektetett a puha \u00e1gyba.<\/em><br><em>Kertj\u00e9ben a pal\u00e1nt\u00e1z\u00e1ssal<\/em><br><em>Minden szomsz\u00e9dot megel\u0151z\u00f6tt,&nbsp;<\/em><br><em>S \u00f6v\u00e9 volt az els\u0151 vir\u00e1gmag,<\/em><br><em>Mindig, mikor j\u00f6ttek az \u0151sz\u00f6k.<\/em><\/p>\n\n\n\n<p><em>Az \u00e9letet v\u00e9gigsiette,<\/em><br><em>V\u00e1rt re\u00e1 a neh\u00e9z \u00f6regs\u00e9g,<\/em><br><em>T\u00fal j\u00e1rt m\u00e1r a kilencven \u00e9ven,<\/em><br><em>Mikor s\u00f6t\u00e9t s\u00edrj\u00e1ba tett\u00e9k.<\/em><br><em>A hal\u00e1l karj\u00e1n oda s\u00e9t\u00e1lt,<\/em><br><em>Hol nincsenek percek, sem \u00f3r\u00e1k,<\/em><br><em>Siess n\u00e9ki a kedve szerint<\/em><br><em>Te lass\u00fa \u00f6r\u00f6kk\u00e9val\u00f3s\u00e1g.<\/em><\/p>\n\n\n\n<p>Ez is egy \u00fcde vers, nem p\u00f6rleked\u00e9s a hal\u00e1llal, felid\u00e9zi az anya alakj\u00e1t, \u00e9let\u00e9t. Ilyen m\u00f3don vissza-visszagondolunk szeretteinkre, \u00e9lnek az eml\u00e9kek azokban is, akik nem k\u00f6lt\u0151k. Ha egy k\u00f6lt\u0151 seg\u00edt ebben, akkor a saj\u00e1t eml\u00e9keinket is megtanuljuk visszaid\u00e9zni, \u00e9s gazdagabbak lesz\u00fcnk ez\u00e1ltal. Nem engedj\u00fck, hogy puszta eml\u00e9kk\u00e9 vagy t\u00f6rt\u00e9nelmi adatt\u00e1 fakuljon az, ami ilyen eleven eml\u00e9k lehet.&nbsp;<\/p>\n\n\n\n<figure class=\"wp-block-image\"><a href=\"javascript:void(0);\"><img decoding=\"async\" src=\"https:\/\/www.magyarkurir.hu\/img1.php?id=91546&amp;v=1&amp;p=1&amp;img=c_398A0772.jpg\" alt=\"\"\/><\/a><\/figure>\n\n\n\n<p><strong>\u2013 A vers v\u00e9g\u00e9n pedig egy\u00e9rtelm\u0171en megjelenik a t\u00falvil\u00e1gi \u00e9let, szinte bizonyoss\u00e1gk\u00e9nt.<\/strong><\/p>\n\n\n\n<p>\u2013 Igen, biztos, hogy a vers szerz\u0151je hitt a t\u00falvil\u00e1gban. \u00c9desanyja f\u00e9nyk\u00e9pe t\u00f6bb vers\u00e9ben is felt\u0171nik, \u00edgy az&nbsp;<em>Arck\u00e9p<\/em>&nbsp;c\u00edm\u0171ben is:<\/p>\n\n\n\n<p><em>Leemellek \u00e9s f\u00f6lteszlek,<\/em><br><em>F\u00f6lteszlek \u00e9s leemellek,<\/em><br><em>Eg\u00e9sz k\u00fcl\u00f6n vagy a falon,<\/em><br><em>Nem sorban a t\u00f6bbi mellett.<\/em><br><em>N\u00e9ha a nap le\u00f6nt f\u00e9nnyel,<\/em><br><em>N\u00e9ha bevonnak az \u00e1rnyak,<\/em><br><em>A r\u00e1m\u00e1dat le-let\u00f6rl\u00f6m,<\/em><br><em>\u00c9s ha fakulsz, retus\u00e1llak.<\/em><br><em>Megmerev\u00edtett a fot\u00f3,<\/em><br><em>tekintetted meg se rebben,<\/em><br><em>Addig n\u00e9zlek, m\u00edg magamat<\/em><br><em>Meg nem l\u00e1tom a szemedben.<\/em><\/p>\n\n\n\n<p>Nagyon \u00e9rdekes, hogy nemcsak a temet\u0151be megy\u00fcnk ki, hanem otthon is arck\u00e9peket \u0151rz\u00fcnk a halottainkr\u00f3l. Kitessz\u00fck a f\u00e9nyk\u00e9p\u00fcket, esetleg a r\u00f3luk k\u00e9sz\u00fclt rajzokat, meg\u00e1ll ezeken a tekintet\u00fcnk, \u00e9s eml\u00e9kez\u00fcnk. Ebben a versben nem a f\u00e1jdalom a meghat\u00e1roz\u00f3, hanem a meghitts\u00e9g. A fi\u00fa n\u00e9zi az anyja arck\u00e9p\u00e9t, akinek szinte megelevenedik az alakja.<\/p>\n\n\n\n<p>\u00c9rdekes Falu Tam\u00e1s <em>Gy\u00e1szjelent\u00e9sek<\/em>&nbsp;c\u00edm\u0171 verse is:<\/p>\n\n\n\n<p><em>R\u00e9g\u00f3ta gy\u0171jt\u00f6m a<\/em><br><em>gy\u00e1szjelent\u00e9seket,<\/em><br><em>s bor\u00edt\u00e9kokon<\/em><br><em>\u00e9n vagyok c\u00edmezett.<\/em><br><em>Magam k\u00f6r\u00e9 rakom<\/em><br><em>\u0151ket az asztalon,<\/em><br><em>\u00e9s a holtak nev\u00e9t<\/em><br><em>hangosan olvasom.<\/em><br><em>A hangom megremeg,<\/em><br><em>\u00fajul bennem a gy\u00e1sz:<\/em><br><em>nekem eml\u00e9kez\u00e9s,<\/em><br><em>nekik felt\u00e1mad\u00e1s.<\/em><\/p>\n\n\n\n<p>Itt megint el\u0151ker\u00fcl a felt\u00e1mad\u00e1s rem\u00e9nye. Az \u00e9l\u0151 ember \u00e1lland\u00f3 kapcsolatban van a halottaival, \u00e9s a r\u00e1juk val\u00f3 eml\u00e9kez\u00e9s nem szomor\u00fas\u00e1ggal t\u00f6lti el. Az \u00e9lethez hozz\u00e1tartozik, hogy egyszer meghalunk, de hit\u00fcnk szerint felt\u00e1madunk. Nem vesztett\u00fck el azokat, akiknek az eml\u00e9ke vel\u00fcnk egy\u00fctt \u00e9l. Amikor r\u00e1ismer\u00fcnk a sorsunkban egy-egy mozzanatra az \u00f6v\u00e9k\u00e9b\u0151l, akkor seg\u00edtenek benn\u00fcnket abban, hogy eligazodjunk a saj\u00e1t \u00e9let\u00fcnkben. M\u00e9g ha nem sz\u00f3lnak is, befoly\u00e1solj\u00e1k, alak\u00edtj\u00e1k az \u00e9let\u00fcnket, d\u00f6nt\u00e9seinket.<\/p>\n\n\n\n<figure class=\"wp-block-image\"><a href=\"javascript:void(0);\"><img decoding=\"async\" src=\"https:\/\/www.magyarkurir.hu\/img1.php?id=91546&amp;v=1&amp;p=1&amp;img=c_398A0715.jpg\" alt=\"\"\/><\/a><\/figure>\n\n\n\n<p><strong>\u2013 El\u0151fordul, hogy v\u00e9giggondoljuk: adott helyzetben hogyan cselekedne a halottunk, \u00e9s \u00edgy seg\u00edt benn\u00fcnket a d\u00f6nt\u00e9s\u00fcnkben?<\/strong><\/p>\n\n\n\n<p>\u2013 Igen. \u00c9rdemes megeml\u00edteni Falu Tam\u00e1s&nbsp;<em>Valaki<\/em>&nbsp;c\u00edm\u0171 vers\u00e9t is:<\/p>\n\n\n\n<p><em>Itt valaki vigy\u00e1z r\u00e1m,<\/em><br><em>Elsim\u00edtja a p\u00e1rn\u00e1m.<\/em><br><em>F\u00f6lemel, ha elestem,<\/em><br><em>Megt\u00e1masztja a lelkem.<\/em><br><em>Vil\u00e1gosban, s\u00f6t\u00e9tben<\/em><br><em>ir\u00e1ny\u00edtja a l\u00e9ptem.<\/em><br><em>\u00c9rzem sz\u00edvem t\u00e1j\u00e1n \u00e1t<\/em><br><em>Daktiloszk\u00f3pi\u00e1j\u00e1t.<\/em><br><em>A sz\u00e9lben sz\u00e1ll, mint porszem,<\/em><br><em>Minden\u00fctt van, s sehol sem.<\/em><br><em>Ha majd lehull az est r\u00e1m,<\/em><br><em>\u0150 f\u00fajja el a gyerty\u00e1m.<\/em><\/p>\n\n\n\n<p>Szinte gyermeteg sz\u00f6veg, de nagyon elgondolkodtat\u00f3, sz\u00e9p vers. Nem a vesztes\u00e9g\u00e9t siratja a k\u00f6lt\u0151, a halottakra val\u00f3 eml\u00e9kez\u00e9s ma is \u00e9rt\u00e9kes r\u00e9sze az \u00e9let\u00e9nek. Nemcsak im\u00e1dkozik \u00e9rt\u00fck, gondol r\u00e1juk, hanem olyan, mintha egy t\u00e1voli ismer\u0151ssel v\u00e1ltana levelet, aki nem Amerik\u00e1ba ment, hanem a t\u00falvil\u00e1gra, de az\u00e9rt \u00e9l\u0151 a kapcsolata vele. Az a rem\u00e9ny is megvan a versben, hogy a halottak im\u00e1dkozhatnak \u00e9rt\u00fcnk. \u00c9s akkor is vigy\u00e1znak r\u00e1nk, ha a p\u00e9ld\u00e1jukat hagyt\u00e1k r\u00e1nk, ha al\u00e1zatra, b\u00e1tors\u00e1gra tan\u00edtanak benn\u00fcnket.<\/p>\n\n\n\n<figure class=\"wp-block-image\"><a href=\"javascript:void(0);\"><img decoding=\"async\" src=\"https:\/\/www.magyarkurir.hu\/img1.php?id=91546&amp;v=1&amp;p=1&amp;img=c_398A0782.jpg\" alt=\"\"\/><\/a><\/figure>\n\n\n\n<p><strong>\u2013 Ha a term\u00e9szetes f\u00e1jdalom mellett belenyugszunk a szeretteink elveszt\u00e9s\u00e9be \u00e9s \u00fagy fogadjuk el azt, mint az \u00e9let t\u00f6rv\u00e9nyszer\u0171 rendj\u00e9t, akkor nagyon eleven kapcsolat lehet k\u00f6z\u00f6tt\u00fcnk?<\/strong><\/p>\n\n\n\n<p>\u2013 \u00cdgy van. \u00c9rezhetem, hogy nem vagyok magamra hagyva, odafigyelhetek azokra, akiket szeretek, akik m\u00e1r meghaltak, de hajdan meghozott d\u00f6nt\u00e9seikb\u0151l tanulhatok. Amikor l\u00e9nyeges k\u00e9rd\u00e9sek el\u0151tt \u00e1llok, felid\u00e9zhetem, hogy az ap\u00e1m hogyan cselekedett hasonl\u00f3 helyzetben, \u00e9s k\u00f6vethetem a p\u00e9ld\u00e1j\u00e1t. Er\u0151t mer\u00edthetek abb\u00f3l, hogy az \u00e9let megpr\u00f3b\u00e1ltat\u00e1sai nem t\u00f6rt\u00e9k \u00f6ssze \u0151t, hanem fel\u00e1llt, \u00e9s ment tov\u00e1bb. Nem kell a halottainkat h\u0151si p\u00e9ldak\u00e9pp\u00e9 emeln\u00fcnk, de a helyes cselekedeteikb\u0151l sokat tanulhatunk. Falu Tam\u00e1s egy Isten h\u00e1ta m\u00f6g\u00f6tti helyen \u00e9lt, \u00d3cs\u00e1n \u00e9s az&nbsp;<em>\u00d3csai temet\u0151<\/em>&nbsp;c\u00edm\u0171 vers\u00e9ben \u00edgy \u00edr:<\/p>\n\n\n\n<p>S\u00edrhelyem m\u00e1r meg van \u00e1sva<br>Az \u00f3csai temet\u0151ben,<br>A vonat a f\u00f6ldet r\u00e1zva<br>Majd nem messze robog t\u0151lem.<br>Lajosmizse, \u00d6rk\u00e9ny, Dabas<br>Lakosai itt utaznak,<br>J\u00f6n a vonat, benne utas<br>Lesz v\u00edg \u00e9s b\u00fas, szeg\u00e9ny s gazdag.<br>T\u00e1n egy k\u00f6lt\u0151 is lesz rajta,<br>Kit P\u00e1rizsba vinne v\u00e9re,<br>S ki nem jut el, csak Dabasra,<br>Esetleg Lajosmizs\u00e9re.<\/p>\n\n\n\n<p>\u00c9rdekes ez is. Az \u00e9let\u00fcnket \u00fagy m\u00e9rj\u00fck be, hogy ut\u00f3dainkra, \u00f6r\u00f6k\u00f6seinkre is gondolunk. Aki nem v\u00e1lik vil\u00e1gh\u00edr\u0171v\u00e9, az is megmarad azok eml\u00e9kezet\u00e9ben, akik szerett\u00e9k, esetleg azok\u00e9ban is, akik mint egyszer\u0171, de egyed\u00fcl\u00e1ll\u00f3 emberre eml\u00e9keznek r\u00e1.<\/p>\n\n\n\n<p>forr\u00e1s: <a href=\"https:\/\/www.magyarkurir.hu\/hirek\/mindenszentek-halottak-napja-falu-tamas-interju-jelenits-istvannal\" target=\"_blank\" rel=\"noreferrer noopener\">Magyar Kur\u00edr<\/a><\/p>\n","protected":false},"excerpt":{"rendered":"<p>Mindenszentek az \u00fcdv\u00f6z\u00fclt lelkek eml\u00e9knapja, a katolikus kereszt\u00e9ny vil\u00e1g november 1-j\u00e9n eml\u00e9kezik meg r\u00f3luk. November 2-a, halottak napja szint\u00e9n kereszt\u00e9ny \u00fcnnep az elhunyt, \u00fcdv\u00f6ss\u00e9get m\u00e9g el nem nyert, tiszt\u00edt\u00f3t\u0171zben l\u00e9v\u0151 h\u00edvek\u00e9rt. Jelenits Istv\u00e1n piarista szerzetessel, teol\u00f3gussal besz\u00e9lgett\u00fcnk.<\/p>\n","protected":false},"author":1,"featured_media":0,"comment_status":"closed","ping_status":"closed","sticky":false,"template":"","format":"standard","meta":{"footnotes":""},"categories":[1],"tags":[],"class_list":["post-1522","post","type-post","status-publish","format-standard","hentry","category-egyeb"],"_links":{"self":[{"href":"https:\/\/balatonkeresztur.plebania.hu\/index.php\/wp-json\/wp\/v2\/posts\/1522","targetHints":{"allow":["GET"]}}],"collection":[{"href":"https:\/\/balatonkeresztur.plebania.hu\/index.php\/wp-json\/wp\/v2\/posts"}],"about":[{"href":"https:\/\/balatonkeresztur.plebania.hu\/index.php\/wp-json\/wp\/v2\/types\/post"}],"author":[{"embeddable":true,"href":"https:\/\/balatonkeresztur.plebania.hu\/index.php\/wp-json\/wp\/v2\/users\/1"}],"replies":[{"embeddable":true,"href":"https:\/\/balatonkeresztur.plebania.hu\/index.php\/wp-json\/wp\/v2\/comments?post=1522"}],"version-history":[{"count":1,"href":"https:\/\/balatonkeresztur.plebania.hu\/index.php\/wp-json\/wp\/v2\/posts\/1522\/revisions"}],"predecessor-version":[{"id":1524,"href":"https:\/\/balatonkeresztur.plebania.hu\/index.php\/wp-json\/wp\/v2\/posts\/1522\/revisions\/1524"}],"wp:attachment":[{"href":"https:\/\/balatonkeresztur.plebania.hu\/index.php\/wp-json\/wp\/v2\/media?parent=1522"}],"wp:term":[{"taxonomy":"category","embeddable":true,"href":"https:\/\/balatonkeresztur.plebania.hu\/index.php\/wp-json\/wp\/v2\/categories?post=1522"},{"taxonomy":"post_tag","embeddable":true,"href":"https:\/\/balatonkeresztur.plebania.hu\/index.php\/wp-json\/wp\/v2\/tags?post=1522"}],"curies":[{"name":"wp","href":"https:\/\/api.w.org\/{rel}","templated":true}]}}