{"id":1519,"date":"2024-10-30T08:35:42","date_gmt":"2024-10-30T08:35:42","guid":{"rendered":"https:\/\/balatonkeresztur.plebania.hu\/?p=1519"},"modified":"2024-10-30T08:35:42","modified_gmt":"2024-10-30T08:35:42","slug":"korona","status":"publish","type":"post","link":"https:\/\/balatonkeresztur.plebania.hu\/index.php\/2024\/10\/30\/korona\/","title":{"rendered":"Korona"},"content":{"rendered":"\n<p>Okt\u00f3ber 28-\u00e1n pl\u00e9b\u00e1ni\u00e1nk adott otthont az esperesi ker\u00fclet \u0151szi koron\u00e1j\u00e1nak. <a href=\"https:\/\/lexikon.katolikus.hu\/E\/esperesi%20korona.html\" target=\"_blank\" rel=\"noreferrer noopener\"><strong>Esperesi korona<\/strong>,<em> esperesi gy\u0171l\u00e9s<\/em>: az esperess\u00e9g lelkip\u00e1sztorkod\u00f3 papjainak rendszeres \u00f6sszej\u00f6vetele, hagyom\u00e1nyos tov\u00e1bbk\u00e9pz\u00e9si forma.<\/a><\/p>\n\n\n\n<figure class=\"wp-block-image size-full is-resized\"><a href=\"https:\/\/photos.app.goo.gl\/46F6e4c53kWFhcdd8\" target=\"_blank\" rel=\"noreferrer noopener\"><img loading=\"lazy\" decoding=\"async\" width=\"2560\" height=\"1920\" src=\"https:\/\/balatonkeresztur.plebania.hu\/wp-content\/uploads\/2024\/10\/1730140726295-scaled.jpg\" alt=\"\" class=\"wp-image-1520\" style=\"width:577px;height:auto\" srcset=\"https:\/\/balatonkeresztur.plebania.hu\/wp-content\/uploads\/2024\/10\/1730140726295-scaled.jpg 2560w, https:\/\/balatonkeresztur.plebania.hu\/wp-content\/uploads\/2024\/10\/1730140726295-768x576.jpg 768w, https:\/\/balatonkeresztur.plebania.hu\/wp-content\/uploads\/2024\/10\/1730140726295-1536x1152.jpg 1536w, https:\/\/balatonkeresztur.plebania.hu\/wp-content\/uploads\/2024\/10\/1730140726295-2048x1536.jpg 2048w, https:\/\/balatonkeresztur.plebania.hu\/wp-content\/uploads\/2024\/10\/1730140726295-400x300.jpg 400w\" sizes=\"auto, (max-width: 2560px) 100vw, 2560px\" \/><\/a><\/figure>\n","protected":false},"excerpt":{"rendered":"<p>Okt\u00f3ber 28-\u00e1n pl\u00e9b\u00e1ni\u00e1nk adott otthont az esperesi ker\u00fclet \u0151szi koron\u00e1j\u00e1nak. Esperesi korona, esperesi gy\u0171l\u00e9s: az esperess\u00e9g lelkip\u00e1sztorkod\u00f3 papjainak rendszeres \u00f6sszej\u00f6vetele, hagyom\u00e1nyos tov\u00e1bbk\u00e9pz\u00e9si forma.<\/p>\n","protected":false},"author":1,"featured_media":0,"comment_status":"closed","ping_status":"open","sticky":false,"template":"","format":"standard","meta":{"footnotes":""},"categories":[1],"tags":[],"class_list":["post-1519","post","type-post","status-publish","format-standard","hentry","category-egyeb"],"_links":{"self":[{"href":"https:\/\/balatonkeresztur.plebania.hu\/index.php\/wp-json\/wp\/v2\/posts\/1519","targetHints":{"allow":["GET"]}}],"collection":[{"href":"https:\/\/balatonkeresztur.plebania.hu\/index.php\/wp-json\/wp\/v2\/posts"}],"about":[{"href":"https:\/\/balatonkeresztur.plebania.hu\/index.php\/wp-json\/wp\/v2\/types\/post"}],"author":[{"embeddable":true,"href":"https:\/\/balatonkeresztur.plebania.hu\/index.php\/wp-json\/wp\/v2\/users\/1"}],"replies":[{"embeddable":true,"href":"https:\/\/balatonkeresztur.plebania.hu\/index.php\/wp-json\/wp\/v2\/comments?post=1519"}],"version-history":[{"count":1,"href":"https:\/\/balatonkeresztur.plebania.hu\/index.php\/wp-json\/wp\/v2\/posts\/1519\/revisions"}],"predecessor-version":[{"id":1521,"href":"https:\/\/balatonkeresztur.plebania.hu\/index.php\/wp-json\/wp\/v2\/posts\/1519\/revisions\/1521"}],"wp:attachment":[{"href":"https:\/\/balatonkeresztur.plebania.hu\/index.php\/wp-json\/wp\/v2\/media?parent=1519"}],"wp:term":[{"taxonomy":"category","embeddable":true,"href":"https:\/\/balatonkeresztur.plebania.hu\/index.php\/wp-json\/wp\/v2\/categories?post=1519"},{"taxonomy":"post_tag","embeddable":true,"href":"https:\/\/balatonkeresztur.plebania.hu\/index.php\/wp-json\/wp\/v2\/tags?post=1519"}],"curies":[{"name":"wp","href":"https:\/\/api.w.org\/{rel}","templated":true}]}}