{"id":1514,"date":"2024-10-26T14:27:22","date_gmt":"2024-10-26T14:27:22","guid":{"rendered":"https:\/\/balatonkeresztur.plebania.hu\/?p=1514"},"modified":"2024-10-29T17:12:54","modified_gmt":"2024-10-29T17:12:54","slug":"egyhazmegyei-hittanverseny","status":"publish","type":"post","link":"https:\/\/balatonkeresztur.plebania.hu\/index.php\/2024\/10\/26\/egyhazmegyei-hittanverseny\/","title":{"rendered":"Egyh\u00e1zmegyei hittanverseny"},"content":{"rendered":"\n<p><strong>Egyh\u00e1zmegyei hittanverseny L\u00e1bodon &#8211; ,,Hit, rem\u00e9ny, szeretet!\u201d<\/strong><br>2024. okt\u00f3ber 26-\u00e1n rendezt\u00e9k meg hagyom\u00e1nyosan az egyh\u00e1zmegyei hittanversenyt L\u00e1bodon a K\u00f3tai Lajos \u00c1ltal\u00e1nos Iskol\u00e1ban, melyen els\u0151 alkalommal vett\u00fcnk r\u00e9szt. A hittanversenyre a Kaposv\u00e1ri Egyh\u00e1zmegye eg\u00e9sz ter\u00fclet\u00e9r\u0151l \u00e9rkeztek hittanos gyermekek, hogy r\u00e9szt vegyenek a megm\u00e9rettet\u00e9seken tud\u00e1spr\u00f3ba, rajz, valamint vers- \u00e9s pr\u00f3zamond\u00e1s kateg\u00f3ri\u00e1kban. A Balatonkereszt\u00fari Pl\u00e9b\u00e1ni\u00e1t 7 f\u0151 hittanos gyermek k\u00e9pviselte.<\/p>\n\n\n\n<p><\/p>\n\n\n\n<figure class=\"wp-block-image size-full is-resized\"><a href=\"https:\/\/photos.app.goo.gl\/WdgYeGbNwsTPm1ap7\" target=\"_blank\" rel=\"noreferrer noopener\"><img loading=\"lazy\" decoding=\"async\" width=\"2560\" height=\"1920\" src=\"https:\/\/balatonkeresztur.plebania.hu\/wp-content\/uploads\/2024\/10\/IMG_6260-scaled.jpg\" alt=\"\" class=\"wp-image-1515\" style=\"width:575px;height:auto\" srcset=\"https:\/\/balatonkeresztur.plebania.hu\/wp-content\/uploads\/2024\/10\/IMG_6260-scaled.jpg 2560w, https:\/\/balatonkeresztur.plebania.hu\/wp-content\/uploads\/2024\/10\/IMG_6260-768x576.jpg 768w, https:\/\/balatonkeresztur.plebania.hu\/wp-content\/uploads\/2024\/10\/IMG_6260-1536x1152.jpg 1536w, https:\/\/balatonkeresztur.plebania.hu\/wp-content\/uploads\/2024\/10\/IMG_6260-2048x1536.jpg 2048w, https:\/\/balatonkeresztur.plebania.hu\/wp-content\/uploads\/2024\/10\/IMG_6260-400x300.jpg 400w\" sizes=\"auto, (max-width: 2560px) 100vw, 2560px\" \/><\/a><\/figure>\n\n\n\n<!--more-->\n\n\n\n<p>A hittanverseny megnyit\u00f3ja a l\u00e1bodi m\u0171vel\u0151d\u00e9si h\u00e1zban volt, ahol f\u00e1nk \u00e9s meleg tea v\u00e1rt benn\u00fcnket \u00e9rkez\u00e9skor. A megnyit\u00f3n jelen volt f\u0151p\u00e1sztorunk Varga L\u00e1szl\u00f3 p\u00fcsp\u00f6k atya is, aki a verseny mott\u00f3j\u00e1hoz kapcsol\u00f3d\u00f3an a hitr\u0151l, rem\u00e9nyr\u0151l \u00e9s szeretetr\u0151l besz\u00e9lt. A megm\u00e9rettet\u00e9sek d\u00e9lel\u0151tt zajlottak az \u00e1ltal\u00e1nos iskola tantermeiben. Miut\u00e1n v\u00e9get \u00e9rtek a versenysz\u00e1mok, spagettit eb\u00e9delt\u00fcnk \u00e9s a helyi cukr\u00e1szd\u00e1ban desszertk\u00e9nt s\u00fctem\u00e9nyt \u00e9s fagylaltot fogyasztottunk. A d\u00e9lut\u00e1n folyam\u00e1n a verseny t\u00e9m\u00e1j\u00e1hoz kapcsol\u00f3d\u00f3an egy meghat\u00f3 \u00e9s tartalmas el\u0151ad\u00e1son vett\u00fcnk r\u00e9szt a Szepl\u0151telen Fogantat\u00e1s templomban, majd ezt k\u00f6vet\u0151en v\u00e1rtuk az eredm\u00e9nyhirdet\u00e9st.<\/p>\n\n\n\n<p>A pl\u00e9b\u00e1nia hittanosai tud\u00e1spr\u00f3ba, rajz, \u00e9s vers-pr\u00f3zamond\u00e1s kateg\u00f3ri\u00e1ban is elindultak. A tud\u00e1spr\u00f3ba kateg\u00f3ri\u00e1ban egy 3. helyez\u00e9st \u00e9rt\u00fcnk el, a rajzversenyen 2 k\u00fcl\u00f6nd\u00edjat, a vers-\u00e9s pr\u00f3za kateg\u00f3ri\u00e1ban 1 k\u00fcl\u00f6nd\u00edjat szerezt\u00fcnk.&nbsp;<\/p>\n\n\n\n<p>Nagyon b\u00fcszk\u00e9k vagyunk hittanos gyermekeinkre!<\/p>\n","protected":false},"excerpt":{"rendered":"<p>Egyh\u00e1zmegyei hittanverseny L\u00e1bodon &#8211; ,,Hit, rem\u00e9ny, szeretet!\u201d2024. okt\u00f3ber 26-\u00e1n rendezt\u00e9k meg hagyom\u00e1nyosan az egyh\u00e1zmegyei hittanversenyt L\u00e1bodon a K\u00f3tai Lajos \u00c1ltal\u00e1nos Iskol\u00e1ban, melyen els\u0151 alkalommal vett\u00fcnk r\u00e9szt. A hittanversenyre a Kaposv\u00e1ri Egyh\u00e1zmegye eg\u00e9sz ter\u00fclet\u00e9r\u0151l \u00e9rkeztek hittanos gyermekek, hogy r\u00e9szt vegyenek a &hellip; <a href=\"https:\/\/balatonkeresztur.plebania.hu\/index.php\/2024\/10\/26\/egyhazmegyei-hittanverseny\/\">Egy kattint\u00e1s ide a folytat\u00e1shoz&#8230;. <span class=\"meta-nav\">&rarr;<\/span><\/a><\/p>\n","protected":false},"author":1,"featured_media":0,"comment_status":"closed","ping_status":"open","sticky":false,"template":"","format":"standard","meta":{"footnotes":""},"categories":[1],"tags":[],"class_list":["post-1514","post","type-post","status-publish","format-standard","hentry","category-egyeb"],"_links":{"self":[{"href":"https:\/\/balatonkeresztur.plebania.hu\/index.php\/wp-json\/wp\/v2\/posts\/1514","targetHints":{"allow":["GET"]}}],"collection":[{"href":"https:\/\/balatonkeresztur.plebania.hu\/index.php\/wp-json\/wp\/v2\/posts"}],"about":[{"href":"https:\/\/balatonkeresztur.plebania.hu\/index.php\/wp-json\/wp\/v2\/types\/post"}],"author":[{"embeddable":true,"href":"https:\/\/balatonkeresztur.plebania.hu\/index.php\/wp-json\/wp\/v2\/users\/1"}],"replies":[{"embeddable":true,"href":"https:\/\/balatonkeresztur.plebania.hu\/index.php\/wp-json\/wp\/v2\/comments?post=1514"}],"version-history":[{"count":3,"href":"https:\/\/balatonkeresztur.plebania.hu\/index.php\/wp-json\/wp\/v2\/posts\/1514\/revisions"}],"predecessor-version":[{"id":1518,"href":"https:\/\/balatonkeresztur.plebania.hu\/index.php\/wp-json\/wp\/v2\/posts\/1514\/revisions\/1518"}],"wp:attachment":[{"href":"https:\/\/balatonkeresztur.plebania.hu\/index.php\/wp-json\/wp\/v2\/media?parent=1514"}],"wp:term":[{"taxonomy":"category","embeddable":true,"href":"https:\/\/balatonkeresztur.plebania.hu\/index.php\/wp-json\/wp\/v2\/categories?post=1514"},{"taxonomy":"post_tag","embeddable":true,"href":"https:\/\/balatonkeresztur.plebania.hu\/index.php\/wp-json\/wp\/v2\/tags?post=1514"}],"curies":[{"name":"wp","href":"https:\/\/api.w.org\/{rel}","templated":true}]}}