{"id":151,"date":"2018-11-18T10:39:16","date_gmt":"2018-11-18T10:39:16","guid":{"rendered":"http:\/\/balatonkeresztur.plebania.hu\/?p=151"},"modified":"2018-11-17T17:40:08","modified_gmt":"2018-11-17T17:40:08","slug":"a-magyar-katolikus-puspoki-konferencia-korlevele-arpad-hazi-szent-erzsebet-unnepere","status":"publish","type":"post","link":"https:\/\/balatonkeresztur.plebania.hu\/index.php\/2018\/11\/18\/a-magyar-katolikus-puspoki-konferencia-korlevele-arpad-hazi-szent-erzsebet-unnepere\/","title":{"rendered":"A Magyar Katolikus P\u00fcsp\u00f6ki Konferencia k\u00f6rlevele \u00c1rp\u00e1d-h\u00e1zi Szent Erzs\u00e9bet \u00fcnnep\u00e9re"},"content":{"rendered":"<p>Kedves Testv\u00e9rek!<\/p>\n<p>\u00c1rp\u00e1d-h\u00e1zi Szent Erzs\u00e9bet \u00fcnnepe minden esztend\u0151ben el\u00e9nk \u00e1ll\u00edtja a magyar kir\u00e1lyl\u00e1ny p\u00e9ld\u00e1j\u00e1t, akit a felebar\u00e1ti szeretet szentjek\u00e9nt ismert meg az eg\u00e9sz vil\u00e1g. Ez az \u00fcnnep szembes\u00edt minket azzal is, hogy b\u00e1r mind\u00f6ssze 24 \u00e9vet \u00e9lt, sz\u00e1m\u00e1ra ennyi id\u0151 elegend\u0151nek bizonyult ahhoz, hogy meg\u00e9rtse \u00e9s tettekre v\u00e1ltsa az evang\u00e9lium tan\u00edt\u00e1s\u00e1t.<!--more--><\/p>\n<p>Mi volt a titka? Els\u0151sorban az, hogy l\u00e9lekben azonosulni tudott az \u00dar J\u00e9zussal \u00e9s \u00edgy \u00e9letre v\u00e1ltotta a Mester utols\u00f3 \u00edt\u00e9letr\u0151l sz\u00f3l\u00f3 szavait: <em>\u201eAmit e legkisebb testv\u00e9reim k\u00f6z\u00fcl eggyel is tettetek, velem tett\u00e9tek\u201d<\/em> (Mt 25,40). Amikor a szeg\u00e9nys\u00e9g keresztj\u00e9t hordoz\u00f3kkal tal\u00e1lkozott, felismerte benn\u00fck a szenved\u0151, keresztj\u00e9t hordoz\u00f3 Krisztust. Amikor az \u00e9hez\u0151knek enni, a szomjaz\u00f3knak inni adott, amikor a hajl\u00e9ktalanokat befogadta, a ruh\u00e1tlanokat fel\u00f6lt\u00f6ztette, a betegeket \u00e1polta, a szomor\u00faakat vigasztalta, nemcsak a sz\u00fcks\u00e9get szenved\u0151 embereket, hanem a vel\u00fck k\u00f6z\u00f6ss\u00e9get v\u00e1llal\u00f3 Isten Fi\u00e1t is szolg\u00e1lta.<\/p>\n<p>Erzs\u00e9betnek eg\u00e9sz \u00e9lete istenszolg\u00e1lat volt. \u00dagy \u00e9lt, hogy nemcsak csal\u00e1dj\u00e1ra, szeretett f\u00e9rj\u00e9re \u00e9s a gyermekeire tudott gondolni, hanem azokra az ismeretlen szeg\u00e9nyekre is, akikkel maga Krisztus f\u0171zte testv\u00e9ri k\u00f6tel\u00e9kbe. Ez az Istenre \u00e9s minden emberre ki\u00e1rad\u00f3 szeretet tette k\u00e9pess\u00e9 arra, hogy nemcsak szeretve \u00e9s m\u00e1sokt\u00f3l k\u00f6r\u00fclrajongva, hanem ellensz\u00e9lben \u00e9s mag\u00e1ra maradva is megval\u00f3s\u00edtsa \u00e9lete jelmondat\u00e1t: <em>\u201eTegy\u00e9tek boldogg\u00e1 az embereket!\u201d<\/em>. Ez a szeretet egyfajta \u00e1lland\u00f3 der\u0171vel v\u00e9rtezte fel \u0151t. Nem v\u00e9letlen, hogy hal\u00e1los \u00e1gy\u00e1n azt mondta egyik szolg\u00e1l\u00f3l\u00e1ny\u00e1nak: <em>\u201eTudd meg, hogy nagyon boldog voltam&#8230;\u201d<\/em><\/p>\n<p>\u00c1rp\u00e1d-h\u00e1zi Szent Erzs\u00e9bet \u00e9lete p\u00e9lda sz\u00e1munkra mind a csal\u00e1di, mind pedig a szolg\u00e1l\u00f3 szeretetben. \u00c9lete olyan nagy hat\u00e1ssal volt kort\u00e1rsaira, hogy hal\u00e1la ut\u00e1n n\u00e9gy \u00e9vvel, 1235-ben szentt\u00e9 avatta az egyh\u00e1z \u00e9s ma is \u0151 a legismertebb magyar szent a vil\u00e1gon.<\/p>\n<p>Szent Erzs\u00e9bet \u00e9lete ma is p\u00e9lda mindannyiunk sz\u00e1m\u00e1ra: im\u00e1ds\u00e1gban elt\u00f6lt\u00f6tt perceink, vezekl\u00e9seink, kereszthordoz\u00e1saink csak\u00fagy, mint csal\u00e1di \u00e9let\u00fcnk \u00e9s pihen\u00e9ssel elt\u00f6lt\u00f6tt id\u0151nk mind-mind kedvesek lehetnek az \u00darnak, ha benn\u00fcnk \u00e9l az \u0150 szeretete.<\/p>\n<p>Amikor Szentaty\u00e1nk, Ferenc p\u00e1pa az elm\u00falt \u00e9vben el\u0151sz\u00f6r hirdette meg a szeg\u00e9nyek vil\u00e1gnapj\u00e1t, az a c\u00e9l vezette, hogy felr\u00e1zza a kereszt\u00e9ny k\u00f6z\u00f6ss\u00e9gek lelkiismeret\u00e9t \u00e9s \u00f6szt\u00f6n\u00f6zze \u0151ket a szeretet cselekedeteinek gyakorl\u00e1s\u00e1ra, hogy Krisztus szeretet\u00e9nek besz\u00e9des jelei legyenek nemcsak a r\u00e1szorul\u00f3k, hanem az eg\u00e9sz vil\u00e1g sz\u00e1m\u00e1ra. A szent\u00e9let\u0171 p\u00e1p\u00e1nak, VI. P\u00e1lnak 1967-ben megfogalmazott int\u00e9se pedig napjainkban \u2013 amikor nyugati kult\u00far\u00e1nkban t\u00f6bben halnak meg t\u00falt\u00e1pl\u00e1lts\u00e1g, mint \u00e9hez\u00e9s k\u00f6vetkezt\u00e9ben \u2013 k\u00fcl\u00f6n\u00f6sen is aktu\u00e1lis: <em>\u201eK\u00f6ztudom\u00e1s\u00fa, milyen szigor\u00fa szabatoss\u00e1ggal fogalmazt\u00e1k meg az egyh\u00e1zaty\u00e1k a gazdagok k\u00f6teless\u00e9geit a szeg\u00e9nyek ir\u00e1nt: \u00bbAmit a szeg\u00e9nynek adsz, nem a magad\u00e9b\u00f3l adod &#8211; mondja Szent Ambrus, csak azt adod vissza, ami az \u00f6v\u00e9k. Hiszen azt foglalod le magadnak, ami mindenki k\u00f6z\u00f6s haszn\u00e1lat\u00e1ra adatott. A f\u00f6ld mindenki\u00e9, nem a gazdagok\u00e9\u00ab. Vagyis a mag\u00e1ntulajdon senki sz\u00e1m\u00e1ra sem k\u00e9pez abszol\u00fat \u00e9s felt\u00e9tel n\u00e9lk\u00fcli jogot. Senkinek sem szabad a maga kiz\u00e1r\u00f3lagos haszn\u00e1lat\u00e1ra fenntartania sz\u00fcks\u00e9gleteit meghalad\u00f3 javakat akkor, amikor a t\u00f6bbiek m\u00e9g a sz\u00fcks\u00e9ges l\u00e9tminimummal sem rendelkeznek\u201d<\/em> (Populorum Progressio, 23).<\/p>\n<p>Ez\u00e9rt most mi is bizalommal fordulunk kereszt\u00e9ny h\u00edv\u0151 testv\u00e9reinkhez, hogy november 25-\u00e9n, vas\u00e1rnap adom\u00e1nyaikkal seg\u00edts\u00e9k Egyh\u00e1zunk karitat\u00edv munk\u00e1j\u00e1t. Emellett a Karit\u00e1sz az idei esztend\u0151ben is elind\u00edtja adventi seg\u00e9lyprogramj\u00e1t <em>\u201eT\u00e1rj\u00e1tok ki a sz\u00edveteket\u201d <\/em>c\u00edmmel, amelynek keret\u00e9ben a Karit\u00e1sz kar\u00e1csonyi \u00e9s t\u00e9li kr\u00edzishelyzeti tev\u00e9kenys\u00e9g\u00e9hez lehet csatlakozni a seg\u00e9lyakci\u00f3k t\u00e1mogat\u00e1s\u00e1val, valamint az 1356-os adom\u00e1nyvonal felh\u00edv\u00e1s\u00e1val.<\/p>\n<p>Egy\u00fattal megk\u00f6sz\u00f6nj\u00fck a k\u00f6zel t\u00edzezer \u00f6nk\u00e9ntes \u00e1ldozatos munk\u00e1j\u00e1t, amelyet az egyh\u00e1zmegy\u00e9k karit\u00e1szcsoportjaiban haz\u00e1nk mintegy 800 telep\u00fcl\u00e9s\u00e9n v\u00e9geznek. Ezt a nagy kih\u00edv\u00e1st jelent\u0151 szolg\u00e1latot jelent\u0151sen seg\u00edtette az elm\u00falt \u00e9vekben a kedves testv\u00e9rek templomi adom\u00e1nygy\u0171jt\u00e9sek alkalm\u00e1val ny\u00fajtott nagylelk\u0171 t\u00e1mogat\u00e1sa.<\/p>\n<p>Sz\u00edvb\u0151l k\u00edv\u00e1njuk, hogy minden kereszt\u00e9ny testv\u00e9r\u00fcnk min\u00e9l gyakrabban tapasztalhassa meg \u00e9let\u00e9ben azt a lelki \u00e9lm\u00e9nyt, amelyet \u00edgy szoktunk megfogalmazni: \u201ej\u00f3t tenni j\u00f3\u201d, amikor is sz\u00edv\u00fcnk m\u00e9ly\u00e9n meghalljuk az Atya szav\u00e1t: <em>\u201eJ\u00f3l van, te h\u0171s\u00e9ges, der\u00e9k szolga&#8230;\u201d<\/em> (Mt 25,21). De esz\u00fckbe juthatnak J\u00e9zus szavai is, amelyeket P\u00e1l apostol id\u00e9z: <em>\u201eNagyobb boldogs\u00e1g adni, mint kapni\u201d<\/em> (ApCsel 20,35).<\/p>\n<p>\u00c1rp\u00e1d-h\u00e1zi Szent Erzs\u00e9bet mennyei k\u00f6zbenj\u00e1r\u00e1sa is seg\u00edtsen mindannyiunkat a j\u00f3cselekedetekben \u00e9s a j\u00f3ban val\u00f3 megmarad\u00e1sban.<\/p>\n<p>Budapest, 2018. november 11.<\/p>\n<p>Magyar Katolikus P\u00fcsp\u00f6ki Konferencia<\/p>\n<p>forr\u00e1s: <a href=\"http:\/\/www.magyarkurir.hu\/hirek\/a-magyar-katolikus-puspoki-konferencia-korlevele-arpad-hazi-szent-erzsebet-unnepere\" target=\"_blank\" rel=\"noopener\">Magyar Kur\u00edr<\/a><\/p>\n","protected":false},"excerpt":{"rendered":"<p>Kedves Testv\u00e9rek! \u00c1rp\u00e1d-h\u00e1zi Szent Erzs\u00e9bet \u00fcnnepe minden esztend\u0151ben el\u00e9nk \u00e1ll\u00edtja a magyar kir\u00e1lyl\u00e1ny p\u00e9ld\u00e1j\u00e1t, akit a felebar\u00e1ti szeretet szentjek\u00e9nt ismert meg az eg\u00e9sz vil\u00e1g. Ez az \u00fcnnep szembes\u00edt minket azzal is, hogy b\u00e1r mind\u00f6ssze 24 \u00e9vet \u00e9lt, sz\u00e1m\u00e1ra ennyi id\u0151 &hellip; <a href=\"https:\/\/balatonkeresztur.plebania.hu\/index.php\/2018\/11\/18\/a-magyar-katolikus-puspoki-konferencia-korlevele-arpad-hazi-szent-erzsebet-unnepere\/\">Egy kattint\u00e1s ide a folytat\u00e1shoz&#8230;. <span class=\"meta-nav\">&rarr;<\/span><\/a><\/p>\n","protected":false},"author":1,"featured_media":0,"comment_status":"closed","ping_status":"open","sticky":false,"template":"","format":"standard","meta":{"footnotes":""},"categories":[1],"tags":[],"class_list":["post-151","post","type-post","status-publish","format-standard","hentry","category-egyeb"],"_links":{"self":[{"href":"https:\/\/balatonkeresztur.plebania.hu\/index.php\/wp-json\/wp\/v2\/posts\/151","targetHints":{"allow":["GET"]}}],"collection":[{"href":"https:\/\/balatonkeresztur.plebania.hu\/index.php\/wp-json\/wp\/v2\/posts"}],"about":[{"href":"https:\/\/balatonkeresztur.plebania.hu\/index.php\/wp-json\/wp\/v2\/types\/post"}],"author":[{"embeddable":true,"href":"https:\/\/balatonkeresztur.plebania.hu\/index.php\/wp-json\/wp\/v2\/users\/1"}],"replies":[{"embeddable":true,"href":"https:\/\/balatonkeresztur.plebania.hu\/index.php\/wp-json\/wp\/v2\/comments?post=151"}],"version-history":[{"count":1,"href":"https:\/\/balatonkeresztur.plebania.hu\/index.php\/wp-json\/wp\/v2\/posts\/151\/revisions"}],"predecessor-version":[{"id":152,"href":"https:\/\/balatonkeresztur.plebania.hu\/index.php\/wp-json\/wp\/v2\/posts\/151\/revisions\/152"}],"wp:attachment":[{"href":"https:\/\/balatonkeresztur.plebania.hu\/index.php\/wp-json\/wp\/v2\/media?parent=151"}],"wp:term":[{"taxonomy":"category","embeddable":true,"href":"https:\/\/balatonkeresztur.plebania.hu\/index.php\/wp-json\/wp\/v2\/categories?post=151"},{"taxonomy":"post_tag","embeddable":true,"href":"https:\/\/balatonkeresztur.plebania.hu\/index.php\/wp-json\/wp\/v2\/tags?post=151"}],"curies":[{"name":"wp","href":"https:\/\/api.w.org\/{rel}","templated":true}]}}