{"id":1503,"date":"2024-09-20T06:25:23","date_gmt":"2024-09-20T06:25:23","guid":{"rendered":"https:\/\/balatonkeresztur.plebania.hu\/?p=1503"},"modified":"2024-09-20T06:26:28","modified_gmt":"2024-09-20T06:26:28","slug":"karitasz-lelki-nap-7","status":"publish","type":"post","link":"https:\/\/balatonkeresztur.plebania.hu\/index.php\/2024\/09\/20\/karitasz-lelki-nap-7\/","title":{"rendered":"Karit\u00e1sz lelki nap"},"content":{"rendered":"\n<figure class=\"wp-block-image size-full is-resized\"><img loading=\"lazy\" decoding=\"async\" width=\"824\" height=\"320\" src=\"https:\/\/balatonkeresztur.plebania.hu\/wp-content\/uploads\/2024\/09\/karitasz.jpg\" alt=\"\" class=\"wp-image-1504\" style=\"width:558px;height:auto\" srcset=\"https:\/\/balatonkeresztur.plebania.hu\/wp-content\/uploads\/2024\/09\/karitasz.jpg 824w, https:\/\/balatonkeresztur.plebania.hu\/wp-content\/uploads\/2024\/09\/karitasz-768x298.jpg 768w, https:\/\/balatonkeresztur.plebania.hu\/wp-content\/uploads\/2024\/09\/karitasz-500x194.jpg 500w\" sizes=\"auto, (max-width: 824px) 100vw, 824px\" \/><\/figure>\n\n\n\n<p><strong><em>Szeretettel h\u00edvunk mindenkit 2024. okt\u00f3ber 12<\/em><\/strong>-\u00e9n szombaton a hagyom\u00e1nyosan &nbsp;megszervez\u00e9sre ker\u00fcl\u0151 \u0151szi lelki napunkra, amelyet Szent Fausztina \u00fcnnepe alkalm\u00e1b\u00f3l <strong><em>Balatonkereszt\u00faron a&nbsp; Szent Kereszt<\/em><\/strong> <strong><em>Felmagasztal\u00e1sa<\/em><\/strong> <strong><em>templomban<\/em><\/strong> <strong><em>tartunk<\/em><\/strong><em>.<\/em><\/p>\n\n\n\n<!--more-->\n\n\n\n<p><em>Id\u00e9n \u00fcnnepelj\u00fck egyben Pl\u00e9b\u00e1niai Karit\u00e1sz Csoportunk megalakul\u00e1s\u00e1nak 5. \u00e9vfordul\u00f3j\u00e1t is, ez\u00e9rt kiemelt alkalom ez sz\u00e1munkra a lelki \u00e9p\u00fcl\u00e9sre.<\/em><\/p>\n\n\n\n<p>A lelkinap programja:<\/p>\n\n\n\n<ul class=\"wp-block-list\">\n<li><strong><em>13.30 K\u00f6sz\u00f6nt\u0151 (Feket\u00e9n\u00e9 Szab\u00f3 M\u00e1rta Kaposv\u00e1ri egyh\u00e1zmegyei Karit\u00e1sz Igazgat\u00f3ja), irgalmass\u00e1g ima\u00f3ra, szents\u00e9gim\u00e1d\u00e1s<\/em><\/strong><\/li>\n\n\n\n<li><strong><em>ezt k\u00f6vet\u0151en sz\u00fcnet, k\u00f6zben gy\u00f3n\u00e1si lehet\u0151s\u00e9g a vend\u00e9g aty\u00e1k seg\u00edts\u00e9g\u00e9vel<\/em><\/strong><\/li>\n\n\n\n<li><strong><em>15.00 Szentmise lelki napos elm\u00e9lked\u00e9ssel a Szent Fausztina \u00fcnnepe alkalm\u00e1b\u00f3l<\/em><\/strong><\/li>\n\n\n\n<li><strong><em>ezt k\u00f6vet\u0151en agap\u00e9, k\u00f6tetlen besz\u00e9lget\u00e9s a Szent Istv\u00e1n h\u00e1zban (Balatonkereszt\u00far, Kossuth u. 2.)<\/em><\/strong><\/li>\n<\/ul>\n\n\n\n<p><strong><em>A lelkinapot Mezei Andr\u00e1s, a Keszthelyi Karmelita templom pl\u00e9b\u00e1nosa tartja.<\/em><\/strong><\/p>\n\n\n\n<p>Mindenkit szeretettel v\u00e1runk egy tartalmas lelki felt\u00f6lt\u0151d\u00e9sre!<\/p>\n\n\n\n<p class=\"has-text-align-right\">Balatonkereszt\u00fari Karit\u00e1sz Csoport<\/p>\n\n\n\n<p>a lelkinap plak\u00e1tja <a href=\"http:\/\/balatonkeresztur.plebania.hu\/wp-content\/uploads\/2024\/09\/oszi-lelki-nap-meghivo-2024.-.pdf\" target=\"_blank\" rel=\"noreferrer noopener\">innen <\/a>let\u00f6lthet\u0151<\/p>\n","protected":false},"excerpt":{"rendered":"<p>Szeretettel h\u00edvunk mindenkit 2024. okt\u00f3ber 12-\u00e9n szombaton a hagyom\u00e1nyosan &nbsp;megszervez\u00e9sre ker\u00fcl\u0151 \u0151szi lelki napunkra, amelyet Szent Fausztina \u00fcnnepe alkalm\u00e1b\u00f3l Balatonkereszt\u00faron a&nbsp; Szent Kereszt Felmagasztal\u00e1sa templomban tartunk.<\/p>\n","protected":false},"author":1,"featured_media":0,"comment_status":"closed","ping_status":"open","sticky":false,"template":"","format":"standard","meta":{"footnotes":""},"categories":[1],"tags":[],"class_list":["post-1503","post","type-post","status-publish","format-standard","hentry","category-egyeb"],"_links":{"self":[{"href":"https:\/\/balatonkeresztur.plebania.hu\/index.php\/wp-json\/wp\/v2\/posts\/1503","targetHints":{"allow":["GET"]}}],"collection":[{"href":"https:\/\/balatonkeresztur.plebania.hu\/index.php\/wp-json\/wp\/v2\/posts"}],"about":[{"href":"https:\/\/balatonkeresztur.plebania.hu\/index.php\/wp-json\/wp\/v2\/types\/post"}],"author":[{"embeddable":true,"href":"https:\/\/balatonkeresztur.plebania.hu\/index.php\/wp-json\/wp\/v2\/users\/1"}],"replies":[{"embeddable":true,"href":"https:\/\/balatonkeresztur.plebania.hu\/index.php\/wp-json\/wp\/v2\/comments?post=1503"}],"version-history":[{"count":2,"href":"https:\/\/balatonkeresztur.plebania.hu\/index.php\/wp-json\/wp\/v2\/posts\/1503\/revisions"}],"predecessor-version":[{"id":1507,"href":"https:\/\/balatonkeresztur.plebania.hu\/index.php\/wp-json\/wp\/v2\/posts\/1503\/revisions\/1507"}],"wp:attachment":[{"href":"https:\/\/balatonkeresztur.plebania.hu\/index.php\/wp-json\/wp\/v2\/media?parent=1503"}],"wp:term":[{"taxonomy":"category","embeddable":true,"href":"https:\/\/balatonkeresztur.plebania.hu\/index.php\/wp-json\/wp\/v2\/categories?post=1503"},{"taxonomy":"post_tag","embeddable":true,"href":"https:\/\/balatonkeresztur.plebania.hu\/index.php\/wp-json\/wp\/v2\/tags?post=1503"}],"curies":[{"name":"wp","href":"https:\/\/api.w.org\/{rel}","templated":true}]}}