{"id":1499,"date":"2024-09-14T09:30:28","date_gmt":"2024-09-14T09:30:28","guid":{"rendered":"https:\/\/balatonkeresztur.plebania.hu\/?p=1499"},"modified":"2024-09-14T09:34:19","modified_gmt":"2024-09-14T09:34:19","slug":"szent-kereszt-felmagasztalasara","status":"publish","type":"post","link":"https:\/\/balatonkeresztur.plebania.hu\/index.php\/2024\/09\/14\/szent-kereszt-felmagasztalasara\/","title":{"rendered":"Szent Kereszt Felmagasztal\u00e1s\u00e1ra"},"content":{"rendered":"\n<figure class=\"wp-block-image size-full is-resized\"><img loading=\"lazy\" decoding=\"async\" width=\"600\" height=\"600\" src=\"http:\/\/balatonkeresztur.plebania.hu\/wp-content\/uploads\/2024\/09\/kereszt-sziv-matrica-600x600-1.jpg\" alt=\"\" class=\"wp-image-1500\" style=\"width:585px;height:auto\" srcset=\"https:\/\/balatonkeresztur.plebania.hu\/wp-content\/uploads\/2024\/09\/kereszt-sziv-matrica-600x600-1.jpg 600w, https:\/\/balatonkeresztur.plebania.hu\/wp-content\/uploads\/2024\/09\/kereszt-sziv-matrica-600x600-1-150x150.jpg 150w, https:\/\/balatonkeresztur.plebania.hu\/wp-content\/uploads\/2024\/09\/kereszt-sziv-matrica-600x600-1-300x300.jpg 300w\" sizes=\"auto, (max-width: 600px) 100vw, 600px\" \/><\/figure>\n\n\n\n<p><strong>Lackfi J\u00e1nos: A kereszt f\u00e1j\u00e1b\u00f3l<\/strong><br><\/p>\n\n\n\n<p>A kereszt f\u00e1j\u00e1b\u00f3l ajt\u00f3 k\u00e9sz\u00fcl,<br>melyen \u00e1t bel\u00e9phet\u00fcnk<br>a szentek szentj\u00e9be,<br>ami ugyanaz, mint bar\u00e1tunk sz\u00edve,<br>ami ugyanaz, mint a vil\u00e1g k\u00f6z\u00e9ppontja,<br>s aki az ajt\u00f3n j\u00f6n, az nem tolvaj,<br>hanem a v\u0151leg\u00e9ny vend\u00e9ge.<\/p>\n\n\n\n<!--more-->\n\n\n\n<p>A kereszt f\u00e1j\u00e1b\u00f3l asztalt \u00e1csoltak,<br>hogy a mi Urunk megt\u00f6rt test\u00e9t ehess\u00fck<br>\u00e9s kifolyt v\u00e9r\u00e9t ihassuk, mindig ugyanazon<br>a lakom\u00e1n, \u00e9s mindig m\u00e1sik lakom\u00e1n,<br>mely ism\u00e9tl\u0151dik \u00e9s sohasem v\u00e1ltozik,<br>mely helyettes\u00edti az \u00e1ldozatot<br>\u00e9s egyben maga az \u00e1ldozat.<br>A kereszt f\u00e1j\u00e1b\u00f3l b\u00f6lcs\u0151t faragnak,<br>melybe \u00fajj\u00e1sz\u00fcletve belefekhet\u00fcnk,<br>\u00e9s v\u00e9gig\u00e9lhetj\u00fck megint az \u00e9let\u00fcnket,<br>de a rajtunk esett sebeket mennyei orvosunk<br>begy\u00f3gy\u00edtja, az els\u0151t\u0151l az utols\u00f3ig.<br>A kereszt f\u00e1j\u00e1b\u00f3l b\u00e1rka k\u00e9sz\u00fcl,<br>hogy ne rostokoljunk b\u00e9k\u00e9n a parton,<br>hogy ne kotoljunk a bab\u00e9rainkon,<br>ne pr\u00f3b\u00e1ljuk kik\u00f6lteni Kolumbusz toj\u00e1s\u00e1t,<br>hanem v\u00e1gjunk neki az ismeretlennek,<br>pont mint Kolumbusz, \u00e9s m\u00e9g a haj\u00f3b\u00f3l<br>v\u00edzre kil\u00e9pni se \u00e1talljunk.<br>A kereszt f\u00e1j\u00e1b\u00f3l kopors\u00f3 k\u00e9sz\u00fcl,<br>mely b\u00f6lcs\u0151 is egyben, f\u00f6ldi test\u00fcnk<br>\u00e1tadja a rothad\u00e1snak, \u00e9gi test\u00fcnket<br>t\u00e1lc\u00e1n k\u00edn\u00e1lja az \u00e9letnek,<br>furcsa f\u0151\u00e9tel \u00e9s furcsa k\u00f6ret.<br>A kereszt f\u00e1j\u00e1b\u00f3l kocsi k\u00e9sz\u00fcl,<br>melyre fel\u00fclve Ill\u00e9ssel mennybe vitet\u00fcnk,<br>mert rep\u00fcl\u0151n minden mamlasz<br>k\u00e9pes leveg\u0151be emelkedni,<br>de szek\u00e9ren csak azok, akiknek neve<br>be van \u00edrva az \u00e9gi utaslist\u00e1ba,<br>az \u00e9l\u0151k k\u00f6nyv\u00e9be.<\/p>\n\n\n\n<figure class=\"wp-block-embed is-type-video is-provider-youtube wp-block-embed-youtube wp-embed-aspect-16-9 wp-has-aspect-ratio\"><div class=\"wp-block-embed__wrapper\">\n<iframe loading=\"lazy\" title=\"A Szent Kereszt felmagasztal\u00e1sa\" width=\"584\" height=\"329\" src=\"https:\/\/www.youtube.com\/embed\/-ZyQOfViXnM?feature=oembed\" frameborder=\"0\" allow=\"accelerometer; autoplay; clipboard-write; encrypted-media; gyroscope; picture-in-picture; web-share\" referrerpolicy=\"strict-origin-when-cross-origin\" allowfullscreen><\/iframe>\n<\/div><\/figure>\n","protected":false},"excerpt":{"rendered":"<p>Lackfi J\u00e1nos: A kereszt f\u00e1j\u00e1b\u00f3l A kereszt f\u00e1j\u00e1b\u00f3l ajt\u00f3 k\u00e9sz\u00fcl,melyen \u00e1t bel\u00e9phet\u00fcnka szentek szentj\u00e9be,ami ugyanaz, mint bar\u00e1tunk sz\u00edve,ami ugyanaz, mint a vil\u00e1g k\u00f6z\u00e9ppontja,s aki az ajt\u00f3n j\u00f6n, az nem tolvaj,hanem a v\u0151leg\u00e9ny vend\u00e9ge.<\/p>\n","protected":false},"author":1,"featured_media":0,"comment_status":"closed","ping_status":"open","sticky":false,"template":"","format":"standard","meta":{"footnotes":""},"categories":[1],"tags":[],"class_list":["post-1499","post","type-post","status-publish","format-standard","hentry","category-egyeb"],"_links":{"self":[{"href":"https:\/\/balatonkeresztur.plebania.hu\/index.php\/wp-json\/wp\/v2\/posts\/1499","targetHints":{"allow":["GET"]}}],"collection":[{"href":"https:\/\/balatonkeresztur.plebania.hu\/index.php\/wp-json\/wp\/v2\/posts"}],"about":[{"href":"https:\/\/balatonkeresztur.plebania.hu\/index.php\/wp-json\/wp\/v2\/types\/post"}],"author":[{"embeddable":true,"href":"https:\/\/balatonkeresztur.plebania.hu\/index.php\/wp-json\/wp\/v2\/users\/1"}],"replies":[{"embeddable":true,"href":"https:\/\/balatonkeresztur.plebania.hu\/index.php\/wp-json\/wp\/v2\/comments?post=1499"}],"version-history":[{"count":2,"href":"https:\/\/balatonkeresztur.plebania.hu\/index.php\/wp-json\/wp\/v2\/posts\/1499\/revisions"}],"predecessor-version":[{"id":1502,"href":"https:\/\/balatonkeresztur.plebania.hu\/index.php\/wp-json\/wp\/v2\/posts\/1499\/revisions\/1502"}],"wp:attachment":[{"href":"https:\/\/balatonkeresztur.plebania.hu\/index.php\/wp-json\/wp\/v2\/media?parent=1499"}],"wp:term":[{"taxonomy":"category","embeddable":true,"href":"https:\/\/balatonkeresztur.plebania.hu\/index.php\/wp-json\/wp\/v2\/categories?post=1499"},{"taxonomy":"post_tag","embeddable":true,"href":"https:\/\/balatonkeresztur.plebania.hu\/index.php\/wp-json\/wp\/v2\/tags?post=1499"}],"curies":[{"name":"wp","href":"https:\/\/api.w.org\/{rel}","templated":true}]}}