{"id":1492,"date":"2024-09-01T01:32:05","date_gmt":"2024-09-01T01:32:05","guid":{"rendered":"https:\/\/balatonkeresztur.plebania.hu\/?p=1492"},"modified":"2024-08-30T15:32:49","modified_gmt":"2024-08-30T15:32:49","slug":"imadsag-a-tanev-elejen","status":"publish","type":"post","link":"https:\/\/balatonkeresztur.plebania.hu\/index.php\/2024\/09\/01\/imadsag-a-tanev-elejen\/","title":{"rendered":"IM\u00c1DS\u00c1G A TAN\u00c9V ELEJ\u00c9N"},"content":{"rendered":"\n<figure class=\"wp-block-image size-full is-resized\"><img loading=\"lazy\" decoding=\"async\" width=\"600\" height=\"580\" src=\"https:\/\/balatonkeresztur.plebania.hu\/wp-content\/uploads\/2024\/08\/konyv.jpg\" alt=\"\" class=\"wp-image-1493\" style=\"width:578px;height:auto\" srcset=\"https:\/\/balatonkeresztur.plebania.hu\/wp-content\/uploads\/2024\/08\/konyv.jpg 600w, https:\/\/balatonkeresztur.plebania.hu\/wp-content\/uploads\/2024\/08\/konyv-310x300.jpg 310w\" sizes=\"auto, (max-width: 600px) 100vw, 600px\" \/><\/figure>\n\n\n\n<p><strong>Im\u00e1ds\u00e1g di\u00e1koknak<\/strong><\/p>\n\n\n\n<!--more-->\n\n\n\n<p>Uram, ahogy k\u00e9sz\u00fcl\u00f6k az \u00faj tan\u00e9vre, t\u00e9gy engem k\u00e9ssz\u00e9, figyelmess\u00e9 \u00e9s nyitott\u00e1, hogy meghalljam hangodat! Engedd, hogy megtapasztaljam jelenl\u00e9tedet abban a sok \u00e1ld\u00e1sban, amit k\u00e9sz\u00edtesz sz\u00e1momra! K\u00f6sz\u00f6n\u00f6m, hogy minden nap azzal a bizonyoss\u00e1ggal kelhetek fel, hogy utamat Veled egy\u00fctt j\u00e1rhatom. K\u00f6sz\u00f6n\u00f6m a kreativit\u00e1s \u00e9s az egyedis\u00e9g aj\u00e1nd\u00e9k\u00e1t, \u00e9s az er\u0151t arra, hogy k\u00e9szs\u00e9geimet j\u00f3l haszn\u00e1ljam fel. Nyisd meg szememet \u00e9s adj b\u00e1tors\u00e1got az \u00faj kih\u00edv\u00e1sokhoz, izgalmas lehet\u0151s\u00e9gekhez, amelyeket az idei tan\u00e9v hoz! Seg\u00edts, hogy lelkes legyek tanulm\u00e1nyaimban! Mindent odahelyezek a Te kezedbe; azt, ami vagyok, amit a mai napon pr\u00f3b\u00e1lok megtenni, minden tal\u00e1lkoz\u00e1st, minden gondolatom, sikereim, neh\u00e9zs\u00e9geim \u00e9s kudarcaim egyar\u00e1nt. A munka, amit v\u00e9gzek \u00e9s ahogyan v\u00e9gzem adjon \u00faj rem\u00e9nyt, \u00faj \u00e9letet \u00e9s b\u00e1tors\u00e1got mindazoknak, akikkel kapcsolatba ker\u00fcl\u00f6k ebben a tan\u00e9vben. Add, hogy figyelmes legyek tan\u00e1raim fel\u00e9, \u00e9s engedd, hogy megtapasztaljam jelenl\u00e9tedet \u00faj \u00e9s r\u00e9gi bar\u00e1ts\u00e1gaimban. J\u00e9zus, \u00f6szt\u00f6n\u00f6zz arra, hogy a legjobbat hozzam ki magamb\u00f3l, \u00e9s munk\u00e1m a Te dics\u0151s\u00e9gedre legyen! \u00c1men.<\/p>\n","protected":false},"excerpt":{"rendered":"<p>Im\u00e1ds\u00e1g di\u00e1koknak<\/p>\n","protected":false},"author":1,"featured_media":0,"comment_status":"closed","ping_status":"open","sticky":false,"template":"","format":"standard","meta":{"footnotes":""},"categories":[1],"tags":[],"class_list":["post-1492","post","type-post","status-publish","format-standard","hentry","category-egyeb"],"_links":{"self":[{"href":"https:\/\/balatonkeresztur.plebania.hu\/index.php\/wp-json\/wp\/v2\/posts\/1492","targetHints":{"allow":["GET"]}}],"collection":[{"href":"https:\/\/balatonkeresztur.plebania.hu\/index.php\/wp-json\/wp\/v2\/posts"}],"about":[{"href":"https:\/\/balatonkeresztur.plebania.hu\/index.php\/wp-json\/wp\/v2\/types\/post"}],"author":[{"embeddable":true,"href":"https:\/\/balatonkeresztur.plebania.hu\/index.php\/wp-json\/wp\/v2\/users\/1"}],"replies":[{"embeddable":true,"href":"https:\/\/balatonkeresztur.plebania.hu\/index.php\/wp-json\/wp\/v2\/comments?post=1492"}],"version-history":[{"count":2,"href":"https:\/\/balatonkeresztur.plebania.hu\/index.php\/wp-json\/wp\/v2\/posts\/1492\/revisions"}],"predecessor-version":[{"id":1495,"href":"https:\/\/balatonkeresztur.plebania.hu\/index.php\/wp-json\/wp\/v2\/posts\/1492\/revisions\/1495"}],"wp:attachment":[{"href":"https:\/\/balatonkeresztur.plebania.hu\/index.php\/wp-json\/wp\/v2\/media?parent=1492"}],"wp:term":[{"taxonomy":"category","embeddable":true,"href":"https:\/\/balatonkeresztur.plebania.hu\/index.php\/wp-json\/wp\/v2\/categories?post=1492"},{"taxonomy":"post_tag","embeddable":true,"href":"https:\/\/balatonkeresztur.plebania.hu\/index.php\/wp-json\/wp\/v2\/tags?post=1492"}],"curies":[{"name":"wp","href":"https:\/\/api.w.org\/{rel}","templated":true}]}}