{"id":1481,"date":"2024-08-18T09:50:52","date_gmt":"2024-08-18T09:50:52","guid":{"rendered":"https:\/\/balatonkeresztur.plebania.hu\/?p=1481"},"modified":"2024-08-18T09:50:52","modified_gmt":"2024-08-18T09:50:52","slug":"remenyik-sandor-mindennapi-kenyer","status":"publish","type":"post","link":"https:\/\/balatonkeresztur.plebania.hu\/index.php\/2024\/08\/18\/remenyik-sandor-mindennapi-kenyer\/","title":{"rendered":"Rem\u00e9nyik S\u00e1ndor: Mindennapi keny\u00e9r"},"content":{"rendered":"\n<figure class=\"wp-block-image size-full is-resized\"><img loading=\"lazy\" decoding=\"async\" width=\"1920\" height=\"2560\" src=\"https:\/\/balatonkeresztur.plebania.hu\/wp-content\/uploads\/2024\/08\/k01-scaled.jpeg\" alt=\"\" class=\"wp-image-1482\" style=\"width:534px;height:auto\" srcset=\"https:\/\/balatonkeresztur.plebania.hu\/wp-content\/uploads\/2024\/08\/k01-scaled.jpeg 1920w, https:\/\/balatonkeresztur.plebania.hu\/wp-content\/uploads\/2024\/08\/k01-768x1024.jpeg 768w, https:\/\/balatonkeresztur.plebania.hu\/wp-content\/uploads\/2024\/08\/k01-1152x1536.jpeg 1152w, https:\/\/balatonkeresztur.plebania.hu\/wp-content\/uploads\/2024\/08\/k01-1536x2048.jpeg 1536w, https:\/\/balatonkeresztur.plebania.hu\/wp-content\/uploads\/2024\/08\/k01-225x300.jpeg 225w\" sizes=\"auto, (max-width: 1920px) 100vw, 1920px\" \/><\/figure>\n\n\n\n<p>Amit \u00e9n \u00e1lmodom:<br>Nem feny\u0171z\u00e9s, nem f\u0171szer, csemege,<br>Amit \u00e9n \u00e1lmodom:<br>Egy n\u00e9p sz\u00e1j\u00e1ban betev\u0151 falat.<br>Keny\u00e9r vagyok, mindennapi keny\u00e9r,<br>Lelki keny\u00e9r az \u00e9hez\u0151 sz\u00edveknek,<br>Asztal\u00e1ld\u00e1s mindenki asztal\u00e1n.<\/p>\n\n\n\n<!--more-->\n\n\n\n<p>Keny\u00e9r vagyok, mindennapi keny\u00e9r,<br>Nem cifras\u00e1g a sz\u0171r\u00f6n,<br>Nem sujt\u00e1s a magyark\u00e1n,<br>Nem h\u00edvs\u00e1gos \u00fcnnepi lobog\u00f3<br>Keny\u00e9r vagyok, mindennapi keny\u00e9r,<br>Nem pomp\u00e1zom, de sz\u00fcks\u00e9ges vagyok.<br>&nbsp;<\/p>\n\n\n\n<p>Keny\u00e9r vagyok, mindennapi keny\u00e9r,<br>Ha tollat fogok: kenyeret szelek.<br><em>Kellek,<\/em> tudom. Kellek nap-nap ut\u00e1n,<br>Kellek, tudom. De nem vagyok hi\u00fa,<br>Lehet mag\u00e1ra hi\u00fa a keny\u00e9r?<br>Csak boldog lehet, hogy meg\u00e9rte ezt.<br>Kellek: ezt meg\u00e9rteni egyszer\u0171,<br>\u00c9s &#8211; nincs tov\u00e1bb.<br>&nbsp;<\/p>\n\n\n\n<p>Az \u00e1lmom n\u00e9ha kem\u00e9ny, keser\u0171,<br>K\u00e9rges, barna, mint sokszor a keny\u00e9r,<br>De benne van az \u00fajrakezd\u00e9s magja,<br>De benne van a harchoz \u00faj er\u0151, &#8211;<br>De benne van az \u00e9let.<\/p>\n","protected":false},"excerpt":{"rendered":"<p>Amit \u00e9n \u00e1lmodom:Nem feny\u0171z\u00e9s, nem f\u0171szer, csemege,Amit \u00e9n \u00e1lmodom:Egy n\u00e9p sz\u00e1j\u00e1ban betev\u0151 falat.Keny\u00e9r vagyok, mindennapi keny\u00e9r,Lelki keny\u00e9r az \u00e9hez\u0151 sz\u00edveknek,Asztal\u00e1ld\u00e1s mindenki asztal\u00e1n.<\/p>\n","protected":false},"author":1,"featured_media":0,"comment_status":"closed","ping_status":"open","sticky":false,"template":"","format":"standard","meta":{"footnotes":""},"categories":[1],"tags":[],"class_list":["post-1481","post","type-post","status-publish","format-standard","hentry","category-egyeb"],"_links":{"self":[{"href":"https:\/\/balatonkeresztur.plebania.hu\/index.php\/wp-json\/wp\/v2\/posts\/1481","targetHints":{"allow":["GET"]}}],"collection":[{"href":"https:\/\/balatonkeresztur.plebania.hu\/index.php\/wp-json\/wp\/v2\/posts"}],"about":[{"href":"https:\/\/balatonkeresztur.plebania.hu\/index.php\/wp-json\/wp\/v2\/types\/post"}],"author":[{"embeddable":true,"href":"https:\/\/balatonkeresztur.plebania.hu\/index.php\/wp-json\/wp\/v2\/users\/1"}],"replies":[{"embeddable":true,"href":"https:\/\/balatonkeresztur.plebania.hu\/index.php\/wp-json\/wp\/v2\/comments?post=1481"}],"version-history":[{"count":1,"href":"https:\/\/balatonkeresztur.plebania.hu\/index.php\/wp-json\/wp\/v2\/posts\/1481\/revisions"}],"predecessor-version":[{"id":1483,"href":"https:\/\/balatonkeresztur.plebania.hu\/index.php\/wp-json\/wp\/v2\/posts\/1481\/revisions\/1483"}],"wp:attachment":[{"href":"https:\/\/balatonkeresztur.plebania.hu\/index.php\/wp-json\/wp\/v2\/media?parent=1481"}],"wp:term":[{"taxonomy":"category","embeddable":true,"href":"https:\/\/balatonkeresztur.plebania.hu\/index.php\/wp-json\/wp\/v2\/categories?post=1481"},{"taxonomy":"post_tag","embeddable":true,"href":"https:\/\/balatonkeresztur.plebania.hu\/index.php\/wp-json\/wp\/v2\/tags?post=1481"}],"curies":[{"name":"wp","href":"https:\/\/api.w.org\/{rel}","templated":true}]}}