{"id":1477,"date":"2024-08-16T18:37:56","date_gmt":"2024-08-16T18:37:56","guid":{"rendered":"https:\/\/balatonkeresztur.plebania.hu\/?p=1477"},"modified":"2024-08-20T19:54:53","modified_gmt":"2024-08-20T19:54:53","slug":"szent-ferenc-kis-novereivel-imadkoztunk","status":"publish","type":"post","link":"https:\/\/balatonkeresztur.plebania.hu\/index.php\/2024\/08\/16\/szent-ferenc-kis-novereivel-imadkoztunk\/","title":{"rendered":"Szent Ferenc Kis N\u0151v\u00e9reivel im\u00e1dkoztunk"},"content":{"rendered":"\n<figure class=\"wp-block-image size-full is-resized\"><a href=\"https:\/\/photos.app.goo.gl\/i7Wzmdn1mKh87pFN7\" target=\"_blank\" rel=\"noreferrer noopener\"><img loading=\"lazy\" decoding=\"async\" width=\"2560\" height=\"893\" src=\"https:\/\/balatonkeresztur.plebania.hu\/wp-content\/uploads\/2024\/08\/kisnovernyito-scaled.jpeg\" alt=\"\" class=\"wp-image-1478\" style=\"width:585px;height:auto\" srcset=\"https:\/\/balatonkeresztur.plebania.hu\/wp-content\/uploads\/2024\/08\/kisnovernyito-scaled.jpeg 2560w, https:\/\/balatonkeresztur.plebania.hu\/wp-content\/uploads\/2024\/08\/kisnovernyito-768x268.jpeg 768w, https:\/\/balatonkeresztur.plebania.hu\/wp-content\/uploads\/2024\/08\/kisnovernyito-1536x536.jpeg 1536w, https:\/\/balatonkeresztur.plebania.hu\/wp-content\/uploads\/2024\/08\/kisnovernyito-2048x714.jpeg 2048w, https:\/\/balatonkeresztur.plebania.hu\/wp-content\/uploads\/2024\/08\/kisnovernyito-500x174.jpeg 500w\" sizes=\"auto, (max-width: 2560px) 100vw, 2560px\" \/><\/a><\/figure>\n\n\n\n<p>&#8222;J\u00f6jjetek hozz\u00e1m, mind akik megf\u00e1radtatok&#8221;&nbsp;<\/p>\n\n\n\n<p>Ny\u00e1ri pihen\u00e9s\u00fcnk is akkor lesz teljes, ha J\u00e9zusn\u00e1l, J\u00e9zussal pihen\u00fcnk. Nagy aj\u00e1nd\u00e9k volt ell\u00e1togatni a kereszt\u00fari templomba, ahol lehet\u0151s\u00e9get &#8211; no meg hangszereket &#8211; kaptunk, hogy zen\u00e9lj\u00fcnk a szentmis\u00e9n. Meglep\u0151dt\u00fcnk, hogy milyen sok ministr\u00e1nst l\u00e1tunk egy egyszer\u0171 h\u00e9tk\u00f6znap. A mise ut\u00e1n sz\u00e9p, bens\u0151s\u00e9ges \u00e9lm\u00e9ny volt vel\u00fck \u00e9s Zsolt aty\u00e1val a szent\u00e9lybe letelepedni, \u00e9s az \u00dar l\u00e1b\u00e1n\u00e1l t\u00f6lt\u0151dni. \u00c9nekkel, zen\u00e9vel, s\u0151t kis t\u00e1nccal is dics\u00e9rt\u00fck az Urat. K\u00f6sz\u00f6nj\u00fck a megh\u00edv\u00e1st!\u00a0<br><a href=\"https:\/\/szfkisnoverei.communio.hu\/\" target=\"_blank\" rel=\"noreferrer noopener\">Szent Ferenc Kisn\u0151v\u00e9rei<\/a><\/p>\n\n\n\n<p><\/p>\n","protected":false},"excerpt":{"rendered":"<p>&#8222;J\u00f6jjetek hozz\u00e1m, mind akik megf\u00e1radtatok&#8221;&nbsp; Ny\u00e1ri pihen\u00e9s\u00fcnk is akkor lesz teljes, ha J\u00e9zusn\u00e1l, J\u00e9zussal pihen\u00fcnk. Nagy aj\u00e1nd\u00e9k volt ell\u00e1togatni a kereszt\u00fari templomba, ahol lehet\u0151s\u00e9get &#8211; no meg hangszereket &#8211; kaptunk, hogy zen\u00e9lj\u00fcnk a szentmis\u00e9n. Meglep\u0151dt\u00fcnk, hogy milyen sok ministr\u00e1nst l\u00e1tunk &hellip; <a href=\"https:\/\/balatonkeresztur.plebania.hu\/index.php\/2024\/08\/16\/szent-ferenc-kis-novereivel-imadkoztunk\/\">Egy kattint\u00e1s ide a folytat\u00e1shoz&#8230;. <span class=\"meta-nav\">&rarr;<\/span><\/a><\/p>\n","protected":false},"author":1,"featured_media":0,"comment_status":"closed","ping_status":"open","sticky":false,"template":"","format":"standard","meta":{"footnotes":""},"categories":[1],"tags":[],"class_list":["post-1477","post","type-post","status-publish","format-standard","hentry","category-egyeb"],"_links":{"self":[{"href":"https:\/\/balatonkeresztur.plebania.hu\/index.php\/wp-json\/wp\/v2\/posts\/1477","targetHints":{"allow":["GET"]}}],"collection":[{"href":"https:\/\/balatonkeresztur.plebania.hu\/index.php\/wp-json\/wp\/v2\/posts"}],"about":[{"href":"https:\/\/balatonkeresztur.plebania.hu\/index.php\/wp-json\/wp\/v2\/types\/post"}],"author":[{"embeddable":true,"href":"https:\/\/balatonkeresztur.plebania.hu\/index.php\/wp-json\/wp\/v2\/users\/1"}],"replies":[{"embeddable":true,"href":"https:\/\/balatonkeresztur.plebania.hu\/index.php\/wp-json\/wp\/v2\/comments?post=1477"}],"version-history":[{"count":3,"href":"https:\/\/balatonkeresztur.plebania.hu\/index.php\/wp-json\/wp\/v2\/posts\/1477\/revisions"}],"predecessor-version":[{"id":1485,"href":"https:\/\/balatonkeresztur.plebania.hu\/index.php\/wp-json\/wp\/v2\/posts\/1477\/revisions\/1485"}],"wp:attachment":[{"href":"https:\/\/balatonkeresztur.plebania.hu\/index.php\/wp-json\/wp\/v2\/media?parent=1477"}],"wp:term":[{"taxonomy":"category","embeddable":true,"href":"https:\/\/balatonkeresztur.plebania.hu\/index.php\/wp-json\/wp\/v2\/categories?post=1477"},{"taxonomy":"post_tag","embeddable":true,"href":"https:\/\/balatonkeresztur.plebania.hu\/index.php\/wp-json\/wp\/v2\/tags?post=1477"}],"curies":[{"name":"wp","href":"https:\/\/api.w.org\/{rel}","templated":true}]}}