{"id":1474,"date":"2024-08-15T20:14:26","date_gmt":"2024-08-15T20:14:26","guid":{"rendered":"https:\/\/balatonkeresztur.plebania.hu\/?p=1474"},"modified":"2024-08-17T12:52:46","modified_gmt":"2024-08-17T12:52:46","slug":"vendegunk-volt-lackfi-janos","status":"publish","type":"post","link":"https:\/\/balatonkeresztur.plebania.hu\/index.php\/2024\/08\/15\/vendegunk-volt-lackfi-janos\/","title":{"rendered":"Vend\u00e9g\u00fcnk volt Lackfi J\u00e1nos"},"content":{"rendered":"\n<figure class=\"wp-block-image size-full is-resized\"><a href=\"https:\/\/photos.app.goo.gl\/rm1gzjEjZX5jCX8i6\" target=\"_blank\" rel=\"noreferrer noopener\"><img loading=\"lazy\" decoding=\"async\" width=\"1920\" height=\"2560\" src=\"https:\/\/balatonkeresztur.plebania.hu\/wp-content\/uploads\/2024\/08\/lackfinyito-scaled.jpeg\" alt=\"\" class=\"wp-image-1475\" style=\"width:476px;height:auto\" srcset=\"https:\/\/balatonkeresztur.plebania.hu\/wp-content\/uploads\/2024\/08\/lackfinyito-scaled.jpeg 1920w, https:\/\/balatonkeresztur.plebania.hu\/wp-content\/uploads\/2024\/08\/lackfinyito-768x1024.jpeg 768w, https:\/\/balatonkeresztur.plebania.hu\/wp-content\/uploads\/2024\/08\/lackfinyito-1152x1536.jpeg 1152w, https:\/\/balatonkeresztur.plebania.hu\/wp-content\/uploads\/2024\/08\/lackfinyito-1536x2048.jpeg 1536w, https:\/\/balatonkeresztur.plebania.hu\/wp-content\/uploads\/2024\/08\/lackfinyito-225x300.jpeg 225w\" sizes=\"auto, (max-width: 1920px) 100vw, 1920px\" \/><\/a><\/figure>\n\n\n\n<p>2024. aug. 15-\u00e9n, Nagyboldogasszony \u00fcnnep\u00e9n balatonkereszt\u00fari templomunkban k\u00f6sz\u00f6nthett\u00fck Lackfi J\u00e1nos \u00edr\u00f3, k\u00f6lt\u0151, m\u0171ford\u00edt\u00f3t, aki nemr\u00e9g vehette \u00e1t a Szent Istv\u00e1n T\u00e1rsulat \u00e9s a Stephanus Alap\u00edtv\u00e1ny kultur\u00e1lis d\u00edj\u00e1t: a Stephanus \u2013d\u00edjat.<\/p>\n\n\n\n<!--more-->\n\n\n\n<p>A szentmise ut\u00e1n tett tan\u00fas\u00e1got Isten ir\u00e1nt \u00e9rzett szeretet\u00e9r\u0151l, \u00e9s a Sz\u0171zanya seg\u00edts\u00e9g\u00e9r\u0151l. K\u00f6zben r\u00e9gebbi \/J\u00f3\u00e9jtpuszi, Sisterg\u0151 zsolt\u00e1rok\/ \u00edr\u00e1saib\u00f3l olvasott fel, majd \u201eMi\u00e9rt engedi Isten\u201d c\u00edm\u0171 leg\u00fajabb k\u00f6nyv\u00e9t mutatta be. Rem\u00e9nyeink szerint a jelenl\u00e9v\u0151k nemcsak irodalmi, hanem m\u00e9ly lelki \u00e9lm\u00e9nyekkel is gazdagodva t\u00e9rhettek haza.<\/p>\n\n\n\n<p>A k\u00f6lt\u0151 m\u0171veib\u0151l a tan\u00fas\u00e1gt\u00e9tel v\u00e9gezt\u00e9vel sokan v\u00e1s\u00e1roltak, melyeket \u0151 szem\u00e9lyre sz\u00f3l\u00f3an, a t\u0151le megszokott der\u0171s j\u00f3kedvvel dedik\u00e1lt.<\/p>\n\n\n\n<p>K\u00f6sz\u00f6netet mondva, j\u00f3 eg\u00e9szs\u00e9get k\u00edv\u00e1nva Lackfi J\u00e1nosnak, k\u00e9rj\u00fck Isten \u00e1ld\u00e1s\u00e1t tov\u00e1bbi munk\u00e1ss\u00e1g\u00e1ra, szertettel v\u00e1rjuk vissza!<\/p>\n","protected":false},"excerpt":{"rendered":"<p>2024. aug. 15-\u00e9n, Nagyboldogasszony \u00fcnnep\u00e9n balatonkereszt\u00fari templomunkban k\u00f6sz\u00f6nthett\u00fck Lackfi J\u00e1nos \u00edr\u00f3, k\u00f6lt\u0151, m\u0171ford\u00edt\u00f3t, aki nemr\u00e9g vehette \u00e1t a Szent Istv\u00e1n T\u00e1rsulat \u00e9s a Stephanus Alap\u00edtv\u00e1ny kultur\u00e1lis d\u00edj\u00e1t: a Stephanus \u2013d\u00edjat.<\/p>\n","protected":false},"author":1,"featured_media":0,"comment_status":"closed","ping_status":"open","sticky":false,"template":"","format":"standard","meta":{"footnotes":""},"categories":[1],"tags":[],"class_list":["post-1474","post","type-post","status-publish","format-standard","hentry","category-egyeb"],"_links":{"self":[{"href":"https:\/\/balatonkeresztur.plebania.hu\/index.php\/wp-json\/wp\/v2\/posts\/1474","targetHints":{"allow":["GET"]}}],"collection":[{"href":"https:\/\/balatonkeresztur.plebania.hu\/index.php\/wp-json\/wp\/v2\/posts"}],"about":[{"href":"https:\/\/balatonkeresztur.plebania.hu\/index.php\/wp-json\/wp\/v2\/types\/post"}],"author":[{"embeddable":true,"href":"https:\/\/balatonkeresztur.plebania.hu\/index.php\/wp-json\/wp\/v2\/users\/1"}],"replies":[{"embeddable":true,"href":"https:\/\/balatonkeresztur.plebania.hu\/index.php\/wp-json\/wp\/v2\/comments?post=1474"}],"version-history":[{"count":2,"href":"https:\/\/balatonkeresztur.plebania.hu\/index.php\/wp-json\/wp\/v2\/posts\/1474\/revisions"}],"predecessor-version":[{"id":1480,"href":"https:\/\/balatonkeresztur.plebania.hu\/index.php\/wp-json\/wp\/v2\/posts\/1474\/revisions\/1480"}],"wp:attachment":[{"href":"https:\/\/balatonkeresztur.plebania.hu\/index.php\/wp-json\/wp\/v2\/media?parent=1474"}],"wp:term":[{"taxonomy":"category","embeddable":true,"href":"https:\/\/balatonkeresztur.plebania.hu\/index.php\/wp-json\/wp\/v2\/categories?post=1474"},{"taxonomy":"post_tag","embeddable":true,"href":"https:\/\/balatonkeresztur.plebania.hu\/index.php\/wp-json\/wp\/v2\/tags?post=1474"}],"curies":[{"name":"wp","href":"https:\/\/api.w.org\/{rel}","templated":true}]}}