{"id":1463,"date":"2024-08-15T14:39:21","date_gmt":"2024-08-15T14:39:21","guid":{"rendered":"https:\/\/balatonkeresztur.plebania.hu\/?p=1463"},"modified":"2024-08-15T19:42:16","modified_gmt":"2024-08-15T19:42:16","slug":"veled-ministranszarandoklat","status":"publish","type":"post","link":"https:\/\/balatonkeresztur.plebania.hu\/index.php\/2024\/08\/15\/veled-ministranszarandoklat\/","title":{"rendered":"&#8222;Veled&#8221; Ministr\u00e1ns zar\u00e1ndoklat"},"content":{"rendered":"\n<p><em>&#8222;\u0150 azt mondja neked: \u201eVeled vagyok\u201d, de nem szavakkal, hanem abban a gesztusban, abban a szeretetcselekedetben, ami az Eucharisztia.&#8221;- \u00a0Ferenc p\u00e1pa<\/em><\/p>\n\n\n\n<figure class=\"wp-block-image size-full is-resized\"><a href=\"https:\/\/photos.app.goo.gl\/CwuG1i5LokxLmhJdA\" target=\"_blank\" rel=\"noreferrer noopener\"><img loading=\"lazy\" decoding=\"async\" width=\"1001\" height=\"1334\" src=\"https:\/\/balatonkeresztur.plebania.hu\/wp-content\/uploads\/2024\/08\/velednyito.jpg\" alt=\"\" class=\"wp-image-1467\" style=\"width:464px;height:auto\" srcset=\"https:\/\/balatonkeresztur.plebania.hu\/wp-content\/uploads\/2024\/08\/velednyito.jpg 1001w, https:\/\/balatonkeresztur.plebania.hu\/wp-content\/uploads\/2024\/08\/velednyito-768x1023.jpg 768w, https:\/\/balatonkeresztur.plebania.hu\/wp-content\/uploads\/2024\/08\/velednyito-225x300.jpg 225w\" sizes=\"auto, (max-width: 1001px) 100vw, 1001px\" \/><\/a><\/figure>\n\n\n\n<!--more-->\n\n\n\n<ol start=\"2024\" class=\"wp-block-list\"><\/ol>\n\n\n\n<p>2024. j\u00falius 29. \u00e9s augusztus 2-a k\u00f6z\u00f6tt ker\u00fclt megrendez\u00e9sre a r\u00f3mai ministr\u00e1ns zar\u00e1ndoklat imm\u00e1r 13. alkalommal, amin Kaposv\u00e1ri Egyh\u00e1zmegy\u00e9b\u0151l 50-en vehett\u00fcnk r\u00e9szt, Magyarorsz\u00e1gr\u00f3l \u00f6sszesen 1200 ministr\u00e1ns k\u00e9pviselte haz\u00e1nkat.<\/p>\n\n\n\n<p>Az els\u0151 nap utaz\u00e1ssal telt, az \u00fat alatt zsolozsm\u00e1t im\u00e1dkoztunk, \u00e9nekelt\u00fcnk, ismerkedt\u00fcnk, k\u00e9sz\u00edtett\u00fck a lelk\u00fcnket az elk\u00f6vetkez\u0151 napokra.<\/p>\n\n\n\n<p>A k\u00f6vetkez\u0151 napon d\u00e9lel\u0151tt -a Ferenc p\u00e1p\u00e1val val\u00f3 tal\u00e1lkoz\u00e1s el\u0151tt- megtekintett\u00fck a Szent P\u00e9ter teret \u00e9s a bazilik\u00e1t.<\/p>\n\n\n\n<p>Ugyanezen a napon d\u00e9lut\u00e1n elfoglaltuk hely\u00fcnket a Szent P\u00e9ter t\u00e9ren, a vil\u00e1g m\u00e1s r\u00e9szeir\u0151l \u00e9rkezett mintegy 50 ezer ministr\u00e1ns k\u00f6z\u00f6tt, \u00e9s v\u00e1rtunk a Szentatya meg\u00e9rkez\u00e9s\u00e9re, k\u00f6zben hangoztak el \u00e9nekek \u00e9s p\u00fcsp\u00f6ki elm\u00e9lked\u00e9sek is.<\/p>\n\n\n\n<p>Volt szerencs\u00e9m a p\u00e1p\u00e1t nemcsak a kivet\u00edt\u0151r\u0151l l\u00e1tnom, hanem karny\u00fajt\u00e1snyi t\u00e1vols\u00e1gr\u00f3l is.<br>Ferenc p\u00e1pa a besz\u00e9d\u00e9ben kit\u00e9rt a zar\u00e1ndoklat mott\u00f3j\u00e1ra, p\u00e1rhuzamba hozva a szentmis\u00e9vel, ahol a &#8222;Veled&#8221; val\u00f3s\u00e1gg\u00e1 v\u00e1lik, hiszen az Euchariszti\u00e1ban J\u00e9zus jelen van \u00e9s szent\u00e1ldoz\u00e1skor \u0150t vessz\u00fck magunkhoz, ahol &#8222;megtapasztalhatjuk, hogy J\u00e9zus testileg-lelkileg \u201evel\u00fcnk van\u201d.&#8221;<\/p>\n\n\n\n<p>A p\u00e1pa elmondta azt is, hogy J\u00e9zusnak k\u00f6sz\u00f6nhetj\u00fck, hogy &#8222;k\u00e9pes vagy azt mondani felebar\u00e1todnak, hogy \u201eveled vagyok\u201d, de nem szavakkal, hanem tettekkel, gesztusokkal, sz\u00edveddel, konkr\u00e9t k\u00f6zels\u00e9geddel.&#8221;<\/p>\n\n\n\n<p>Besz\u00e9de v\u00e9g\u00e9n megk\u00f6sz\u00f6nte a szolg\u00e1latunkat, amellyel J\u00e9zust szolg\u00e1ljuk \u00e9s p\u00e1pai \u00e1ld\u00e1sban r\u00e9szes\u00edtett minket.<\/p>\n\n\n\n<p>M\u00e1snap d\u00e9lel\u0151tt egy idegenvezet\u00e9s \u00e1ltal megtekintett\u00fck R\u00f3ma \u00e9rt\u00e9keit, t\u00f6bbek k\u00f6z\u00f6tt l\u00e1ttuk a Pantheont, a Falakon K\u00edv\u00fcli Szent \u00c1gnes bazilik\u00e1t, a Trevi kutat \u00e9s a Colosseumot is.<\/p>\n\n\n\n<p>K\u00e9s\u0151bb a Falakon K\u00edv\u00fcli Szent P\u00e1l bazilik\u00e1ba vezetett az utunk (l\u00e1bunk), hogy a magyar ministr\u00e1nsoknak szervezett mis\u00e9n k\u00f6z\u00f6sen r\u00e9szt vegy\u00fcnk. A szentmis\u00e9t Martos Levente Bal\u00e1zs Esztergom-Budapest f\u0151egyh\u00e1zmegye seg\u00e9dp\u00fcsp\u00f6ke celebr\u00e1lta. Hom\u00edli\u00e1j\u00e1ban kit\u00e9rt J\u00e9zus szolg\u00e1lat\u00e1ra, illetve a napokban \u00fcnnepelt Loyolai Szent Ign\u00e1cra is, aki t\u00e1rsaival egy\u00fctt a Szent P\u00e1l bazilik\u00e1ban tett\u00e9k le \u00fcnnep\u00e9lyes szerzetesi fogadalmukat.<\/p>\n\n\n\n<p>Az utaz\u00e1s el\u0151tti napon Osti\u00e1ra utaztunk, \u00e9s eg\u00e9sz napos strandol\u00e1s vette kezdet\u00e9t.<br>Este a sz\u00e1ll\u00e1sunkon m\u00e9g egy szentmis\u00e9n vett\u00fcnk r\u00e9szt.<br>M\u00e1snap hazaindultunk \u00e9lm\u00e9nyekkel telve, im\u00e1dkoztunk, \u00e9nekelt\u00fcnk, lecsendesedett l\u00e9lekkel t\u00e9rt\u00fcnk haza.<br><br><em>2024. 08. 15. Szent Tarz\u00edciusz a ministr\u00e1nsok v\u00e9d\u0151szentje \u00fcnnep\u00e9n<\/em><\/p>\n\n\n\n<p>k\u00e9pek a tal\u00e1lkoz\u00f3r\u00f3l:<\/p>\n\n\n\n<figure class=\"wp-block-image size-full is-resized\"><a href=\"https:\/\/photos.app.goo.gl\/CwuG1i5LokxLmhJdA\" target=\"_blank\" rel=\"noreferrer noopener\"><img loading=\"lazy\" decoding=\"async\" width=\"1080\" height=\"1920\" src=\"https:\/\/balatonkeresztur.plebania.hu\/wp-content\/uploads\/2024\/08\/VideoCapture_20240730-175731.jpg\" alt=\"\" class=\"wp-image-1471\" style=\"width:367px;height:auto\" srcset=\"https:\/\/balatonkeresztur.plebania.hu\/wp-content\/uploads\/2024\/08\/VideoCapture_20240730-175731.jpg 1080w, https:\/\/balatonkeresztur.plebania.hu\/wp-content\/uploads\/2024\/08\/VideoCapture_20240730-175731-768x1365.jpg 768w, https:\/\/balatonkeresztur.plebania.hu\/wp-content\/uploads\/2024\/08\/VideoCapture_20240730-175731-864x1536.jpg 864w, https:\/\/balatonkeresztur.plebania.hu\/wp-content\/uploads\/2024\/08\/VideoCapture_20240730-175731-169x300.jpg 169w\" sizes=\"auto, (max-width: 1080px) 100vw, 1080px\" \/><\/a><\/figure>\n","protected":false},"excerpt":{"rendered":"<p>&#8222;\u0150 azt mondja neked: \u201eVeled vagyok\u201d, de nem szavakkal, hanem abban a gesztusban, abban a szeretetcselekedetben, ami az Eucharisztia.&#8221;- \u00a0Ferenc p\u00e1pa<\/p>\n","protected":false},"author":1,"featured_media":0,"comment_status":"closed","ping_status":"open","sticky":false,"template":"","format":"standard","meta":{"footnotes":""},"categories":[1],"tags":[],"class_list":["post-1463","post","type-post","status-publish","format-standard","hentry","category-egyeb"],"_links":{"self":[{"href":"https:\/\/balatonkeresztur.plebania.hu\/index.php\/wp-json\/wp\/v2\/posts\/1463","targetHints":{"allow":["GET"]}}],"collection":[{"href":"https:\/\/balatonkeresztur.plebania.hu\/index.php\/wp-json\/wp\/v2\/posts"}],"about":[{"href":"https:\/\/balatonkeresztur.plebania.hu\/index.php\/wp-json\/wp\/v2\/types\/post"}],"author":[{"embeddable":true,"href":"https:\/\/balatonkeresztur.plebania.hu\/index.php\/wp-json\/wp\/v2\/users\/1"}],"replies":[{"embeddable":true,"href":"https:\/\/balatonkeresztur.plebania.hu\/index.php\/wp-json\/wp\/v2\/comments?post=1463"}],"version-history":[{"count":8,"href":"https:\/\/balatonkeresztur.plebania.hu\/index.php\/wp-json\/wp\/v2\/posts\/1463\/revisions"}],"predecessor-version":[{"id":1473,"href":"https:\/\/balatonkeresztur.plebania.hu\/index.php\/wp-json\/wp\/v2\/posts\/1463\/revisions\/1473"}],"wp:attachment":[{"href":"https:\/\/balatonkeresztur.plebania.hu\/index.php\/wp-json\/wp\/v2\/media?parent=1463"}],"wp:term":[{"taxonomy":"category","embeddable":true,"href":"https:\/\/balatonkeresztur.plebania.hu\/index.php\/wp-json\/wp\/v2\/categories?post=1463"},{"taxonomy":"post_tag","embeddable":true,"href":"https:\/\/balatonkeresztur.plebania.hu\/index.php\/wp-json\/wp\/v2\/tags?post=1463"}],"curies":[{"name":"wp","href":"https:\/\/api.w.org\/{rel}","templated":true}]}}