{"id":1459,"date":"2024-08-15T01:02:49","date_gmt":"2024-08-15T01:02:49","guid":{"rendered":"https:\/\/balatonkeresztur.plebania.hu\/?p=1459"},"modified":"2024-08-14T15:04:46","modified_gmt":"2024-08-14T15:04:46","slug":"lackfi-janos-maria","status":"publish","type":"post","link":"https:\/\/balatonkeresztur.plebania.hu\/index.php\/2024\/08\/15\/lackfi-janos-maria\/","title":{"rendered":"Lackfi J\u00e1nos: M\u00e1ria"},"content":{"rendered":"\n<figure class=\"wp-block-image size-full is-resized\"><img loading=\"lazy\" decoding=\"async\" width=\"1028\" height=\"1175\" src=\"https:\/\/balatonkeresztur.plebania.hu\/wp-content\/uploads\/2024\/08\/Maria.jpg\" alt=\"\" class=\"wp-image-1461\" style=\"width:545px;height:auto\" srcset=\"https:\/\/balatonkeresztur.plebania.hu\/wp-content\/uploads\/2024\/08\/Maria.jpg 1028w, https:\/\/balatonkeresztur.plebania.hu\/wp-content\/uploads\/2024\/08\/Maria-768x878.jpg 768w, https:\/\/balatonkeresztur.plebania.hu\/wp-content\/uploads\/2024\/08\/Maria-262x300.jpg 262w\" sizes=\"auto, (max-width: 1028px) 100vw, 1028px\" \/><\/figure>\n\n\n\n<p><\/p>\n\n\n\n<!--more-->\n\n\n\n<p>A szent boungie jumping vil\u00e1gbajnoka vagy,<br>egy sz\u00e1l k\u00f6ld\u00f6kzsin\u00f3rra k\u00f6tve belevet\u0151dt\u00e9l a semmibe,<br>a hal\u00e1lba, az \u00e9letbe, a felt\u00e1mad\u00e1sba,<br>megkock\u00e1ztattad, hogy k\u0151vel agyondob\u00e1lnak,<br>hogy mindenki sz\u00e9gyen\u00e9re hazakergetnek,<br>mint aff\u00e9le c\u00e9d\u00e1t, mint olyat, kinek nincs f\u00e9rje,<br>m\u00e9gis van gyereke, de honnan?, de honnan?,<br>m\u00e9g hogy Szentl\u00e9lek, asszony, ne r\u00f6h\u00f6gtess,<br>mi is j\u00e1rtunk hittanra, de ami sok, az sok!<br>\u00c9s a k\u00f6ld\u00f6kzsin\u00f3r m\u00e1sik v\u00e9g\u00e9n a semmibe ugr\u00e1s<br>verhetetlen cs\u00facstart\u00f3ja f\u00f6ld\u00f6nk\u00edv\u00fcli kateg\u00f3ri\u00e1ban,<br>istens\u00e9ge magas\u00e1b\u00f3l lezuhant embers\u00e9g\u00fcnk<br>legm\u00e9lyebb m\u00e9lys\u00e9geibe, \u00e9s nem z\u00fazta \u00f6ssze mag\u00e1t,<br>nem \u00fct\u00f6tte k\u0151be a l\u00e1b\u00e1t, ott himb\u00e1l\u00f3zott haland\u00f3s\u00e1g<br>\u00e9s \u00f6r\u00f6kl\u00e9t szakad\u00e9kai felett, kit\u00e9ve mag\u00e1t<br>csecsem\u0151gyilkos kardoknak, no meg a keresztnek,<br>mely b\u00e9relt p\u00e1holy, fenntartva a r\u00f3mai birodalom<br>kiemelt tisztelettel k\u00f6sz\u00f6nt\u00f6tt ellens\u00e9geinek.<br>M\u00e1ria nem a nyak\u00e1ban hordozta megv\u00e1lt\u00f3j\u00e1t,<br>mint mi a keresztet, nem a t\u00e1sk\u00e1j\u00e1ban cipelte,<br>mint mi az imak\u00f6nyvet, nem a p\u00e9nzt\u00e1rc\u00e1j\u00e1ban,<br>mint mi az imak\u00e1rty\u00e1t, h\u00fas\u00e1ban hordozta,<br>Isten volt a legf\u0151bb befektet\u0151je,<br>M\u00e1ria test\u00e9be fektette be saj\u00e1t fi\u00e1t,<br>M\u00e1ria emberk\u00e9nt egy lett az Istennel,<br>beletestes\u00fclt az Isten, a sz\u00edv\u00e9be, az esz\u00e9be,<br>a m\u00e9h\u00e9be, minden sejtj\u00e9be,<br>csontj\u00e1b\u00f3l Isten csontj\u00e1t \u00e9p\u00edtette,<br>v\u00e9r\u00e9vel Isten v\u00e9r\u00e9t szapor\u00edtotta,<br>v\u00e9r\u00e1t\u00f6mleszt\u00e9st adott neki \u00e9s k\u00e1lcium-injekci\u00f3t,<br>kevesebb lett azzal, hogy Istent n\u00f6vesztette mag\u00e1ban,<br>pedig Istenre m\u00e1r nem f\u00e9r r\u00e1 a n\u00f6veked\u00e9s, de m\u00e9gis,<br>megfogyatkozott, hogy sz\u00e9p nagy baba legyen az Isten,<br>pedig az Isten minden baba, kicsik \u00e9s nagyok atyja,<br>M\u00e1ria kett\u0151 az egyben, emberbe rejtett Isten,<br>s\u0151t, h\u00e1rom az egyben, emberbe rejtett Isten-ember,<br>M\u00e1ria Matrjoska-baba, kib\u00fajik bel\u0151le egy ember,<br>akib\u0151l kib\u00fajik az Isten.<\/p>\n","protected":false},"excerpt":{"rendered":"","protected":false},"author":1,"featured_media":0,"comment_status":"closed","ping_status":"open","sticky":false,"template":"","format":"standard","meta":{"footnotes":""},"categories":[1],"tags":[],"class_list":["post-1459","post","type-post","status-publish","format-standard","hentry","category-egyeb"],"_links":{"self":[{"href":"https:\/\/balatonkeresztur.plebania.hu\/index.php\/wp-json\/wp\/v2\/posts\/1459","targetHints":{"allow":["GET"]}}],"collection":[{"href":"https:\/\/balatonkeresztur.plebania.hu\/index.php\/wp-json\/wp\/v2\/posts"}],"about":[{"href":"https:\/\/balatonkeresztur.plebania.hu\/index.php\/wp-json\/wp\/v2\/types\/post"}],"author":[{"embeddable":true,"href":"https:\/\/balatonkeresztur.plebania.hu\/index.php\/wp-json\/wp\/v2\/users\/1"}],"replies":[{"embeddable":true,"href":"https:\/\/balatonkeresztur.plebania.hu\/index.php\/wp-json\/wp\/v2\/comments?post=1459"}],"version-history":[{"count":2,"href":"https:\/\/balatonkeresztur.plebania.hu\/index.php\/wp-json\/wp\/v2\/posts\/1459\/revisions"}],"predecessor-version":[{"id":1462,"href":"https:\/\/balatonkeresztur.plebania.hu\/index.php\/wp-json\/wp\/v2\/posts\/1459\/revisions\/1462"}],"wp:attachment":[{"href":"https:\/\/balatonkeresztur.plebania.hu\/index.php\/wp-json\/wp\/v2\/media?parent=1459"}],"wp:term":[{"taxonomy":"category","embeddable":true,"href":"https:\/\/balatonkeresztur.plebania.hu\/index.php\/wp-json\/wp\/v2\/categories?post=1459"},{"taxonomy":"post_tag","embeddable":true,"href":"https:\/\/balatonkeresztur.plebania.hu\/index.php\/wp-json\/wp\/v2\/tags?post=1459"}],"curies":[{"name":"wp","href":"https:\/\/api.w.org\/{rel}","templated":true}]}}