{"id":1456,"date":"2024-08-11T06:26:32","date_gmt":"2024-08-11T06:26:32","guid":{"rendered":"https:\/\/balatonkeresztur.plebania.hu\/?p=1456"},"modified":"2024-08-04T19:27:44","modified_gmt":"2024-08-04T19:27:44","slug":"lackfi-janos-2","status":"publish","type":"post","link":"https:\/\/balatonkeresztur.plebania.hu\/index.php\/2024\/08\/11\/lackfi-janos-2\/","title":{"rendered":"Lackfi J\u00e1nos:"},"content":{"rendered":"\n<p class=\"has-text-align-center\">\u00c9rt\u00e9ktelen vagy, nincs r\u00e1d sz\u00fcks\u00e9g,<br>n\u00e9vtelen\u00fcl fogsz els\u00fcllyedni, a temet\u00e9sedre<br>tal\u00e1n m\u00e9g elj\u00f6n p\u00e1r ember, azt\u00e1n elfelejtenek,<br>mondja a <strong>V\u00e1dl\u00f3.<\/strong><\/p>\n\n\n\n<!--more-->\n\n\n\n<p class=\"has-text-align-center\">M\u00e9g sejtnyi se volt\u00e1l, Isten m\u00e1r szeretett,<br>fontos vagy neki, \u00f6r\u00f6kk\u00e9 veled akar maradni,<br>csak nyiss neki ajt\u00f3t, mert r\u00e1d t\u00f6rni nem fogja,<br>mondja a <strong>P\u00e1rtfog\u00f3.<\/strong><br>Csak magadra sz\u00e1m\u00edthatsz, senki m\u00e1sra,<br>mindenki kihaszn\u00e1l vagy \u00e1tver vagy elhagy,<br>ne t\u00f6r\u0151dj a t\u00f6bbiekkel, az emberek gonoszok,<br>mondja a <strong>V\u00e1dl\u00f3.<\/strong><br>A szeretet neh\u00e9z, sok energi\u00e1t kell belefektetni,<br>de hossz\u00fat\u00e1von meg\u00e9ri, t\u00e1rsas l\u00e9ny vagy,<br>minden ember v\u00e9gtelen bels\u0151 utaz\u00e1s,<br>mondja a <strong>P\u00e1rtfog\u00f3.<\/strong><br>Csak az \u00e9lm\u00e9ny sz\u00e1m\u00edt, egy\u00e9l-igy\u00e1l, utazz, v\u00e1s\u00e1rolj,<br>ami a ti\u00e9d, azt ne engedd \u00e1t senkinek, gy\u0171jts tartal\u00e9kot,<br>\u00e9lvezd ki, amid van, az utols\u00f3 fill\u00e9rig, hadd irigykedjenek,<br>mondja a <strong>V\u00e1dl\u00f3.<\/strong><br>A Teremt\u0151 az\u00e9rt ad \u00e9lm\u00e9nyt, hogy \u00e9lj vele,<br>keresd a tiszta \u00f6r\u00f6m\u00f6ket, l\u00e1sd meg t\u00fckr\u00fckben \u0151t,<br>a vil\u00e1g tele van neked sz\u00e1nt szerelmes jelekkel,<br>mondja a<strong> P\u00e1rtfog\u00f3<\/strong>.<br>A hit ill\u00fazi\u00f3, nem bizony\u00edthat\u00f3, a gyeng\u00e9k mened\u00e9ke,<br>a sz\u00e1nalmas lelkek\u00e9, akik nem el\u00e9g sz\u00e9pek, er\u0151sek,<br>\u00e9s valami mennyei Apuci szokny\u00e1j\u00e1ba kapaszkodn\u00e1nak,<br>mondja a <strong>V\u00e1dl\u00f3.<\/strong><br>A hit \u00e9let \u00e9s b\u00e9ke \u00e9s \u00f6r\u00f6m, sok-sok bizony\u00edt\u00e9k is sz\u00f3l<br>mellette, de azok alapj\u00e1n nagyon kevesen t\u00e9rnek meg,<br>nem \u00e9rint m\u00e9lyen az eg\u00e9sz, am\u00edg a sz\u00edvedet \u00e1t nem adod,<br>mondja a <strong>P\u00e1rtfog\u00f3.<\/strong><br>Az \u00e9leted unalmas, teljesen \u00fcres, l\u00e1ss neki,<br>\u00e1llj saj\u00e1t l\u00e1badra, habzsolj min\u00e9l t\u00f6bb gy\u00f6ny\u00f6rt,<br>mert k\u00fcl\u00f6nben elnyel a k\u00f6z\u00e9pszer\u0171s\u00e9g,<br>mondja a <strong>V\u00e1dl\u00f3.<\/strong><br>Lass\u00edts \u00e9s halk\u00edtsd le a vil\u00e1got, ne zajongjon a f\u00fcledbe,<br>l\u00e9pj egyre beljebb a cs\u00f6ndbe, fogd az \u00cdr\u00e1st, \u00e9s egyre<br>jobban hallod majd a hangj\u00e1t annak, aki v\u00e9gtelen\u00fcl szeret,<br>mondja <strong>a P\u00e1rtfog\u00f3.<\/strong><\/p>\n\n\n\n<p class=\"has-text-align-right\">(MI\u00c9RT ENGEDI ISTEN? c\u00edm\u0171 k\u00f6tetb\u0151l)<\/p>\n","protected":false},"excerpt":{"rendered":"<p>\u00c9rt\u00e9ktelen vagy, nincs r\u00e1d sz\u00fcks\u00e9g,n\u00e9vtelen\u00fcl fogsz els\u00fcllyedni, a temet\u00e9sedretal\u00e1n m\u00e9g elj\u00f6n p\u00e1r ember, azt\u00e1n elfelejtenek,mondja a V\u00e1dl\u00f3.<\/p>\n","protected":false},"author":1,"featured_media":0,"comment_status":"closed","ping_status":"open","sticky":false,"template":"","format":"standard","meta":{"footnotes":""},"categories":[1],"tags":[],"class_list":["post-1456","post","type-post","status-publish","format-standard","hentry","category-egyeb"],"_links":{"self":[{"href":"https:\/\/balatonkeresztur.plebania.hu\/index.php\/wp-json\/wp\/v2\/posts\/1456","targetHints":{"allow":["GET"]}}],"collection":[{"href":"https:\/\/balatonkeresztur.plebania.hu\/index.php\/wp-json\/wp\/v2\/posts"}],"about":[{"href":"https:\/\/balatonkeresztur.plebania.hu\/index.php\/wp-json\/wp\/v2\/types\/post"}],"author":[{"embeddable":true,"href":"https:\/\/balatonkeresztur.plebania.hu\/index.php\/wp-json\/wp\/v2\/users\/1"}],"replies":[{"embeddable":true,"href":"https:\/\/balatonkeresztur.plebania.hu\/index.php\/wp-json\/wp\/v2\/comments?post=1456"}],"version-history":[{"count":1,"href":"https:\/\/balatonkeresztur.plebania.hu\/index.php\/wp-json\/wp\/v2\/posts\/1456\/revisions"}],"predecessor-version":[{"id":1457,"href":"https:\/\/balatonkeresztur.plebania.hu\/index.php\/wp-json\/wp\/v2\/posts\/1456\/revisions\/1457"}],"wp:attachment":[{"href":"https:\/\/balatonkeresztur.plebania.hu\/index.php\/wp-json\/wp\/v2\/media?parent=1456"}],"wp:term":[{"taxonomy":"category","embeddable":true,"href":"https:\/\/balatonkeresztur.plebania.hu\/index.php\/wp-json\/wp\/v2\/categories?post=1456"},{"taxonomy":"post_tag","embeddable":true,"href":"https:\/\/balatonkeresztur.plebania.hu\/index.php\/wp-json\/wp\/v2\/tags?post=1456"}],"curies":[{"name":"wp","href":"https:\/\/api.w.org\/{rel}","templated":true}]}}