{"id":1440,"date":"2024-08-03T19:20:04","date_gmt":"2024-08-03T19:20:04","guid":{"rendered":"https:\/\/balatonkeresztur.plebania.hu\/?p=1440"},"modified":"2024-08-03T19:33:25","modified_gmt":"2024-08-03T19:33:25","slug":"vendegunk-lackfi-janos","status":"publish","type":"post","link":"https:\/\/balatonkeresztur.plebania.hu\/index.php\/2024\/08\/03\/vendegunk-lackfi-janos\/","title":{"rendered":"Vend\u00e9g\u00fcnk Lackfi J\u00e1nos"},"content":{"rendered":"\n<p>2024. augusztus 15-\u00e9n a balatonkereszt\u00fari pl\u00e9b\u00e1niatemplomban 9<sup>30<\/sup>-kor kezd\u0151d\u0151 szentmis\u00e9t k\u00f6vet\u0151en Lackfi J\u00e1nos J\u00f3zsef Attila-d\u00edjas k\u00f6lt\u0151 \u201e<em>Mi\u00e9rt engedi Isten?<\/em>\u201d c\u00edm\u0171 el\u0151ad\u00e1s\u00e1t hallgathatjuk meg.<\/p>\n\n\n\n<figure class=\"wp-block-image size-full is-resized\"><a href=\"http:\/\/balatonkeresztur.plebania.hu\/wp-content\/uploads\/2024\/08\/Konyvbemutato.jpg\" target=\"_blank\" rel=\"noreferrer noopener\"><img loading=\"lazy\" decoding=\"async\" width=\"1414\" height=\"2000\" src=\"https:\/\/balatonkeresztur.plebania.hu\/wp-content\/uploads\/2024\/08\/Konyvbemutato.jpg\" alt=\"\" class=\"wp-image-1450\" style=\"width:361px;height:auto\" srcset=\"https:\/\/balatonkeresztur.plebania.hu\/wp-content\/uploads\/2024\/08\/Konyvbemutato.jpg 1414w, https:\/\/balatonkeresztur.plebania.hu\/wp-content\/uploads\/2024\/08\/Konyvbemutato-768x1086.jpg 768w, https:\/\/balatonkeresztur.plebania.hu\/wp-content\/uploads\/2024\/08\/Konyvbemutato-1086x1536.jpg 1086w, https:\/\/balatonkeresztur.plebania.hu\/wp-content\/uploads\/2024\/08\/Konyvbemutato-212x300.jpg 212w\" sizes=\"auto, (max-width: 1414px) 100vw, 1414px\" \/><\/a><\/figure>\n\n\n\n<!--more-->\n\n\n\n<p>Az el\u0151ad\u00e1s ut\u00e1n lehet\u0151s\u00e9g lesz k\u00f6nyvv\u00e1s\u00e1rl\u00e1sra, illetve dedik\u00e1l\u00e1sra is.<\/p>\n\n\n\n<p>Az esem\u00e9ny plak\u00e1tja inn\u00e9t let\u00f6lthet\u0151.<\/p>\n","protected":false},"excerpt":{"rendered":"<p>2024. augusztus 15-\u00e9n a balatonkereszt\u00fari pl\u00e9b\u00e1niatemplomban 930-kor kezd\u0151d\u0151 szentmis\u00e9t k\u00f6vet\u0151en Lackfi J\u00e1nos J\u00f3zsef Attila-d\u00edjas k\u00f6lt\u0151 \u201eMi\u00e9rt engedi Isten?\u201d c\u00edm\u0171 el\u0151ad\u00e1s\u00e1t hallgathatjuk meg.<\/p>\n","protected":false},"author":1,"featured_media":0,"comment_status":"closed","ping_status":"closed","sticky":false,"template":"","format":"standard","meta":{"footnotes":""},"categories":[1],"tags":[],"class_list":["post-1440","post","type-post","status-publish","format-standard","hentry","category-egyeb"],"_links":{"self":[{"href":"https:\/\/balatonkeresztur.plebania.hu\/index.php\/wp-json\/wp\/v2\/posts\/1440","targetHints":{"allow":["GET"]}}],"collection":[{"href":"https:\/\/balatonkeresztur.plebania.hu\/index.php\/wp-json\/wp\/v2\/posts"}],"about":[{"href":"https:\/\/balatonkeresztur.plebania.hu\/index.php\/wp-json\/wp\/v2\/types\/post"}],"author":[{"embeddable":true,"href":"https:\/\/balatonkeresztur.plebania.hu\/index.php\/wp-json\/wp\/v2\/users\/1"}],"replies":[{"embeddable":true,"href":"https:\/\/balatonkeresztur.plebania.hu\/index.php\/wp-json\/wp\/v2\/comments?post=1440"}],"version-history":[{"count":4,"href":"https:\/\/balatonkeresztur.plebania.hu\/index.php\/wp-json\/wp\/v2\/posts\/1440\/revisions"}],"predecessor-version":[{"id":1452,"href":"https:\/\/balatonkeresztur.plebania.hu\/index.php\/wp-json\/wp\/v2\/posts\/1440\/revisions\/1452"}],"wp:attachment":[{"href":"https:\/\/balatonkeresztur.plebania.hu\/index.php\/wp-json\/wp\/v2\/media?parent=1440"}],"wp:term":[{"taxonomy":"category","embeddable":true,"href":"https:\/\/balatonkeresztur.plebania.hu\/index.php\/wp-json\/wp\/v2\/categories?post=1440"},{"taxonomy":"post_tag","embeddable":true,"href":"https:\/\/balatonkeresztur.plebania.hu\/index.php\/wp-json\/wp\/v2\/tags?post=1440"}],"curies":[{"name":"wp","href":"https:\/\/api.w.org\/{rel}","templated":true}]}}