{"id":1433,"date":"2024-07-27T09:17:31","date_gmt":"2024-07-27T09:17:31","guid":{"rendered":"https:\/\/balatonkeresztur.plebania.hu\/?p=1433"},"modified":"2024-08-02T09:23:15","modified_gmt":"2024-08-02T09:23:15","slug":"ministransnap-3","status":"publish","type":"post","link":"https:\/\/balatonkeresztur.plebania.hu\/index.php\/2024\/07\/27\/ministransnap-3\/","title":{"rendered":"Ministr\u00e1nsnap"},"content":{"rendered":"\n<figure class=\"wp-block-image size-full is-resized\"><a href=\"https:\/\/photos.app.goo.gl\/82TCpFHCLEiFX4ep9\" target=\"_blank\" rel=\"noreferrer noopener\"><img loading=\"lazy\" decoding=\"async\" width=\"1001\" height=\"811\" src=\"https:\/\/balatonkeresztur.plebania.hu\/wp-content\/uploads\/2024\/08\/kep.png\" alt=\"\" class=\"wp-image-1437\" style=\"width:273px;height:auto\" srcset=\"https:\/\/balatonkeresztur.plebania.hu\/wp-content\/uploads\/2024\/08\/kep.png 1001w, https:\/\/balatonkeresztur.plebania.hu\/wp-content\/uploads\/2024\/08\/kep-768x622.png 768w, https:\/\/balatonkeresztur.plebania.hu\/wp-content\/uploads\/2024\/08\/kep-370x300.png 370w\" sizes=\"auto, (max-width: 1001px) 100vw, 1001px\" \/><\/a><\/figure>\n\n\n\n<p>2024. j\u00falius 26-\u00e1n tartottuk meg ministr\u00e1nsnapunkat imm\u00e1r m\u00e1sodik alkalommal. A napunk t\u00e9m\u00e1ja D\u00e1vid kir\u00e1ly \u00e9s a zsolt\u00e1rok voltak. Nagy \u00f6r\u00f6m volt sz\u00e1munkra, hogy az idei ministr\u00e1nsnapon m\u00e1r az \u00f3vod\u00e1s koroszt\u00e1ly is \u00fcgyesen r\u00e9szt vett.<\/p>\n\n\n\n<!--more-->\n\n\n\n<p>A ministr\u00e1nsnapot k\u00f6z\u00f6s \u00darangyala im\u00e1ds\u00e1ggal kezdt\u00fck el. A kezd\u0151k\u00f6r folyam\u00e1n hangulatjelekkel fejezt\u00fck ki, milyen \u00e9rz\u00e9sekkel \u00e9rkezt\u00fcnk meg \u00e9s a nap v\u00e9g\u00e9n, milyen \u00e9rz\u00e9sekkel szeretn\u00e9nk hazamenni. A kezd\u0151k\u00f6rben ,,j\u00e9gt\u00f6r\u0151, energetiz\u00e1l\u00f3\u201d j\u00e1t\u00e9kokkal hangol\u00f3dtunk a napra.<\/p>\n\n\n\n<p>A t\u00e9m\u00e1ra val\u00f3 r\u00e1hangol\u00f3d\u00e1s sor\u00e1n a k\u00f6vetkez\u0151 k\u00e9rd\u00e9sekre kerest\u00fcnk v\u00e1laszt: Ti milyennek k\u00e9pzeltek egy kir\u00e1lyt? Hogyan kezden\u00e9tek hozz\u00e1 a keres\u00e9s\u00e9hez? Milyen tulajdons\u00e1gokkal kell rendelkeznie ahhoz, hogy j\u00f3 kir\u00e1ly lehessen? Szerintetek Isten sz\u00e1m\u00e1ra a k\u00fcls\u0151 vagy a bels\u0151 tulajdons\u00e1gok fontosabbak? Mi\u00e9rt?<\/p>\n\n\n\n<p>A d\u00e9lel\u0151tt sor\u00e1n egy t\u00f6rt\u00e9netet hallottunk a Szent\u00edr\u00e1sb\u00f3l, hogyan lett D\u00e1vid, a p\u00e1sztor Izrael nagy kir\u00e1lya, hogyan v\u00e1lasztotta ki Isten D\u00e1vidot, hogyan kente fel S\u00e1muel pr\u00f3f\u00e9ta kir\u00e1lly\u00e1. A t\u00f6rt\u00e9net meghallgat\u00e1sa ut\u00e1n a t\u00e9m\u00e1val kapcsolatban j\u00e1t\u00e9kos feladatokat oldottunk meg egy\u00e9nileg \u00e9s k\u00f6z\u00f6sen.<\/p>\n\n\n\n<p>A feladatok k\u00f6z\u00f6tti t\u00edz\u00f3rai sz\u00fcnetben minden r\u00e9sztvev\u0151 bevon\u00e1s\u00e1val egy nagy gy\u00fcm\u00f6lcssal\u00e1t\u00e1t k\u00e9sz\u00edtett\u00fcnk, melyet j\u00f3 \u00e9tv\u00e1ggyal nagyon hamar el is fogyasztottunk.<\/p>\n\n\n\n<p>Ezut\u00e1n mindenki elk\u00e9sz\u00edtette mag\u00e1nak a saj\u00e1t sz\u00edvmakettj\u00e9t is. A sz\u00edvmakettre mindannyian r\u00e1\u00edrtuk a j\u00f3 tulajdons\u00e1gainkat, valamint azt, hogy miben vagyunk nagyon \u00fcgyesek. A sz\u00edvmakett mott\u00f3ja a k\u00f6vetkez\u0151 volt: ,,<em>Az ember azt n\u00e9zi, ami a szeme el\u0151tt van, de az \u00dar azt n\u00e9zi, ami a sz\u00edvben van.\u201d <\/em>(1S\u00e1m, 16,7)<\/p>\n\n\n\n<p>K\u00f6z\u00f6sen elment\u00fcnk eb\u00e9delni \u00e9s megtanultuk, hogyan kell \u00e9tkez\u00e9s el\u0151tt, valamint \u00e9tkez\u00e9s ut\u00e1n im\u00e1dkozni.<\/p>\n\n\n\n<p>A d\u00e9lut\u00e1n folyam\u00e1n egy nagyszer\u0171en fel\u00e9p\u00edtett zeneter\u00e1pi\u00e1s foglalkoz\u00e1son vehett\u00fcnk r\u00e9szt, ahol hangszerekkel j\u00e1t\u00e9kosan v\u00e9gezt\u00fcnk ritmusgyakorlatokat, t\u00e1ncoltunk, majd zenehallgat\u00e1s k\u00f6zben rajzoltunk.<\/p>\n\n\n\n<p>K\u00e9s\u0151bb egy kisebb el\u0151ad\u00e1st hallhattunk a zsolt\u00e1rokr\u00f3l. A Szent\u00edr\u00e1sban megkerest\u00fck, majd elim\u00e1dkoztuk a 23. zsolt\u00e1rt: ,,<em>Az \u00dar az \u00e9n p\u00e1sztorom, nem szenvedek hi\u00e1nyt, z\u00f6ldell\u0151 r\u00e9teken legeltet. A nyugalom viz\u00e9hez terel \u00e9s fel\u00fcd\u00edti lelkemet.\u201d <\/em>(Zsolt 23,1-3) Az el\u0151ad\u00e1s ideje alatt az \u00f3vod\u00e1s korcsoport k\u00e9zm\u0171veskedett, hangszereket k\u00e9sz\u00edtettek egyszer\u0171 anyagokb\u00f3l.<\/p>\n\n\n\n<p>A nap v\u00e9g\u00e9n a z\u00e1r\u00f3k\u00f6rben mindenki elmondhatta, hogyan \u00e9rezte mag\u00e1t a ministr\u00e1nsnapon: Mi\u00e9rt adjunk h\u00e1l\u00e1t \u00e9s mit szeretn\u00e9nk megk\u00f6sz\u00f6nni Istennek? Minden r\u00e9sztvev\u0151 kapott egy csillagsz\u00f3r\u00f3t, melyet beletett\u00fcnk a k\u00f6z\u00f6s cser\u00e9ped\u00e9ny\u00fcnkbe \u00e9s a b\u00facs\u00faz\u00e1s jelek\u00e9nt meggy\u00fajtottuk csillagsz\u00f3r\u00f3inkat.<\/p>\n\n\n\n<p>A ministr\u00e1nsnapot az aznapi szentmise z\u00e1rta le, ahol git\u00e1ros \u00e9nekeket \u00e9nekelt\u00fcnk meghitt\u00e9 \u00e9s \u00fcnnepibb\u00e9 t\u00e9ve a szentmis\u00e9t.<\/p>\n\n\n\n<figure class=\"wp-block-image size-full is-resized\"><a href=\"https:\/\/photos.app.goo.gl\/82TCpFHCLEiFX4ep9\" target=\"_blank\" rel=\"noreferrer noopener\"><img loading=\"lazy\" decoding=\"async\" width=\"1001\" height=\"811\" src=\"https:\/\/balatonkeresztur.plebania.hu\/wp-content\/uploads\/2024\/08\/nyito.jpg\" alt=\"\" class=\"wp-image-1434\" style=\"width:582px;height:auto\" srcset=\"https:\/\/balatonkeresztur.plebania.hu\/wp-content\/uploads\/2024\/08\/nyito.jpg 1001w, https:\/\/balatonkeresztur.plebania.hu\/wp-content\/uploads\/2024\/08\/nyito-768x622.jpg 768w, https:\/\/balatonkeresztur.plebania.hu\/wp-content\/uploads\/2024\/08\/nyito-370x300.jpg 370w\" sizes=\"auto, (max-width: 1001px) 100vw, 1001px\" \/><\/a><\/figure>\n\n\n\n<p>a k\u00e9pre kattintva t\u00f6bb k\u00e9pet is l\u00e1thatunk<\/p>\n","protected":false},"excerpt":{"rendered":"<p>2024. j\u00falius 26-\u00e1n tartottuk meg ministr\u00e1nsnapunkat imm\u00e1r m\u00e1sodik alkalommal. A napunk t\u00e9m\u00e1ja D\u00e1vid kir\u00e1ly \u00e9s a zsolt\u00e1rok voltak. Nagy \u00f6r\u00f6m volt sz\u00e1munkra, hogy az idei ministr\u00e1nsnapon m\u00e1r az \u00f3vod\u00e1s koroszt\u00e1ly is \u00fcgyesen r\u00e9szt vett.<\/p>\n","protected":false},"author":1,"featured_media":0,"comment_status":"closed","ping_status":"open","sticky":false,"template":"","format":"standard","meta":{"footnotes":""},"categories":[1],"tags":[],"class_list":["post-1433","post","type-post","status-publish","format-standard","hentry","category-egyeb"],"_links":{"self":[{"href":"https:\/\/balatonkeresztur.plebania.hu\/index.php\/wp-json\/wp\/v2\/posts\/1433","targetHints":{"allow":["GET"]}}],"collection":[{"href":"https:\/\/balatonkeresztur.plebania.hu\/index.php\/wp-json\/wp\/v2\/posts"}],"about":[{"href":"https:\/\/balatonkeresztur.plebania.hu\/index.php\/wp-json\/wp\/v2\/types\/post"}],"author":[{"embeddable":true,"href":"https:\/\/balatonkeresztur.plebania.hu\/index.php\/wp-json\/wp\/v2\/users\/1"}],"replies":[{"embeddable":true,"href":"https:\/\/balatonkeresztur.plebania.hu\/index.php\/wp-json\/wp\/v2\/comments?post=1433"}],"version-history":[{"count":4,"href":"https:\/\/balatonkeresztur.plebania.hu\/index.php\/wp-json\/wp\/v2\/posts\/1433\/revisions"}],"predecessor-version":[{"id":1439,"href":"https:\/\/balatonkeresztur.plebania.hu\/index.php\/wp-json\/wp\/v2\/posts\/1433\/revisions\/1439"}],"wp:attachment":[{"href":"https:\/\/balatonkeresztur.plebania.hu\/index.php\/wp-json\/wp\/v2\/media?parent=1433"}],"wp:term":[{"taxonomy":"category","embeddable":true,"href":"https:\/\/balatonkeresztur.plebania.hu\/index.php\/wp-json\/wp\/v2\/categories?post=1433"},{"taxonomy":"post_tag","embeddable":true,"href":"https:\/\/balatonkeresztur.plebania.hu\/index.php\/wp-json\/wp\/v2\/tags?post=1433"}],"curies":[{"name":"wp","href":"https:\/\/api.w.org\/{rel}","templated":true}]}}