{"id":1429,"date":"2024-07-28T02:26:15","date_gmt":"2024-07-28T02:26:15","guid":{"rendered":"https:\/\/balatonkeresztur.plebania.hu\/?p=1429"},"modified":"2024-07-27T19:28:11","modified_gmt":"2024-07-27T19:28:11","slug":"a-nagyszulok-es-idosek-negyedik-vilagnapjara","status":"publish","type":"post","link":"https:\/\/balatonkeresztur.plebania.hu\/index.php\/2024\/07\/28\/a-nagyszulok-es-idosek-negyedik-vilagnapjara\/","title":{"rendered":"A nagysz\u00fcl\u0151k \u00e9s id\u0151sek negyedik vil\u00e1gnapj\u00e1ra"},"content":{"rendered":"\n<p> <\/p>\n\n\n\n<figure class=\"wp-block-image size-full is-resized\"><img loading=\"lazy\" decoding=\"async\" width=\"281\" height=\"211\" src=\"https:\/\/balatonkeresztur.plebania.hu\/wp-content\/uploads\/2024\/07\/kep.png\" alt=\"\" class=\"wp-image-1430\" style=\"width:557px;height:auto\"\/><\/figure>\n\n\n\n<!--more-->\n\n\n\n<p class=\"has-text-align-center\"><strong>Garai G\u00e1bor:<\/strong> <strong>J\u00f3kedvet adj<\/strong><\/p>\n\n\n\n<p class=\"has-text-align-center\">J\u00f3kedvet adj, \u00e9s semmi m\u00e1st, Uram!<br>A t\u00f6bbivel megbirk\u00f3zom magam.<br>Akkor a t\u00f6bbi nem is \u00e9rdekel,<br>szerencse, balsors, kudarc vagy siker.<br>Hadd mosolyogjak gondon \u00e9s bajon,<br>nem kell m\u00e1s, csak ez az egy oltalom,<br>m\u00e9g mag\u00e1nyom kiv\u00e1lts\u00e1ga se kell,<br>sorsot cser\u00e9lek, b\u00e1rhol, b\u00e1rkivel,<br>ha j\u00f3kedvemb\u0151l, \u00f6nk\u00e9nt tehetem;<br>s f\u00f6lszabad\u00edt \u00fajra a fegyelem,<br>ha \u00e9rtelm\u00e9t tudom \u00e9s v\u00e1llalom,<br>s nem p\u00e1nc\u00e9lzat, de sz\u00e1rny a v\u00e1llamon.<br>S hogy a holnap se legyen csupa gond,<br>de kezd\u0151d\u0151 \u00e9s folytat\u00f3d\u00f3 bolond<br>kaland, mi egyszer v\u00e9get \u00e9r ugyan \u2013<br>ahhoz is csak j\u00f3kedvet adj, Uram.<\/p>\n\n\n\n<p><a href=\"https:\/\/www.magyarkurir.hu\/hirek\/ferenc-papa-uzenete-nagyszulok-es-idosek-negyedik-vilagnapjara\" target=\"_blank\" rel=\"noreferrer noopener\">Ferenc p\u00e1pa \u00fczenete itt olvashat\u00f3<\/a><\/p>\n","protected":false},"excerpt":{"rendered":"","protected":false},"author":1,"featured_media":0,"comment_status":"closed","ping_status":"open","sticky":false,"template":"","format":"standard","meta":{"footnotes":""},"categories":[1],"tags":[],"class_list":["post-1429","post","type-post","status-publish","format-standard","hentry","category-egyeb"],"_links":{"self":[{"href":"https:\/\/balatonkeresztur.plebania.hu\/index.php\/wp-json\/wp\/v2\/posts\/1429","targetHints":{"allow":["GET"]}}],"collection":[{"href":"https:\/\/balatonkeresztur.plebania.hu\/index.php\/wp-json\/wp\/v2\/posts"}],"about":[{"href":"https:\/\/balatonkeresztur.plebania.hu\/index.php\/wp-json\/wp\/v2\/types\/post"}],"author":[{"embeddable":true,"href":"https:\/\/balatonkeresztur.plebania.hu\/index.php\/wp-json\/wp\/v2\/users\/1"}],"replies":[{"embeddable":true,"href":"https:\/\/balatonkeresztur.plebania.hu\/index.php\/wp-json\/wp\/v2\/comments?post=1429"}],"version-history":[{"count":2,"href":"https:\/\/balatonkeresztur.plebania.hu\/index.php\/wp-json\/wp\/v2\/posts\/1429\/revisions"}],"predecessor-version":[{"id":1432,"href":"https:\/\/balatonkeresztur.plebania.hu\/index.php\/wp-json\/wp\/v2\/posts\/1429\/revisions\/1432"}],"wp:attachment":[{"href":"https:\/\/balatonkeresztur.plebania.hu\/index.php\/wp-json\/wp\/v2\/media?parent=1429"}],"wp:term":[{"taxonomy":"category","embeddable":true,"href":"https:\/\/balatonkeresztur.plebania.hu\/index.php\/wp-json\/wp\/v2\/categories?post=1429"},{"taxonomy":"post_tag","embeddable":true,"href":"https:\/\/balatonkeresztur.plebania.hu\/index.php\/wp-json\/wp\/v2\/tags?post=1429"}],"curies":[{"name":"wp","href":"https:\/\/api.w.org\/{rel}","templated":true}]}}