{"id":1426,"date":"2024-07-06T14:46:23","date_gmt":"2024-07-06T14:46:23","guid":{"rendered":"https:\/\/balatonkeresztur.plebania.hu\/?p=1426"},"modified":"2024-07-06T14:46:23","modified_gmt":"2024-07-06T14:46:23","slug":"maltai-nap-maltai-oltarnal","status":"publish","type":"post","link":"https:\/\/balatonkeresztur.plebania.hu\/index.php\/2024\/07\/06\/maltai-nap-maltai-oltarnal\/","title":{"rendered":"M\u00c1LTAI NAP \u2013 M\u00c1LTAI OLT\u00c1RN\u00c1L"},"content":{"rendered":"\n<p>A M\u00e1ltai Szeretetszolg\u00e1lat keszthelyi csoportja 2024. j\u00fanius 30-\u00e1n (vas\u00e1rnap) Gyenesdi\u00e1son, a Nagymez\u0151n region\u00e1lis M\u00e1ltai Napot tartott.\u00a0 Templomunk k\u00f3rusa erre az \u00fcnneps\u00e9gre megh\u00edv\u00e1st kapott, melyet sz\u00edvesen fogadtunk. M\u00e1r meg\u00e9rkez\u00e9s\u00fcnkkor szeretetvend\u00e9gs\u00e9ggel v\u00e1rtak benn\u00fcnket.<\/p>\n\n\n\n<!--more-->\n\n\n\n<p>2011-ben fel\u00e1ll\u00edtott, k\u0151b\u0151l k\u00e9sz\u00fclt, csod\u00e1latos M\u00e1ltai-olt\u00e1rn\u00e1l a szabadt\u00e9ri szentmis\u00e9t a keszthelyi csoport lelki vezet\u0151je, T\u00e1l Zolt\u00e1n keszthelyi pl\u00e9b\u00e1nos atya celebr\u00e1lta Vincze Tibor diak\u00f3nussal egy\u00fctt, a zenei szolg\u00e1latot k\u00f3rusunk adta. A szentmise keret\u00e9ben \u00faj \u00f6nk\u00e9ntes tagok tettek \u00edg\u00e9retet.&nbsp;<\/p>\n\n\n\n<p>A szertart\u00e1st agap\u00e9 k\u00f6vette. Bogr\u00e1csban k\u00e9sz\u00fclt finom pincep\u00f6rk\u00f6lt elfogyaszt\u00e1sa k\u00f6zben N\u00e9meth Lajos harmonikam\u0171v\u00e9sz tette vid\u00e1m dallamokkal hangulatoss\u00e1 a d\u00e9lut\u00e1nt.<\/p>\n\n\n\n<p>H\u00e1la \u00e9s k\u00f6sz\u00f6net a J\u00f3istennek, hogy err\u0151l a sz\u00e9p k\u00f6z\u00f6ss\u00e9gi egy\u00fcttl\u00e9tr\u0151l testi-lelki \u00e9lm\u00e9nyekkel gazdagodva t\u00e9rt\u00fcnk haza.<\/p>\n\n\n\n<p class=\"has-text-align-center\">Balatonkereszt\u00fari Szent Kereszt Felmagasztal\u00e1sa<br>\u00e9nekkar tagjai<\/p>\n","protected":false},"excerpt":{"rendered":"<p>A M\u00e1ltai Szeretetszolg\u00e1lat keszthelyi csoportja 2024. j\u00fanius 30-\u00e1n (vas\u00e1rnap) Gyenesdi\u00e1son, a Nagymez\u0151n region\u00e1lis M\u00e1ltai Napot tartott.\u00a0 Templomunk k\u00f3rusa erre az \u00fcnneps\u00e9gre megh\u00edv\u00e1st kapott, melyet sz\u00edvesen fogadtunk. M\u00e1r meg\u00e9rkez\u00e9s\u00fcnkkor szeretetvend\u00e9gs\u00e9ggel v\u00e1rtak benn\u00fcnket.<\/p>\n","protected":false},"author":1,"featured_media":0,"comment_status":"closed","ping_status":"open","sticky":false,"template":"","format":"standard","meta":{"footnotes":""},"categories":[1],"tags":[],"class_list":["post-1426","post","type-post","status-publish","format-standard","hentry","category-egyeb"],"_links":{"self":[{"href":"https:\/\/balatonkeresztur.plebania.hu\/index.php\/wp-json\/wp\/v2\/posts\/1426","targetHints":{"allow":["GET"]}}],"collection":[{"href":"https:\/\/balatonkeresztur.plebania.hu\/index.php\/wp-json\/wp\/v2\/posts"}],"about":[{"href":"https:\/\/balatonkeresztur.plebania.hu\/index.php\/wp-json\/wp\/v2\/types\/post"}],"author":[{"embeddable":true,"href":"https:\/\/balatonkeresztur.plebania.hu\/index.php\/wp-json\/wp\/v2\/users\/1"}],"replies":[{"embeddable":true,"href":"https:\/\/balatonkeresztur.plebania.hu\/index.php\/wp-json\/wp\/v2\/comments?post=1426"}],"version-history":[{"count":1,"href":"https:\/\/balatonkeresztur.plebania.hu\/index.php\/wp-json\/wp\/v2\/posts\/1426\/revisions"}],"predecessor-version":[{"id":1427,"href":"https:\/\/balatonkeresztur.plebania.hu\/index.php\/wp-json\/wp\/v2\/posts\/1426\/revisions\/1427"}],"wp:attachment":[{"href":"https:\/\/balatonkeresztur.plebania.hu\/index.php\/wp-json\/wp\/v2\/media?parent=1426"}],"wp:term":[{"taxonomy":"category","embeddable":true,"href":"https:\/\/balatonkeresztur.plebania.hu\/index.php\/wp-json\/wp\/v2\/categories?post=1426"},{"taxonomy":"post_tag","embeddable":true,"href":"https:\/\/balatonkeresztur.plebania.hu\/index.php\/wp-json\/wp\/v2\/tags?post=1426"}],"curies":[{"name":"wp","href":"https:\/\/api.w.org\/{rel}","templated":true}]}}