{"id":142,"date":"2018-11-12T16:40:57","date_gmt":"2018-11-12T16:40:57","guid":{"rendered":"http:\/\/balatonkeresztur.plebania.hu\/?p=142"},"modified":"2018-12-25T18:05:50","modified_gmt":"2018-12-25T18:05:50","slug":"adventi-estek","status":"publish","type":"post","link":"https:\/\/balatonkeresztur.plebania.hu\/index.php\/2018\/11\/12\/adventi-estek\/","title":{"rendered":"Adventi Est\u00e9k"},"content":{"rendered":"<p>Advent vas\u00e1rnapjain 16 \u00f3r\u00e1t\u00f3l hangversenyek lesznek templomunkban. <!--more--><\/p>\n<p>ADVENT 1. VAS\u00c1RNAPJA<br \/>\nVocapella<br \/>\nP\u00e9cs<br \/>\nVez\u00e9nyel: Nov\u00e1k-Szab\u00f3 L\u00edvia<\/p>\n<p>ADVENT 2. VAS\u00c1RNAPJA<br \/>\nSonoro Duo<br \/>\nKaposv\u00e1r<br \/>\nSzili Zolt\u00e1n orgonam\u0171v\u00e9sz \u00e9s Bog\u00e1thy G\u00e1bor trombita m\u0171v\u00e9sz<\/p>\n<p>ADVENT 3. VAS\u00c1RNAPJA<br \/>\nNagykanizsai Piarista Gimn\u00e1zium K\u00f3rusai<br \/>\nVez\u00e9nyel:<br \/>\nR\u00e1cz Andr\u00e1sn\u00e9<\/p>\n<p>ADVENT 4. VAS\u00c1RNAPJA<br \/>\nB\u00e1rdos Lajos N\u0151i Kar<br \/>\nVez\u00e9nyel:<br \/>\nTengerdi Gy\u0151z\u0151<\/p>\n<p>Plak\u00e1t let\u00f6lthet\u0151 <a href=\"http:\/\/balatonkeresztur.plebania.hu\/wp-content\/uploads\/2018\/11\/adventi-est\u00e9k-koncertsorozat.pdf\" target=\"_blank\" rel=\"noopener\">itt<\/a><\/p>\n","protected":false},"excerpt":{"rendered":"<p>Advent vas\u00e1rnapjain 16 \u00f3r\u00e1t\u00f3l hangversenyek lesznek templomunkban.<\/p>\n","protected":false},"author":1,"featured_media":0,"comment_status":"closed","ping_status":"open","sticky":false,"template":"","format":"standard","meta":{"footnotes":""},"categories":[1],"tags":[],"class_list":["post-142","post","type-post","status-publish","format-standard","hentry","category-egyeb"],"_links":{"self":[{"href":"https:\/\/balatonkeresztur.plebania.hu\/index.php\/wp-json\/wp\/v2\/posts\/142","targetHints":{"allow":["GET"]}}],"collection":[{"href":"https:\/\/balatonkeresztur.plebania.hu\/index.php\/wp-json\/wp\/v2\/posts"}],"about":[{"href":"https:\/\/balatonkeresztur.plebania.hu\/index.php\/wp-json\/wp\/v2\/types\/post"}],"author":[{"embeddable":true,"href":"https:\/\/balatonkeresztur.plebania.hu\/index.php\/wp-json\/wp\/v2\/users\/1"}],"replies":[{"embeddable":true,"href":"https:\/\/balatonkeresztur.plebania.hu\/index.php\/wp-json\/wp\/v2\/comments?post=142"}],"version-history":[{"count":4,"href":"https:\/\/balatonkeresztur.plebania.hu\/index.php\/wp-json\/wp\/v2\/posts\/142\/revisions"}],"predecessor-version":[{"id":149,"href":"https:\/\/balatonkeresztur.plebania.hu\/index.php\/wp-json\/wp\/v2\/posts\/142\/revisions\/149"}],"wp:attachment":[{"href":"https:\/\/balatonkeresztur.plebania.hu\/index.php\/wp-json\/wp\/v2\/media?parent=142"}],"wp:term":[{"taxonomy":"category","embeddable":true,"href":"https:\/\/balatonkeresztur.plebania.hu\/index.php\/wp-json\/wp\/v2\/categories?post=142"},{"taxonomy":"post_tag","embeddable":true,"href":"https:\/\/balatonkeresztur.plebania.hu\/index.php\/wp-json\/wp\/v2\/tags?post=142"}],"curies":[{"name":"wp","href":"https:\/\/api.w.org\/{rel}","templated":true}]}}